{"id":646654,"date":"2026-07-07T20:44:17","date_gmt":"2026-07-07T20:44:17","guid":{"rendered":"https:\/\/www.europesays.com\/es\/646654\/"},"modified":"2026-07-07T20:44:17","modified_gmt":"2026-07-07T20:44:17","slug":"identifican-un-nuevo-subtipo-de-esofagitis-eosinofilica","status":"publish","type":"post","link":"https:\/\/www.europesays.com\/es\/646654\/","title":{"rendered":"Identifican un nuevo subtipo de esofagitis eosinof\u00edlica"},"content":{"rendered":"<p>Investigadores del Hospital Infantil\u00a0Ann\u00a0&amp; Robert H. Lurie de Chicago (EEUU) han logrado identificar un subtipo de\u00a0esofagitis eosinof\u00edlica (EoE). La EoE est\u00e1 considerada un trastorno inflamatorio al\u00e9rgico cr\u00f3nico por el cual el es\u00f3fago se estrecha, dificultando el paso adecuado de los alimentos.En pacientes con esofagitis eosinof\u00edlica, los s\u00edntomas auton\u00f3micos aumentan con &#8230;            &#13;\n        <\/p>\n<p> &#13;<br \/>\n&#13;<br \/>\n&#13;<\/p>\n<p>Investigadores del Hospital Infantil\u00a0Ann\u00a0&amp; Robert H. Lurie de Chicago (EEUU) han logrado identificar un subtipo de\u00a0esofagitis eosinof\u00edlica (EoE). La EoE est\u00e1 considerada un trastorno inflamatorio al\u00e9rgico cr\u00f3nico por el cual el es\u00f3fago se estrecha, dificultando el paso adecuado de los alimentos.<\/p>\n<p>En pacientes con esofagitis eosinof\u00edlica, los s\u00edntomas auton\u00f3micos aumentan con la actividad de la enfermedad y la hipermovilidad, lo que subraya la necesidad de que el m\u00e9dico realice un cribado para orientar el tratamiento.\u00a0La combinaci\u00f3n de s\u00edntomas gastrointestinales, musculoesquel\u00e9ticos y auton\u00f3micos se asoci\u00f3 con una calidad de vida significativamente peor que la esofagitis eosinof\u00edlica sola.<\/p>\n<p>El estudio prospectivo incluy\u00f3 a 80 pacientes con esofagitis eosinof\u00edlica (EoE), de entre 2 y 21 a\u00f1os de edad, que se sometieron a esofagogastroduodenoscopia en el Hospital Infantil Lurie entre enero de 2021 y marzo de 2024<\/p>\n<p>En concreto, estos investigadores descubrieron que, aproximadamente, el 25 % de los ni\u00f1os con EoE presentan hipermovilidad articular, lo que significa que sus articulaciones pueden doblarse m\u00e1s all\u00e1 del rango normal de movimiento. Estos pacientes tambi\u00e9n suelen experimentar s\u00edntomas auton\u00f3micos, siendo el m\u00e1s com\u00fan el mareo cr\u00f3nico al ponerse de pie.\u00a0Los pacientes a menudo no mencionan los mareos por iniciativa propia, ya que pueden no prestar mucha atenci\u00f3n a episodios breves. Pero s\u00ed pueden mencionar el dolor de cabeza que suele aparecer despu\u00e9s.<\/p>\n<p> &#13;<br \/>\n&#13;<\/p>\n<p>\u00abCon el reconocimiento de este subtipo de enfermedad, los m\u00e9dicos deben examinar de forma rutinaria a los ni\u00f1os con EoE para detectar hipermovilidad y mareos cr\u00f3nicos, ya que contamos con tratamientos sencillos para estos s\u00edntomas que pueden marcar una gran diferencia en la calidad de vida de estos ni\u00f1os\u00bb, afirm\u00f3 el autor principal, el Dr.\u00a0Joshua Wechsler, director m\u00e9dico del Programa de Enfermedades Gastrointestinales Eosinof\u00edlicas del Hospital Infantil Lurie y profesor adjunto de Pediatr\u00eda y Medicina en la Facultad de Medicina Feinberg de la Universidad Northwestern.\u00a0\u00abPor lo tanto, si surge un dolor de cabeza cr\u00f3nico, los m\u00e9dicos deben preguntar espec\u00edficamente si los mareos lo desencadenaron. Es importante que los pacientes con esofagitis eosinof\u00edlica hablen con su m\u00e9dico sobre estos s\u00edntomas no gastrointestinales\u00bb, agreg\u00f3.<\/p>\n<p>En el estudio, los pacientes con esofagitis eosinof\u00edlica (EoE) completaron encuestas validadas sobre sus s\u00edntomas y calidad de vida. Tanto la EoE activa como la hipermovilidad se asociaron con s\u00edntomas auton\u00f3micos. El mareo al ponerse de pie fue m\u00e1s frecuente en ni\u00f1as con EoE.<\/p>\n<p>Asimismo, se examin\u00f3 el recuento de mastocitos g\u00e1stricos y duodenales, que se ha propuesto como un posible v\u00ednculo entre la hipermovilidad, la disautonom\u00eda y los s\u00edntomas gastrointestinales en otras afecciones, aunque su relevancia espec\u00edfica para este subgrupo de EoE sigue sin estar clara.<\/p>\n<p>\u00abEsperamos que las asociaciones que encontramos entre la esofagitis eosinof\u00edlica (EoE), la hipermovilidad y la disfunci\u00f3n auton\u00f3mica impulsen m\u00e1s investigaciones y potencialmente ofrezcan nuevas pistas sobre c\u00f3mo se desarrolla la EoE\u00bb, indic\u00f3, al respecto, el Dr. Wechsler. \u00abA\u00fan no sabemos si estas asociaciones se dan solo con la EoE o tambi\u00e9n con otras enfermedades inflamatorias. Nuestros hallazgos abren la puerta a interesantes l\u00edneas de investigaci\u00f3n\u00bb, concluy\u00f3 dicho investigador.<\/p>\n","protected":false},"excerpt":{"rendered":"Investigadores del Hospital Infantil\u00a0Ann\u00a0&amp; Robert H. Lurie de Chicago (EEUU) han logrado identificar un subtipo de\u00a0esofagitis eosinof\u00edlica (EoE).&hellip;\n","protected":false},"author":2,"featured_media":646655,"comment_status":"","ping_status":"","sticky":false,"template":"","format":"standard","meta":{"footnotes":""},"categories":[92],"tags":[5340,56234,114989,117043,29148,29186,5293,89088,954,11106,74644,2996,37469,25,118901,83734,24,165,118904,10289,118903,32160,118905,31,90727,2932,524,118902,3276,7300,2782,27691,789,52572,166,6625,23,81885,17838,6593],"class_list":["post-646654","post","type-post","status-publish","format-standard","has-post-thumbnail","category-salud","tag-alimentos","tag-antigenos","tag-aproximadamente","tag-articular","tag-cada","tag-causar","tag-cronica","tag-cronicos","tag-cuatro","tag-dicha","tag-disfagia","tag-enfermedad","tag-eosinofilica","tag-es","tag-esofagitis","tag-esofago","tag-espana","tag-health","tag-hipermovilidad","tag-identifican","tag-impactacion","tag-inflamatoria","tag-mareos","tag-mayor","tag-mediada","tag-ninos","tag-nuevo","tag-odinofagia","tag-otros","tag-patologia","tag-presenta","tag-probabilidad","tag-puede","tag-reportar","tag-salud","tag-sintomas","tag-spain","tag-subtipo","tag-tambien","tag-tipo"],"share_on_mastodon":{"url":"https:\/\/pubeurope.com\/@es\/116880648775198993","error":""},"_links":{"self":[{"href":"https:\/\/www.europesays.com\/es\/wp-json\/wp\/v2\/posts\/646654","targetHints":{"allow":["GET"]}}],"collection":[{"href":"https:\/\/www.europesays.com\/es\/wp-json\/wp\/v2\/posts"}],"about":[{"href":"https:\/\/www.europesays.com\/es\/wp-json\/wp\/v2\/types\/post"}],"author":[{"embeddable":true,"href":"https:\/\/www.europesays.com\/es\/wp-json\/wp\/v2\/users\/2"}],"replies":[{"embeddable":true,"href":"https:\/\/www.europesays.com\/es\/wp-json\/wp\/v2\/comments?post=646654"}],"version-history":[{"count":0,"href":"https:\/\/www.europesays.com\/es\/wp-json\/wp\/v2\/posts\/646654\/revisions"}],"wp:featuredmedia":[{"embeddable":true,"href":"https:\/\/www.europesays.com\/es\/wp-json\/wp\/v2\/media\/646655"}],"wp:attachment":[{"href":"https:\/\/www.europesays.com\/es\/wp-json\/wp\/v2\/media?parent=646654"}],"wp:term":[{"taxonomy":"category","embeddable":true,"href":"https:\/\/www.europesays.com\/es\/wp-json\/wp\/v2\/categories?post=646654"},{"taxonomy":"post_tag","embeddable":true,"href":"https:\/\/www.europesays.com\/es\/wp-json\/wp\/v2\/tags?post=646654"}],"curies":[{"name":"wp","href":"https:\/\/api.w.org\/{rel}","templated":true}]}}