{"id":646683,"date":"2026-07-07T21:08:20","date_gmt":"2026-07-07T21:08:20","guid":{"rendered":"https:\/\/www.europesays.com\/es\/646683\/"},"modified":"2026-07-07T21:08:20","modified_gmt":"2026-07-07T21:08:20","slug":"buscan-un-patron-proteico-que-pueda-proporcionar-pistas-sobre-la-activacion-de-la-psoriasis","status":"publish","type":"post","link":"https:\/\/www.europesays.com\/es\/646683\/","title":{"rendered":"Buscan un patr\u00f3n proteico que pueda proporcionar pistas sobre la activaci\u00f3n de la psoriasis"},"content":{"rendered":"<p>La psoriasis est\u00e1 considerada una enfermedad inflamatoria cr\u00f3nica en la que las c\u00e9lulas T del sistema inmunitario, cuya funci\u00f3n es reconocer sustancias nocivas e invasores como virus y bacterias,\u00a0 se vuelven hiperactivas y liberan sustancias se\u00f1alizadoras que hacen que las c\u00e9lulas de la piel crezcan m\u00e1s r\u00e1pido de lo normal. &#8230;            &#13;\n        <\/p>\n<p> &#13;<br \/>\n&#13;<br \/>\n&#13;<\/p>\n<p>La psoriasis est\u00e1 considerada una enfermedad inflamatoria cr\u00f3nica en la que las c\u00e9lulas T del sistema inmunitario, cuya funci\u00f3n es reconocer sustancias nocivas e invasores como virus y bacterias,\u00a0 se vuelven hiperactivas y liberan sustancias se\u00f1alizadoras que hacen que las c\u00e9lulas de la piel crezcan m\u00e1s r\u00e1pido de lo normal. Al mismo tiempo, las c\u00e9lulas Treg, los reguladores del sistema inmunitario, funcionan mal y no pueden ralentizar la respuesta inmunitaria como deber\u00edan. Esto provoca enrojecimiento, descamaci\u00f3n e inflamaci\u00f3n de la piel.<\/p>\n<p>Las placas de psoriasis suelen volver al mismo lugar de la piel donde la enfermedad apareci\u00f3 anteriormente. Existe una memoria inmunol\u00f3gica en las c\u00e9lulas T, y las c\u00e9lulas circundantes tienden a volver a las antiguas y bien desgastadas \u00abrutas gen\u00e9ticas\u00bb de la psoriasis.<\/p>\n<p>Desde la Universidad de Lund y el Hospital Universitario de Sk\u00e5ne (Suecia) el equipo investigador liderado por Albert Duvetorp, consultor s\u00e9nior en dermatolog\u00eda e investigador, estudia los factores desencadenantes de la psoriasis, centr\u00e1ndose en el fen\u00f3meno &#8216;Koebner&#8217;, mediante el cual el 40% de todos los pacientes afirman haber desarrollado psoriasis en relaci\u00f3n con una lesi\u00f3n cut\u00e1nea, por ejemplo, cortes, ara\u00f1azos o quemaduras, entre otros.<\/p>\n<p>\u00abNuestro objetivo es encontrar un patr\u00f3n de prote\u00edna para la psoriasis que pueda proporcionar pistas sobre c\u00f3mo se activa la enfermedad por diferentes desencadenantes como infecciones, estaciones o estr\u00e9s. Si podemos identificar biomarcadores, ese conocimiento podr\u00eda usarse para personalizar el tratamiento. Dado que la psoriasis suele variar con el tiempo, los biomarcadores podr\u00edan permitir iniciar el tratamiento justo antes de que un paciente experimente un brote\u00bb, explic\u00f3 el prof.\u00a0Duvetorp.<\/p>\n<p> &#13;<br \/>\n&#13;<br \/>\n&#13;<\/p>\n<p>\u00a0Y es que las investigaciones m\u00e1s novedosas sobre la psoriasis no se centran \u00fanicamente en bloquear las sustancias de se\u00f1alizaci\u00f3n inflamatorias, sino tambi\u00e9n en comprender c\u00f3mo funcionan los mecanismos de frenado del sistema inmunitario \u2014incluidas las c\u00e9lulas Treg\u2014 y por qu\u00e9 fallan en esta enfermedad.<\/p>\n<p><strong>La obesidad empeora la patolog\u00eda dermatol\u00f3gica<\/strong><\/p>\n<p>Por otra parte, est\u00e1n teniendo en cuenta los efectos de la obesidad sobre dicha patolog\u00eda dermatol\u00f3gica, partiendo de que hay evidencia de que la\u00a0obesidad la empeora. Las personas con sobrepeso suelen tener una psoriasis m\u00e1s problem\u00e1tica. El tejido adiposo aumenta la inflamaci\u00f3n, agrava las lesiones y reduce la eficacia del tratamiento. La obesidad tambi\u00e9n implica un mayor riesgo de padecer enfermedades cardiovasculares, h\u00edgado graso, diabetes y s\u00edndrome metab\u00f3lico, afecciones que suelen presentarse junto con la psoriasis.<\/p>\n<p>\u00abExisten varios estudios sobre la dieta que demuestran que los pacientes con psoriasis grave generalmente tienen peores h\u00e1bitos alimenticios que aquellos con la forma m\u00e1s leve. Sin embargo, al modificar el estilo de vida, se puede influir parcialmente en la enfermedad\u00bb, indic\u00f3, al respecto, el prof.\u00a0Duvetorp.<\/p>\n<p>\u00abTambi\u00e9n se est\u00e1n realizando estudios sobre c\u00f3mo los f\u00e1rmacos para perder peso, junto con los inhibidores de las sustancias de se\u00f1alizaci\u00f3n, pueden afectar a la enfermedad, dado el papel fundamental de la obesidad en el desarrollo de la psoriasis\u00bb, seg\u00fan el prof. Duvetorp.<\/p>\n<p>Por otra parte, el tratamiento m\u00e1s novedoso de la psoriasis se basa en suprimir las c\u00e9lulas T, lo que reduce el n\u00famero de c\u00e9lulas T de memoria y ayuda al cuerpo a restaurar los cambios epigen\u00e9ticos. Los pacientes que no han tenido la enfermedad durante mucho tiempo y que responden r\u00e1pidamente a estos medicamentos en particular parecen restablecer la memoria de la psoriasis\u00a0en mayor medida.\u00a0Por otra parte, \u00ablos f\u00e1rmacos biol\u00f3gicos inyectables, que inhiben las sustancias de se\u00f1alizaci\u00f3n de las c\u00e9lulas T, siguen siendo asequibles y eficaces, y van ganando terreno\u00bb, concluy\u00f3 el prof. Duvetorp.\u00a0<br \/>\u00a0<\/p>\n","protected":false},"excerpt":{"rendered":"La psoriasis est\u00e1 considerada una enfermedad inflamatoria cr\u00f3nica en la que las c\u00e9lulas T del sistema inmunitario, cuya&hellip;\n","protected":false},"author":2,"featured_media":646684,"comment_status":"","ping_status":"","sticky":false,"template":"","format":"standard","meta":{"footnotes":""},"categories":[92],"tags":[118909,12508,17074,13326,2170,2811,88498,118907,118908,2996,25,24,3424,3419,165,8829,3483,5693,7300,19378,39402,15316,71709,104278,2386,15501,789,166,23,7449,8762],"class_list":["post-646683","post","type-post","status-publish","format-standard","has-post-thumbnail","category-salud","tag-abrir-nuevas","tag-activacion","tag-brotes","tag-buscan","tag-como","tag-control","tag-cutanea","tag-descifrar","tag-desencadenantes","tag-enfermedad","tag-es","tag-espana","tag-factores","tag-frente","tag-health","tag-influyen","tag-mejorar","tag-obesidad","tag-patologia","tag-patron","tag-personalizar","tag-pistas","tag-proporcionar","tag-proteico","tag-psoriasis","tag-pueda","tag-puede","tag-salud","tag-spain","tag-tratamientos","tag-vias"],"share_on_mastodon":{"url":"https:\/\/pubeurope.com\/@es\/116880743277177257","error":""},"_links":{"self":[{"href":"https:\/\/www.europesays.com\/es\/wp-json\/wp\/v2\/posts\/646683","targetHints":{"allow":["GET"]}}],"collection":[{"href":"https:\/\/www.europesays.com\/es\/wp-json\/wp\/v2\/posts"}],"about":[{"href":"https:\/\/www.europesays.com\/es\/wp-json\/wp\/v2\/types\/post"}],"author":[{"embeddable":true,"href":"https:\/\/www.europesays.com\/es\/wp-json\/wp\/v2\/users\/2"}],"replies":[{"embeddable":true,"href":"https:\/\/www.europesays.com\/es\/wp-json\/wp\/v2\/comments?post=646683"}],"version-history":[{"count":0,"href":"https:\/\/www.europesays.com\/es\/wp-json\/wp\/v2\/posts\/646683\/revisions"}],"wp:featuredmedia":[{"embeddable":true,"href":"https:\/\/www.europesays.com\/es\/wp-json\/wp\/v2\/media\/646684"}],"wp:attachment":[{"href":"https:\/\/www.europesays.com\/es\/wp-json\/wp\/v2\/media?parent=646683"}],"wp:term":[{"taxonomy":"category","embeddable":true,"href":"https:\/\/www.europesays.com\/es\/wp-json\/wp\/v2\/categories?post=646683"},{"taxonomy":"post_tag","embeddable":true,"href":"https:\/\/www.europesays.com\/es\/wp-json\/wp\/v2\/tags?post=646683"}],"curies":[{"name":"wp","href":"https:\/\/api.w.org\/{rel}","templated":true}]}}