{"id":646749,"date":"2026-07-07T21:57:14","date_gmt":"2026-07-07T21:57:14","guid":{"rendered":"https:\/\/www.europesays.com\/es\/646749\/"},"modified":"2026-07-07T21:57:14","modified_gmt":"2026-07-07T21:57:14","slug":"si-no-puedo-aparcar-lo-pido-en-amazon-el-misterioso-cartel-en-oviedo-que-agita-el-debate","status":"publish","type":"post","link":"https:\/\/www.europesays.com\/es\/646749\/","title":{"rendered":"\u00abSi no puedo aparcar, lo pido en Amazon\u00bb: el misterioso cartel en Oviedo que agita el debate"},"content":{"rendered":"<p style=\"\">Una enigm\u00e1tica aparici\u00f3n en el mobiliario urbano de <a href=\"https:\/\/www.elcomercio.es\/oviedo\/\" data-voc-vtm-id=\"in-text-traffic\" data-mrf-link=\"www.elcomercio.es\" rel=\"nofollow noopener\" target=\"_blank\">Oviedo<\/a>&#8211; una farola- ha encendido las redes sociales y el debate a pie de calle. En  &#8230; plena calle Ur\u00eda, un cartel an\u00f3nimo colgado de una farola ha lanzado un mensaje directo y punzante: \u00abSi no puedo aparcar lo pido en <a href=\"https:\/\/www.elcomercio.es\/aviles\/intentamos-gente-conozca-vayan-amazon-20260308211524-nt.html\" data-voc-vtm-id=\"in-text-traffic\" data-mrf-link=\"www.elcomercio.es\" rel=\"nofollow noopener\" target=\"_blank\">Amazon<\/a>\u00bb.<\/p>\n<p class=\"v-d-p\" style=\"\">Este mensaje, de autor\u00eda desconocida, no ha sido colocado al azar. Su ubicaci\u00f3n estrat\u00e9gica y su contenido ponen el foco en uno de los temas m\u00e1s sensibles de la actualidad local: el equilibrio entre la nueva <a href=\"https:\/\/www.elcomercio.es\/oviedo\/zona-bajas-emisiones-oviedo-recurso-madrid-20260619133609-nt.html\" data-voc-vtm-id=\"in-text-traffic\" data-mrf-link=\"www.elcomercio.es\" rel=\"nofollow noopener\" target=\"_blank\">Zona de Bajas Emisiones (ZBE)<\/a>, la falta de aparcamiento y la supervivencia del comercio tradicional.<\/p>\n<p class=\"v-d-p\" style=\"\">As\u00ed, quien haya escrito el cartel est\u00e1 lanzando una advertencia sobre las posibles consecuencias de las restricciones al veh\u00edculo privado. El mensaje pone el foco en que los consumidores podr\u00edan optar por la comodidad del comercio electr\u00f3nico en lugar de acudir a las tiendas f\u00edsicas del centro de Oviedo por las dificultades para estacionar. <\/p>\n","protected":false},"excerpt":{"rendered":"Una enigm\u00e1tica aparici\u00f3n en el mobiliario urbano de Oviedo&#8211; una farola- ha encendido las redes sociales y el&hellip;\n","protected":false},"author":2,"featured_media":646750,"comment_status":"","ping_status":"","sticky":false,"template":"","format":"standard","meta":{"footnotes":""},"categories":[80],"tags":[34392,912,34803,82,10872,4398,11559,95,94,25,24,1853,46529,1685,23,118935],"class_list":["post-646749","post","type-post","status-publish","format-standard","has-post-thumbnail","category-economia","tag-agita","tag-amazon","tag-aparcar","tag-business","tag-calle","tag-cartel","tag-debate","tag-economia","tag-economy","tag-es","tag-espana","tag-misterioso","tag-pido","tag-puedo","tag-spain","tag-uria"],"share_on_mastodon":{"url":"https:\/\/pubeurope.com\/@es\/116880936055823858","error":""},"_links":{"self":[{"href":"https:\/\/www.europesays.com\/es\/wp-json\/wp\/v2\/posts\/646749","targetHints":{"allow":["GET"]}}],"collection":[{"href":"https:\/\/www.europesays.com\/es\/wp-json\/wp\/v2\/posts"}],"about":[{"href":"https:\/\/www.europesays.com\/es\/wp-json\/wp\/v2\/types\/post"}],"author":[{"embeddable":true,"href":"https:\/\/www.europesays.com\/es\/wp-json\/wp\/v2\/users\/2"}],"replies":[{"embeddable":true,"href":"https:\/\/www.europesays.com\/es\/wp-json\/wp\/v2\/comments?post=646749"}],"version-history":[{"count":0,"href":"https:\/\/www.europesays.com\/es\/wp-json\/wp\/v2\/posts\/646749\/revisions"}],"wp:featuredmedia":[{"embeddable":true,"href":"https:\/\/www.europesays.com\/es\/wp-json\/wp\/v2\/media\/646750"}],"wp:attachment":[{"href":"https:\/\/www.europesays.com\/es\/wp-json\/wp\/v2\/media?parent=646749"}],"wp:term":[{"taxonomy":"category","embeddable":true,"href":"https:\/\/www.europesays.com\/es\/wp-json\/wp\/v2\/categories?post=646749"},{"taxonomy":"post_tag","embeddable":true,"href":"https:\/\/www.europesays.com\/es\/wp-json\/wp\/v2\/tags?post=646749"}],"curies":[{"name":"wp","href":"https:\/\/api.w.org\/{rel}","templated":true}]}}