{"id":646832,"date":"2026-07-07T23:07:15","date_gmt":"2026-07-07T23:07:15","guid":{"rendered":"https:\/\/www.europesays.com\/es\/646832\/"},"modified":"2026-07-07T23:07:15","modified_gmt":"2026-07-07T23:07:15","slug":"el-arzobispo-de-rabat-el-espanol-lopez-romero-deja-el-cargo-tras-ser-acusado-de-agresion-sexual-la-voz-de-galicia","status":"publish","type":"post","link":"https:\/\/www.europesays.com\/es\/646832\/","title":{"rendered":"El arzobispo de Rabat, el espa\u00f1ol L\u00f3pez Romero, deja el cargo tras ser acusado de agresi\u00f3n sexual &#8211; La Voz de Galicia"},"content":{"rendered":"<ol>\n<li><a href=\"https:\/\/news.google.com\/rss\/articles\/CBMi9AFBVV95cUxNS3FoTXBGT1lsVERDbWVHQURpdjI0a0JOb0t0RDRZQjYybzA3WEdFZzkwc0doTlZlS0dVakNNQmJqOVZQZjBGWHFfbk1TaWY1TDRJS1BMaUpZYWZFRmFmZU1LSUFxaW1iZkFWZXhzWFFUaHF2UFpFTG8tdW5MSW1NWmFhUVcybWp6U1JFeVVLTWo5ZldZR1dZc3dZWUdxOFZLOG0zRVhTWjNCc2ZmNmI4ZWpXUXNNYzl1eThZSVVLNkhLdzQ5RlFKMVZtQkZVN0V5Vl9zRkNRMmtxWW9YODdYa2swZ21VRGd2Q25FbE9sWWEwQXAt0gGQAkFVX3lxTFAyQXpWcURPXzI4Y09ocjdLTjYzN3ViMmU5QVN1azh2LU5OQ3pMakZKYkNQcXJ5eUVxRnl2RzlTN2d2T2taQUFVNEV2d21UX3JwbEFBSklkTEpHeG4xcmpPYkNGTmtkNGpLVWNkWGpNc1NFalRybHljTHQ4Xy1IcTdvZExXdHJhWDUyY3pGUWFKUEpsOHNBb19tNk1QN3BoTWZsd3ZpdGpvMnd4OHl6UEdwdUVzaVl2S3NuaGgxUjBIUXBxZG1FTGpFakNOb0tERlZuaFFkVFNINzkwU1pDNWNEcE5uQXJndXFuVGEtZ1R1OUM1cWVqZDcxTl90MW4tTm9oaGxGbW5leHRfSzhpd1o4?oc=5\" target=\"_blank\" rel=\"nofollow noopener\">El arzobispo de Rabat, el espa\u00f1ol L\u00f3pez Romero, deja el cargo tras ser acusado de agresi\u00f3n sexual<\/a>&nbsp;&nbsp;La Voz de Galicia<\/li>\n<li><a href=\"https:\/\/news.google.com\/rss\/articles\/CBMi6gFBVV95cUxOVEtvc2Etd3VGVlhNdlJXQU1aVHR3bEliVnYxbndsUHZQZGc5LWRSYWY3XzlzTUZidFRZXzc4RnNoMmgya19KT3VaSEVTNmdQM1k4LTRVRW1aNnJUYThQOTlLOXRhdVlBNURlYkZqWkdYU1hQU0VXYXprN2RMakdtZk1mN1U1RVlRLTZ6VzNRZ2pPQWdVY3hDeHJ2a21BR3Y3QXliMXpacFdEd295cV9xV1FkdWNmUENGY2lmQ3VySXAxUmNZMkhqZktZcHpaNFhEeXBFdDVUenBVSGY2eUNqZWgyUmlqSFZyTGc?oc=5\" target=\"_blank\" rel=\"nofollow noopener\">El Vaticano investiga al cardenal de Rabat, el espa\u00f1ol Crist\u00f3bal L\u00f3pez, por acusaciones de abusos sexuales sobre varias mujeres<\/a>&nbsp;&nbsp;EL PA\u00cdS<\/li>\n<li><a href=\"https:\/\/news.google.com\/rss\/articles\/CBMiekFVX3lxTFBVUjZoMm5SSkpzNXNidXNkRkN5ZDdQX3E1eXlLbjR5cjQ5Vmt2M3pWR1hibURuSWVYTVhDazZ5MjVKUXdLbno0Q096Y0E5TEtTVExjLWdWVGxvQ0E3am1DbXpYSGhNV0U0c1QxOUc3QzgwNzFrMVFBaUxB0gF6QVVfeXFMTms0RnZfendFb0xkazJBU0ptUEVaWlcwLWwtSDZ0TzdwODBiMDhzVkFjRmZ0Smp5STlZVExPYWtfNDA4ZFhaem9mcDNzckdBd3lHQURvdzNPMlZFZUxOX1M4UzFIaDVwTWcwR2kwR1JibHgxUGNiQ1dyYVE?oc=5\" target=\"_blank\" rel=\"nofollow noopener\">El Vaticano investiga al arzobispo de Rabat, el espa\u00f1ol Crist\u00f3bal L\u00f3pez Romero, acusado de violencia sexual por varias mujeres<\/a>&nbsp;&nbsp;El Mundo<\/li>\n<li><a href=\"https:\/\/news.google.com\/rss\/articles\/CBMisgFBVV95cUxNRHdPclBWTUFQWkhsaFJwVmdhekxqeEdjUzRudjJXcC00LV9ZZHBZNFJPYVJTZkJwT240ZGdPa1l4cU4wWlZWU1FtZ3drM3pYcnRuTkN6cFFGckh5YTBSc2RkOUJxOC1FT2NFeHktelFvXy1fQ29FYTJCMk1JLXQtZU5ITHBmbjQxNXNkUUZ3SlFPaUNxZWUxZkM4REFXTnhsSklVUDhua0h4Ujl4NnhRN2F30gG3AUFVX3lxTFBidXBnNHVDWDVFNWNEWFVqUFF6TFIwQWpJUWNvcXFqVFVWNFl5NVpmN0RUbGdheGN5dS1JQVZGbjc3Vm9HenFJQS01NE1odWZibXlMb3dGWDc4am1uWjFHOGFSVlFpN09kd3ROejdFWHpURVNHblczWnNXNnJQRHdjU2FsVG5FWU5UeWVtODdhTTlrYUhfMk5MWEpVbV9IVHV1azNJeHUyRHYzc3otTE92eTQwTkNrZw?oc=5\" target=\"_blank\" rel=\"nofollow noopener\">El cardenal almeriense Crist\u00f3bal L\u00f3pez se aparta tras denuncias por presuntos abusos sexuales<\/a>&nbsp;&nbsp;Diario de Almer\u00eda<\/li>\n<li><a href=\"https:\/\/news.google.com\/rss\/articles\/CBMirgFBVV95cUxNLWpOTl9nVVBWZDQ2anJtMmJkNUg5NGl4ZzlVTzI1TS0zUTRkekt2Tzg0OURhTFM3bXJuQThFb2VPRnVyY0xRVlI0QU1UNXdKRzRkei14QnFvSkpLT2E2OGRuNGZuUGNhMmVSLUhQNjBwNWxzUzBkODM0dkVVcU05Zkk5VktxcmQyUHpOU3RPRl80a2l5aWc3b3RfNmNsazl3dmVwbmtCMTRCVGpFcnfSAbMBQVVfeXFMTlRpM01jVHV5dUdnQW82bDA4aE1Lc2RjWUI5ZldVZk9pSUhLUE9iOWFzVUZ1UWlNYnhWMUp4bmdYcVdlNWt4N0VGdmNjRlpHb1F4Q3NwNEgtSWRqZkpCTWJMVGRBQzgycnRiWjY1emtJQVdfdXB3YVROazJqQTNaeXFiWmZtekxSOFgwaUNXQ29jYW9jU3U0em9PRjFLR0JfYXljb1B4bGtRdjlOc1FyV2pXMWs?oc=5\" target=\"_blank\" rel=\"nofollow noopener\">El cardenal L\u00f3pez Romero se aparta tras ser acusado de agresi\u00f3n sexual<\/a>&nbsp;&nbsp;La Vanguardia<\/li>\n<\/ol>\n","protected":false},"excerpt":{"rendered":"El arzobispo de Rabat, el espa\u00f1ol L\u00f3pez Romero, deja el cargo tras ser acusado de agresi\u00f3n sexual&nbsp;&nbsp;La Voz&hellip;\n","protected":false},"author":2,"featured_media":646833,"comment_status":"","ping_status":"","sticky":false,"template":"","format":"standard","meta":{"footnotes":""},"categories":[42],"tags":[10239,16594,17,18,60739,13,14,11,61,62,63,64,19,20,9,10,15,16,399,12,21,22,403,65,66,67],"class_list":["post-646832","post","type-post","status-publish","format-standard","has-post-thumbnail","category-internacional","tag-acoso-sexual","tag-agresiones-sexuales","tag-breaking-news","tag-breakingnews","tag-conclave","tag-featured-news","tag-featurednews","tag-headlines","tag-internacional","tag-international","tag-international-news","tag-internationalnews","tag-latest-news","tag-latestnews","tag-news","tag-noticias","tag-noticias-destacadas","tag-noticiasdestacadas","tag-papa-francisco","tag-titulares","tag-ultimas-noticias","tag-ultimasnoticias","tag-vaticano","tag-world","tag-world-news","tag-worldnews"],"share_on_mastodon":{"url":"https:\/\/pubeurope.com\/@es\/116881211181811466","error":""},"_links":{"self":[{"href":"https:\/\/www.europesays.com\/es\/wp-json\/wp\/v2\/posts\/646832","targetHints":{"allow":["GET"]}}],"collection":[{"href":"https:\/\/www.europesays.com\/es\/wp-json\/wp\/v2\/posts"}],"about":[{"href":"https:\/\/www.europesays.com\/es\/wp-json\/wp\/v2\/types\/post"}],"author":[{"embeddable":true,"href":"https:\/\/www.europesays.com\/es\/wp-json\/wp\/v2\/users\/2"}],"replies":[{"embeddable":true,"href":"https:\/\/www.europesays.com\/es\/wp-json\/wp\/v2\/comments?post=646832"}],"version-history":[{"count":0,"href":"https:\/\/www.europesays.com\/es\/wp-json\/wp\/v2\/posts\/646832\/revisions"}],"wp:featuredmedia":[{"embeddable":true,"href":"https:\/\/www.europesays.com\/es\/wp-json\/wp\/v2\/media\/646833"}],"wp:attachment":[{"href":"https:\/\/www.europesays.com\/es\/wp-json\/wp\/v2\/media?parent=646832"}],"wp:term":[{"taxonomy":"category","embeddable":true,"href":"https:\/\/www.europesays.com\/es\/wp-json\/wp\/v2\/categories?post=646832"},{"taxonomy":"post_tag","embeddable":true,"href":"https:\/\/www.europesays.com\/es\/wp-json\/wp\/v2\/tags?post=646832"}],"curies":[{"name":"wp","href":"https:\/\/api.w.org\/{rel}","templated":true}]}}