{"id":646921,"date":"2026-07-08T00:25:24","date_gmt":"2026-07-08T00:25:24","guid":{"rendered":"https:\/\/www.europesays.com\/es\/646921\/"},"modified":"2026-07-08T00:25:24","modified_gmt":"2026-07-08T00:25:24","slug":"pedersen-gana-la-cuarta-etapa-del-tour-y-traeen-se-hace-con-el-maillot-amarillo-txirrindularitza","status":"publish","type":"post","link":"https:\/\/www.europesays.com\/es\/646921\/","title":{"rendered":"Pedersen gana la cuarta etapa del Tour y Traeen se hace con el maillot amarillo | Txirrindularitza"},"content":{"rendered":"<p>        <img decoding=\"async\" alt=\"Pedersen en su llegada a la meta, en la cuarta etapa.\" loading=\"lazy\"   height=\"800\" width=\"1200\" src=\"https:\/\/www.europesays.com\/es\/wp-content\/uploads\/2026\/07\/TOUR_4.ETAPA.jpg\"\/>Pedersen en su llegada a la meta, en la cuarta etapa. (EUROPA PRESS)<\/p>\n<p>El dan\u00e9s Mads Pedersen (Lidl Trek) ha conseguido su tercera victoria en el Tour de Francia, al imponerse en la cuarta etapa de esta edici\u00f3n disputada entre Carcassonne y Foix. Lo hizo tras rematar el trabajo de su equipo durante una larga y multitudinaria escapada. El estadounidense Quinn Simmons fue segundo y Ra\u00fal Garc\u00eda Pierna tercero.<\/p>\n<p>Por otro lado, el noruego Torstein Traeen se ha convertido en el nuevo l\u00edder de la general, arrebatando el maillot amarillo al esloveno Tadej Pogacar, que entr\u00f3 con el pelot\u00f3n de favoritos a m\u00e1s de 12 minutos. El ciclista del Uno X, que ya lider\u00f3 varios d\u00edas la Vuelta del a\u00f1o pasado, se convierte en el tercer noruego que se viste de amarillo en la historia del Tour, tras Alexander Kristoff y Thor Hushovd.<\/p>\n<p>De esta manera, Traen cuenta con una renta de 28 segundos con respecto al estadounidense Sean Quinn y el checho Mattias Vasek a 3.50. Pogacar y Vingegaard est\u00e1n a 7.53.<\/p>\n<p>Carcassonne, la ciudad medieval d\u00f3nde ha arrancado la etapa, era un horno cercano a los 40 grados. El calor ha marcado la jornada de los ciclistas, quienes realizaron un esfuerzo supremo en la tercera etapa, d\u00f3nde rein\u00f3 Pogacar. Aunque, esta vez, <a href=\"https:\/\/www.naiz.eus\/eu\/info\/noticia\/20260706\/pogacar-conquista-su-primera-etapa-con-una-demostracion-de-superioridad-y-se-viste-de-amarillo\" rel=\"nofollow noopener\" target=\"_blank\">pasados los primeros asaltos en Catalunya y Pirineos,<\/a> los favoritos decretaron pacto de no agresi\u00f3n.<\/p>\n<p>Enseguida se separaba el pelot\u00f3n con una expedici\u00f3n de 34 hombres. Ning\u00fan representante de los grupos de Pogacar, Vingegaard y Seixas. Los nombres de la general dieron licencia a los cazaetapas, aspirantes al maillot verde y valientes varios.<\/p>\n<p>La expedici\u00f3n superaba el Col de Bedos (4a, 3,3 km al 4,4 %) con una ventaja de 3.15 minutos y elevaba la renta a 3.40 en el Paradis (3a, 5,6 km al 4,3%). La victoria estaba delante viendo la actitud del grupo principal, que ya ced\u00eda 7.15 en la cima de Coudons (2a, 10,9 km al 5,5%), a mitad de carrera. Por el alto pasaron escapados Tratnik y Vacek, pero se desfondaron despu\u00e9s en la \u00faltima subida del d\u00eda, el Col de Monts\u00e9gur (2a, 6,9 km al 6,1%), donde qued\u00f3 al frente un definitivo grupo de 10 por la victoria.<\/p>\n<p>Desde la cima, no lejos de la famosa fortaleza c\u00e1tara de Monts\u00e9gur, quedaban 35 kil\u00f3metros de descenso hasta Foix. El grupo de favoritos rodaba a 12 minutos. Diez hombres en busca de la gloria en Foix, localidad de la regi\u00f3n de Occitania.<\/p>\n<p>Pedersen lo ten\u00eda f\u00e1cil para rentabilizar la fuga, pues era de largo el m\u00e1s r\u00e1pido y as\u00ed lo demostr\u00f3 en los \u00faltimos kilometros. De esta manera, Pedersen luce en su palmar\u00e9s 60 triunfos, 5 de ellos en el Giro, 4 en la Vuelta y 2 en el Tour.\u00a0<\/p>\n","protected":false},"excerpt":{"rendered":"Pedersen en su llegada a la meta, en la cuarta etapa. (EUROPA PRESS) El dan\u00e9s Mads Pedersen (Lidl&hellip;\n","protected":false},"author":2,"featured_media":646922,"comment_status":"","ping_status":"","sticky":false,"template":"","format":"standard","meta":{"footnotes":""},"categories":[273],"tags":[4924,313,8621,312,168,25,24,314,4355,21440,5549,20306,23,167,316,30037,1511],"class_list":["post-646921","post","type-post","status-publish","format-standard","has-post-thumbnail","category-ciclismo","tag-amarillo","tag-ciclismo","tag-cuarta","tag-cycling","tag-deportes","tag-es","tag-espana","tag-etapa","tag-gana","tag-hace","tag-maillot","tag-pedersen","tag-spain","tag-sports","tag-tour","tag-traeen","tag-y"],"share_on_mastodon":{"url":"https:\/\/pubeurope.com\/@es\/116881518648514175","error":""},"_links":{"self":[{"href":"https:\/\/www.europesays.com\/es\/wp-json\/wp\/v2\/posts\/646921","targetHints":{"allow":["GET"]}}],"collection":[{"href":"https:\/\/www.europesays.com\/es\/wp-json\/wp\/v2\/posts"}],"about":[{"href":"https:\/\/www.europesays.com\/es\/wp-json\/wp\/v2\/types\/post"}],"author":[{"embeddable":true,"href":"https:\/\/www.europesays.com\/es\/wp-json\/wp\/v2\/users\/2"}],"replies":[{"embeddable":true,"href":"https:\/\/www.europesays.com\/es\/wp-json\/wp\/v2\/comments?post=646921"}],"version-history":[{"count":0,"href":"https:\/\/www.europesays.com\/es\/wp-json\/wp\/v2\/posts\/646921\/revisions"}],"wp:featuredmedia":[{"embeddable":true,"href":"https:\/\/www.europesays.com\/es\/wp-json\/wp\/v2\/media\/646922"}],"wp:attachment":[{"href":"https:\/\/www.europesays.com\/es\/wp-json\/wp\/v2\/media?parent=646921"}],"wp:term":[{"taxonomy":"category","embeddable":true,"href":"https:\/\/www.europesays.com\/es\/wp-json\/wp\/v2\/categories?post=646921"},{"taxonomy":"post_tag","embeddable":true,"href":"https:\/\/www.europesays.com\/es\/wp-json\/wp\/v2\/tags?post=646921"}],"curies":[{"name":"wp","href":"https:\/\/api.w.org\/{rel}","templated":true}]}}