{"id":646959,"date":"2026-07-08T00:54:12","date_gmt":"2026-07-08T00:54:12","guid":{"rendered":"https:\/\/www.europesays.com\/es\/646959\/"},"modified":"2026-07-08T00:54:12","modified_gmt":"2026-07-08T00:54:12","slug":"espigas-premia-la-recuperacion-de-fotografias-antiguas-mediante-inteligencia-artificial","status":"publish","type":"post","link":"https:\/\/www.europesays.com\/es\/646959\/","title":{"rendered":"Espigas premia la recuperaci\u00f3n de fotograf\u00edas antiguas mediante Inteligencia Artificial"},"content":{"rendered":"<p class=\"ft-text\">La <strong>Federaci\u00f3n de Asociaciones de Campos, Pan y Norte-Duero <\/strong>regresa con una nueva edici\u00f3n de los<strong> concursos literario y de fotograf\u00eda<\/strong> que este a\u00f1o llegan marcados por el reconocimiento a aquellas obras que recuperen <strong>fotograf\u00edas antiguas mediante el tratamiento de la Inteligencia Artificial<\/strong> (IA), un aspecto que une pasado y futuro y \u00abcon el que nos metemos en el siglo XXI\u00bb. <\/p>\n<p class=\"ft-text\">Es la principal novedad de una edici\u00f3n que se al\u00eda con las nuevas tecnolog\u00edas para fomentar la presentaci\u00f3n de instant\u00e1neas que <strong>por su avanzado estado de deterioro \u00abcasi no se ven\u00bb<\/strong> y que se prestan al proceso de restauraci\u00f3n mediante el uso de la Inteligencia Artificial. El ganador a la mejor imagen restaurada recibir\u00e1 un premio de <strong>100 euros<\/strong> y parar acreditar el tratamiento de la misma deber\u00e1 incorporarse un fichero escaneado de la fotograf\u00eda original junto a la instant\u00e1nea tratada para el concurso. <\/p>\n<p class=\"ft-text\">La creaci\u00f3n de esta nueva categor\u00eda servir\u00e1, a su vez, para <strong>conformar un archivo hist\u00f3rico<\/strong> que a\u00fane todas aquellas instant\u00e1neas tratadas. <\/p>\n<p class=\"ft-text\">Unas iniciativas culturales que, m\u00e1s all\u00e1 de fomentar \u00abla dinamizaci\u00f3n de nuestros pueblos\u00bb, <strong>\u00abnos deleitan tanto con historias, vivencias y costumbres sobre la zona muy interesantes<\/strong>\u00ab, seg\u00fan recordaba <strong>Laura Huertos<\/strong>, t\u00e9cnico de Comunicaci\u00f3n de Caja Rural de Zamora. <\/p>\n<p class=\"ft-text\">En el mismo sentido, el alcalde de Monfarracinos y diputado, <strong>Manuel Mart\u00edn<\/strong> ha apuntado que \u00abpara quienes amamos nuestra tierra, estos concursos representan <strong>la oportunidad de recordar\u00a0de d\u00f3nde venimos, compartir recuerdos, emociones y vivencias<\/strong>\u00a0y para <strong>rendir homenaje<\/strong> a las personas que nos precedieron y nos ense\u00f1aron el valor de nuestras tradiciones\u00bb. La presentaci\u00f3n de ambos concursos ha contado a su vez con la presencia de <strong>Esteban S\u00e1nchez<\/strong>, secretario de la Federaci\u00f3n Espigas y <strong>Antonio Casas<\/strong>, representante de la Asociaci\u00f3n Cultural Castrotorafe y coordinador del certamen literario. <\/p>\n<p class=\"ft-text\">Las bases de participaci\u00f3n se mantienen sin cambios, si bien S\u00e1nchez ha precisado que todos los trabajos deber\u00e1n hacer referencia al <strong>\u00e1mbito de actuaci\u00f3n prioritaria de la Federaci\u00f3n \u00abEspigas\u00bb<\/strong> para su toma en consideraci\u00f3n por el jurado. Una consideraci\u00f3n que se aplica no solo a los relatos, tambi\u00e9n a<strong> las fotograf\u00edas <\/strong>que deber\u00e1n estar georreferenciadas. <\/p>\n<p class=\"ft-text\">Los trabajos presentados al concurso de fotograf\u00eda deber\u00e1n versar sobre el <strong>Medio Ambiente, Patrimonio cultural, usos, costumbres y tradiciones <\/strong>de las comarcas de Campos y Norte Duero, siempre con el matiz anteriormente mencionado. Las fotograf\u00edas podr\u00e1n incorporar filtros de tratamiento y podr\u00e1n presentarse al correo concursofotografiaespigas@gmail.com <strong>hasta el 15 de septiembre<\/strong>. <\/p>\n<p class=\"ft-text\">El jurado elegir\u00e1 entre las diferentes propuestas a cuatro ganadores que recibir\u00e1n unas cuant\u00edas econ\u00f3micas por valor de <strong>300, 200 y 100 euros<\/strong>, respectivamente, <strong>as\u00ed como un lote de libros<\/strong>. <\/p>\n<p>Un concurso literario muy internacional<\/p>\n<p class=\"ft-text\">En el caso del certamen literario de la Federaci\u00f3n \u00abEspigas\u00bb, los trabajos presentados se acotar\u00e1n a la <strong>modalidad de \u00abrelato\u00bb en prosa<\/strong>, tras prescindir la organizaci\u00f3n de la modalidad de \u00abPoes\u00eda\u00bb en el a\u00f1o 2017 a tenor de la escasa participaci\u00f3n. La media de trabajos presentados <strong>ronda el centenar <\/strong>con relatos <strong>procedentes de pa\u00edses como Argentina, Cuba o M\u00e9xico<\/strong>, entre otros. <\/p>\n<p class=\"ft-text\">La XII edici\u00f3n del concurso literario \u00abEspigas\u00bb, con car\u00e1cter bienal, admitir\u00e1 trabajos cuyo contenido verse sobre <strong>historias, vivencias y costumbres de la zona <\/strong>con una extensi\u00f3n m\u00e1xima de 5 p\u00e1ginas. El plazo de presentaci\u00f3n se establece por igual <strong>hasta el 15 de septiembre<\/strong> y deber\u00e1 enviarse al correo concursoliterarioespigas@gmail.com. <\/p>\n<p class=\"ft-text\">Se establecen cuatro premios, uno de ellos destinado a <strong>poner en valor la autor\u00eda local con un premio especial de 200 euros<\/strong>. El primer ganador recibir\u00e1 300 euros, por los 200 del segundo finalista y los 100 del tercero, que recibir\u00e1n igualmente un lote de libros, seg\u00fan el criterio del jurado. <\/p>\n","protected":false},"excerpt":{"rendered":"La Federaci\u00f3n de Asociaciones de Campos, Pan y Norte-Duero regresa con una nueva edici\u00f3n de los concursos literario&hellip;\n","protected":false},"author":2,"featured_media":646960,"comment_status":"","ping_status":"","sticky":false,"template":"","format":"standard","meta":{"footnotes":""},"categories":[173],"tags":[39834,229,233,231,230,7580,232,234,146,147,25,24,118960,2500,244,8420,136,16335,10896,23],"class_list":["post-646959","post","type-post","status-publish","format-standard","has-post-thumbnail","category-arte-y-diseno","tag-antiguas","tag-arte","tag-arte-y-diseno","tag-arts","tag-arts-and-design","tag-concursos","tag-design","tag-diseno","tag-entertainment","tag-entretenimiento","tag-es","tag-espana","tag-espigas","tag-federacion","tag-fotografia","tag-fotografias","tag-inteligencia-artificial","tag-premia","tag-recuperacion","tag-spain"],"share_on_mastodon":{"url":"https:\/\/pubeurope.com\/@es\/116881631862215653","error":""},"_links":{"self":[{"href":"https:\/\/www.europesays.com\/es\/wp-json\/wp\/v2\/posts\/646959","targetHints":{"allow":["GET"]}}],"collection":[{"href":"https:\/\/www.europesays.com\/es\/wp-json\/wp\/v2\/posts"}],"about":[{"href":"https:\/\/www.europesays.com\/es\/wp-json\/wp\/v2\/types\/post"}],"author":[{"embeddable":true,"href":"https:\/\/www.europesays.com\/es\/wp-json\/wp\/v2\/users\/2"}],"replies":[{"embeddable":true,"href":"https:\/\/www.europesays.com\/es\/wp-json\/wp\/v2\/comments?post=646959"}],"version-history":[{"count":0,"href":"https:\/\/www.europesays.com\/es\/wp-json\/wp\/v2\/posts\/646959\/revisions"}],"wp:featuredmedia":[{"embeddable":true,"href":"https:\/\/www.europesays.com\/es\/wp-json\/wp\/v2\/media\/646960"}],"wp:attachment":[{"href":"https:\/\/www.europesays.com\/es\/wp-json\/wp\/v2\/media?parent=646959"}],"wp:term":[{"taxonomy":"category","embeddable":true,"href":"https:\/\/www.europesays.com\/es\/wp-json\/wp\/v2\/categories?post=646959"},{"taxonomy":"post_tag","embeddable":true,"href":"https:\/\/www.europesays.com\/es\/wp-json\/wp\/v2\/tags?post=646959"}],"curies":[{"name":"wp","href":"https:\/\/api.w.org\/{rel}","templated":true}]}}