{"id":646963,"date":"2026-07-08T00:58:24","date_gmt":"2026-07-08T00:58:24","guid":{"rendered":"https:\/\/www.europesays.com\/es\/646963\/"},"modified":"2026-07-08T00:58:24","modified_gmt":"2026-07-08T00:58:24","slug":"ampliamos-la-informacion-sobre-la-taquilla-de-los-cines-espanoles-del-pasado-fin-de-semana-3-5-de-julio-de-2026","status":"publish","type":"post","link":"https:\/\/www.europesays.com\/es\/646963\/","title":{"rendered":"Ampliamos la informaci\u00f3n sobre la taquilla de los cines espa\u00f1oles del pasado fin de semana (3-5 de julio de 2026)"},"content":{"rendered":"<p><a href=\"https:\/\/www.nosolocine.net\/primeras-cifras-de-la-taquilla-espanola-de-cines-del-pasado-fin-de-semana-3-5-de-julio-de-2026\/\" rel=\"nofollow noopener\" target=\"_blank\">Aqu\u00ed<\/a> pod\u00e9is consultar mi art\u00edculo de ayer, sobre las primeras cifras de taquilla del pasado fin de semana en los cines espa\u00f1oles (3-5 de julio de 2026).<\/p>\n<p><img fetchpriority=\"high\" decoding=\"async\" class=\"aligncenter size-medium wp-image-151608 lazyload\" src=\"https:\/\/www.europesays.com\/es\/wp-content\/uploads\/2026\/07\/u4389523797_colas_en_el_cine_para_entrar_-profile_9bkfb1z_-_66cd8016-16f8-440d-b896-4d1d893951ec_2-6.webp\" alt=\"\" width=\"660\" height=\"660\"\/>La recaudaci\u00f3n total del fin de semana, todav\u00eda con cifras provisionales, ascendi\u00f3 a 6.475.556 \u20ac, es decir un 6 % m\u00e1s que el fin de semana anterior.<\/p>\n<p>En este mismo fin de semana, el a\u00f1o pasado se recaudaron 7.700.000 \u20ac. M\u00e1s de 1.200.000 \u20ac que este a\u00f1o.<\/p>\n<p>Algo est\u00e1 fallando. Varios blockbusters est\u00e1n pinchando.<\/p>\n<p>Vamos ahora con los datos de los estrenos de la pasada semana que no comentamos en el art\u00edculo de ayer.<\/p>\n<p>Puesto 7 para el reestreno de un anime referencial, de 1989, \u00abAkira\u00bb, con 119.497 \u20ac. Media por cine de 815 \u20ac<\/p>\n<p>109.187 \u20ac para \u00abLa muerte de Robin Hood\u00bb. 642 \u20ac de media por cine. Puesto 8.<\/p>\n<p>42.650 \u20ac para la pel\u00edcula francesa \u00abLos m\u00fasicos\u00bb. 907 \u20ac de media por local. Puesto 12<\/p>\n<p>Puesto 17 para el drama italiano \u00abCosas que no olvidar\u00e9\u00bb, con 15.105 \u20ac y una media por cine de 321 \u20ac<\/p>\n<p>Puesto 20 para \u00abNueve lunas\u00bb. Media por complejo de solo 200 \u20ac y una recaudaci\u00f3n de 10.384 \u20ac<\/p>\n<p>Malos datos para la largu\u00edsima nueva pel\u00edcula del filipino Lav D\u00edaz, \u00abMagallanes\u00bb Puesto 23 con 7.200 \u20ac y una media por complejo de 455 \u20ac<\/p>\n<p>Puesto 27 para la nueva pel\u00edcula de las hermanas Rodr\u00edguez Col\u00e1s, de Cornell\u00e1, \u00abHermanos\u00bb. Puesto 27 con 4.896 \u20ac y una media por complejo de 217 \u20ac tan solo. Debutaron con \u00e9xito con \u00abChavalas\u00bb, pero su segundo film ha pinchado en taquilla. Con estos datos pronto perder\u00e1 muchos cines y sesiones.<\/p>\n<p>Puesto 31 con 3.700 \u20ac para \u00abLady Nazca\u00bb. Media de solo 134 \u20ac por local.<\/p>\n<p>1.500 \u20ac y puesto 39 para \u00abAmor apocalipsis\u00bb. Solamente 57 \u20ac de media por complejo.<\/p>\n<p>Desastre, sin paliativos, para la pel\u00edcula espa\u00f1ola \u00abAncestral\u00bb. Puesto 100 com 36 \u20ac, en dos cines, por lo que su media ha sido de tan solo 18 \u20ac.<\/p>\n<p>\u00a0<\/p>\n<p>Y cerramos este art\u00edculo con 2 \u00abseleccionados\u00bb mantenimientos. 174.352 \u20ac en su quinto fin de semana (con descenso del 37 %) para la pel\u00edcula de terror de bajo presupuesto, \u00abBackrooms\u00bb. Media por local de 715 \u20ac. Puesto 6. En Espa\u00f1a ya ha superado los 6 millones de euros.<\/p>\n<p>12.267 \u20ac para \u00abViva\u00bb, en su tercer fin de semana, en el que cay\u00f3 un 55 %. Media de 511 \u20ac por complejo. Puesto 18. Lleva hasta ahora 170.000 \u20ac<\/p>\n<p>Continuar\u00e1\u2026<\/p>\n<p> <img decoding=\"async\" class=\"author-img\" src=\"https:\/\/www.europesays.com\/es\/wp-content\/uploads\/2026\/07\/JLP-camisetta-nosolocine-ok-1.-Foto-by-Bianca-Baust-scaled.jpg\" alt=\"\"\/><\/p>\n<p>Jos\u00e9 L\u00f3pez P\u00e9rez Cineasta, escritor. Director y creador de www.nosolocine.net<\/p>\n<p style=\"text-align: center;\">@JLPnosolocine<\/p>\n<p>\u00a0<\/p>\n<p>\u00a0<\/p>\n<p>\u00a0<\/p>\n<p>\u00a0<\/p>\n<p>\u00a0<\/p>\n<p>\u00a0<\/p>\n<p>\u00a0<\/p>\n<p>\u00a0<\/p>\n<p>\u00a0<\/p>\n","protected":false},"excerpt":{"rendered":"Aqu\u00ed pod\u00e9is consultar mi art\u00edculo de ayer, sobre las primeras cifras de taquilla del pasado fin de semana&hellip;\n","protected":false},"author":2,"featured_media":646964,"comment_status":"","ping_status":"","sticky":false,"template":"","format":"standard","meta":{"footnotes":""},"categories":[169],"tags":[118401,92792,117355,177,118961,146,147,25,24,176,117356,118962,57985,175,118963,23,4314],"class_list":["post-646963","post","type-post","status-publish","format-standard","has-post-thumbnail","category-cine","tag-akira","tag-backrooms","tag-bianca-baust","tag-cine","tag-cosas-que-no-olvidare","tag-entertainment","tag-entretenimiento","tag-es","tag-espana","tag-film","tag-jose-lopez-perez","tag-lady-nazca","tag-magallanes","tag-movies","tag-nueve-lunas","tag-spain","tag-taquilla"],"share_on_mastodon":{"url":"https:\/\/pubeurope.com\/@es\/116881648916392105","error":""},"_links":{"self":[{"href":"https:\/\/www.europesays.com\/es\/wp-json\/wp\/v2\/posts\/646963","targetHints":{"allow":["GET"]}}],"collection":[{"href":"https:\/\/www.europesays.com\/es\/wp-json\/wp\/v2\/posts"}],"about":[{"href":"https:\/\/www.europesays.com\/es\/wp-json\/wp\/v2\/types\/post"}],"author":[{"embeddable":true,"href":"https:\/\/www.europesays.com\/es\/wp-json\/wp\/v2\/users\/2"}],"replies":[{"embeddable":true,"href":"https:\/\/www.europesays.com\/es\/wp-json\/wp\/v2\/comments?post=646963"}],"version-history":[{"count":0,"href":"https:\/\/www.europesays.com\/es\/wp-json\/wp\/v2\/posts\/646963\/revisions"}],"wp:featuredmedia":[{"embeddable":true,"href":"https:\/\/www.europesays.com\/es\/wp-json\/wp\/v2\/media\/646964"}],"wp:attachment":[{"href":"https:\/\/www.europesays.com\/es\/wp-json\/wp\/v2\/media?parent=646963"}],"wp:term":[{"taxonomy":"category","embeddable":true,"href":"https:\/\/www.europesays.com\/es\/wp-json\/wp\/v2\/categories?post=646963"},{"taxonomy":"post_tag","embeddable":true,"href":"https:\/\/www.europesays.com\/es\/wp-json\/wp\/v2\/tags?post=646963"}],"curies":[{"name":"wp","href":"https:\/\/api.w.org\/{rel}","templated":true}]}}