{"id":647178,"date":"2026-07-08T04:44:13","date_gmt":"2026-07-08T04:44:13","guid":{"rendered":"https:\/\/www.europesays.com\/es\/647178\/"},"modified":"2026-07-08T04:44:13","modified_gmt":"2026-07-08T04:44:13","slug":"mika-vijfvinkel-estrena-el-liderato-de-la-vuelta-a-madrid-sub-23-tras-imponerse-al-esprint-en-mostoles-esciclismo","status":"publish","type":"post","link":"https:\/\/www.europesays.com\/es\/647178\/","title":{"rendered":"Mika Vijfvinkel estrena el liderato de la Vuelta a Madrid sub-23 tras imponerse al esprint en M\u00f3stoles &#8211; Esciclismo"},"content":{"rendered":"<ol>\n<li><a href=\"https:\/\/news.google.com\/rss\/articles\/CBMiakFVX3lxTE00UmJEaUJiYkxXTW9FYzc0R2YxR1pVTDZ4Mi00clQzdC1VdHZOYVFwdThJQTB5YkxjVmtwbVJOQ21sZWNsdDk2TzlWb0VoeDdTLWZ3dC1Ub05nTEt3WmN1ZngzX0pqZmR6ekE?oc=5\" target=\"_blank\" rel=\"nofollow noopener\">Mika Vijfvinkel estrena el liderato de la Vuelta a Madrid sub-23 tras imponerse al esprint en M\u00f3stoles<\/a>&nbsp;&nbsp;Esciclismo<\/li>\n<li><a href=\"https:\/\/news.google.com\/rss\/articles\/CBMipgFBVV95cUxQckFXX3ZMMGU0bFhEYklsV0tURFYwcm1UT05jd1dJYWxFeDd5VmFGbEhfeHVyc0lPNWktY2wwNk5sMlllUWNCdWJQbGFlbHV4LTFZSllta1BwbVRRcmF3WnR6Z1RoZWFzUmNkdjhNeU1iTVZtSGx6QTVCaHhZbzRzUzdSc3VsODdTNU9jZjdYRWh6ZHE3am5oMFN2N1o2MVV4N014Qndn?oc=5\" target=\"_blank\" rel=\"nofollow noopener\">El Pebetero aspira a repetir podio en la Vuelta a Madrid<\/a>&nbsp;&nbsp;Hoy<\/li>\n<li><a href=\"https:\/\/news.google.com\/rss\/articles\/CBMivwFBVV95cUxOdHM1dFVnOWdhQW5IVEttOFgtbzZ2cXRVbDBEem9Xbm9PeGNpWWNaRVlKZUZ0aXVYOG80YTNaQ2M1QXp5c3hPVUxYRWJzZGZfWWFwZXhyZUNMZjhuNnhvV2JEV1phZXdaYzh5bEI0cDFDTXhkNVh2ek90LTlVTEx4UFdBNW5IOTBPd0txNWRHbG9fdlFCVDJ5N0RQQnQxclpnUGRjLWFQc0dBVk5NakhZNmJWS0E3S0xKbnc1djJRc9IBxAFBVV95cUxPZnMtN043NjBDT2hVVU1hS2R3UXJ1Z0RwOHVTU2oza0JWSzVGdlk3eDdadlgzRkpveDBBdDNGZHhIcnFwVGdXVW0xNERiTmM1Q24zMExKY0p0RXFmUWxZVzAtam5BLUpuQjBaNEJmaFNOMXZTSFJlTHg5T1BDblpuNXJuZ3k4ZXdheFpwUTJSMllmdUtfZFZMcU01bnZBR0RjT0oyeXVoNXk3SWtOc1RoaUF2cTllSVpfMEVMbUowSUx6Y3d0?oc=5\" target=\"_blank\" rel=\"nofollow noopener\">El Extremadura Pebetero buscar\u00e1 protagonismo en la Vuelta Internacional a Madrid sub-23<\/a>&nbsp;&nbsp;El Peri\u00f3dico Extremadura<\/li>\n<li><a href=\"https:\/\/news.google.com\/rss\/articles\/CBMiyAFBVV95cUxQRGdXeEpBdkpFeWV0S2RjQnVnbmtPZTkwWW1zS29mX0Fia3h4VjBZbjdUQ1ZzanlNUGFfMVpqdEpCYTFfOHJuZ2V5Tm0zaWo5bE1IaVdwTWVybTkwMmk1Q2pNanBQVDR2NXFvQ2FobC1feXlVY1YzX3ZOVF85aklYZW13OXJXU0ozZHprU2VJUkdJOVI4N1F0TmxtdGdmcVM4TE4tMXRkVHpHazkwMjBINTk4MWRmUkNZQ1NEMnhFZUpqYTBFZTNLNw?oc=5\" target=\"_blank\" rel=\"nofollow noopener\">M\u00f3stoles estrenar\u00e1 un equipo ciclista \u00e9lite y sub-23 en 2027<\/a>&nbsp;&nbsp;Noticias para Municipios<\/li>\n<li><a href=\"https:\/\/news.google.com\/rss\/articles\/CBMi8gFBVV95cUxQYUwzT2ZvejRESkIzek9KM0JNTkl3czc1V1RTSndIaGk2V3RDNGxLeHFBMTB5aUZ5YmVZOGVZcWU1cHJaZzF2YTBmeThrMWI1eTVLOEN4Wk5kRllmNmYwQkJkOEhhVjNoRDBoNlhXSjJKemhYakMyRWc3TVExWDFYSERxcHR5Y0dYd2lGZGVnbzhZVThxelY4Y29NRENSNS1LMjkwdVo1VkhDTnNFdi1UWlhmRk80ZkpFc19Ka19LUzhHZlBkQnlHMVFyOTZSQTIybkpQQUZMY1VORmNqRlh6SUZNZmRCYS13anptUjJjclZBZw?oc=5\" target=\"_blank\" rel=\"nofollow noopener\">El j\u00fanior Luca Mart\u00ednez acaricia el podio en la primera etapa de la Vuelta a Madrid Sub23<\/a>&nbsp;&nbsp;REAL FEDERACI\u00d3N ESPA\u00d1OLA DE CICLISMO<\/li>\n<\/ol>\n","protected":false},"excerpt":{"rendered":"Mika Vijfvinkel estrena el liderato de la Vuelta a Madrid sub-23 tras imponerse al esprint en M\u00f3stoles&nbsp;&nbsp;Esciclismo El&hellip;\n","protected":false},"author":2,"featured_media":647179,"comment_status":"","ping_status":"","sticky":false,"template":"","format":"standard","meta":{"footnotes":""},"categories":[273],"tags":[19680,313,1757,900,312,168,7368,118998,25,24,19186,314,31389,118997,5805,21953,5170,118999,5215,5564,5808,205,7797,1179,44281,41084,28616,977,11237,1786,91916,1965,57,23,167,4039,21436,119000,118996,1357],"class_list":["post-647178","post","type-post","status-publish","format-standard","has-post-thumbnail","category-ciclismo","tag-cadena","tag-ciclismo","tag-ciclista","tag-convirtio","tag-cycling","tag-deportes","tag-disputada","tag-dovy","tag-es","tag-espana","tag-esprint","tag-etapa","tag-froiz","tag-hemeryck","tag-imponerse","tag-inaugural","tag-joan","tag-keukens","tag-kilometros","tag-lider","tag-llegada","tag-madrid","tag-martes","tag-mas","tag-masiva","tag-mika","tag-mostoles","tag-primer","tag-rapido","tag-recorrido","tag-row","tag-salida","tag-sobre","tag-spain","tag-sports","tag-sub","tag-supero","tag-technosylva","tag-vijfvinkel","tag-vuelta"],"share_on_mastodon":{"url":"https:\/\/pubeurope.com\/@es\/116882536055039154","error":""},"_links":{"self":[{"href":"https:\/\/www.europesays.com\/es\/wp-json\/wp\/v2\/posts\/647178","targetHints":{"allow":["GET"]}}],"collection":[{"href":"https:\/\/www.europesays.com\/es\/wp-json\/wp\/v2\/posts"}],"about":[{"href":"https:\/\/www.europesays.com\/es\/wp-json\/wp\/v2\/types\/post"}],"author":[{"embeddable":true,"href":"https:\/\/www.europesays.com\/es\/wp-json\/wp\/v2\/users\/2"}],"replies":[{"embeddable":true,"href":"https:\/\/www.europesays.com\/es\/wp-json\/wp\/v2\/comments?post=647178"}],"version-history":[{"count":0,"href":"https:\/\/www.europesays.com\/es\/wp-json\/wp\/v2\/posts\/647178\/revisions"}],"wp:featuredmedia":[{"embeddable":true,"href":"https:\/\/www.europesays.com\/es\/wp-json\/wp\/v2\/media\/647179"}],"wp:attachment":[{"href":"https:\/\/www.europesays.com\/es\/wp-json\/wp\/v2\/media?parent=647178"}],"wp:term":[{"taxonomy":"category","embeddable":true,"href":"https:\/\/www.europesays.com\/es\/wp-json\/wp\/v2\/categories?post=647178"},{"taxonomy":"post_tag","embeddable":true,"href":"https:\/\/www.europesays.com\/es\/wp-json\/wp\/v2\/tags?post=647178"}],"curies":[{"name":"wp","href":"https:\/\/api.w.org\/{rel}","templated":true}]}}