{"id":647186,"date":"2026-07-08T04:52:26","date_gmt":"2026-07-08T04:52:26","guid":{"rendered":"https:\/\/www.europesays.com\/es\/647186\/"},"modified":"2026-07-08T04:52:26","modified_gmt":"2026-07-08T04:52:26","slug":"la-heavy-483-ya-a-la-venta-con-five-finger-death-punch-linkin-park-the-hu-yes-y-doro-en-portada-especial-de-verano","status":"publish","type":"post","link":"https:\/\/www.europesays.com\/es\/647186\/","title":{"rendered":"La Heavy 483 ya a la venta con Five Finger Death Punch, Linkin Park, The Hu, Yes y Doro en portada. \u00a1Especial de verano!"},"content":{"rendered":"<p style=\"text-align: center;\"><a href=\"https:\/\/tienda.mariskalrock.com\/producto\/la-heavy-483-ya-a-la-venta-con-five-finger-death-punch-linkin-park-the-hu-yes-y-doro-en-portada\/\" target=\"_blank\" rel=\"noopener nofollow\"><img fetchpriority=\"high\" decoding=\"async\" class=\"aligncenter wp-image-410325 size-full\" src=\"https:\/\/www.europesays.com\/es\/wp-content\/uploads\/2026\/07\/la-heavy-483-portada-1.webp\" alt=\"\" width=\"600\" height=\"851\"  \/><\/a><\/p>\n<p>\u00a1El n\u00famero especial de verano ya est\u00e1 aqu\u00ed con sus <strong>cien p\u00e1ginas<\/strong> rebosando la mejor m\u00fasica para acompa\u00f1arte en los meses de julio y agosto! <strong>Five Finger Death Punch<\/strong> se hace con la portada del <a href=\"https:\/\/tienda.mariskalrock.com\/producto\/la-heavy-483-ya-a-la-venta-con-five-finger-death-punch-linkin-park-the-hu-yes-y-doro-en-portada\/\" target=\"_blank\" rel=\"noopener nofollow\"><strong>n\u00famero 483 de La Heavy<\/strong><\/a>, que ya est\u00e1 a la venta en kioscos y puntos de venta de todo el pa\u00eds por <strong>5\u20ac<\/strong> y en <a href=\"https:\/\/tienda.mariskalrock.com\/producto\/la-heavy-483-ya-a-la-venta-con-five-finger-death-punch-linkin-park-the-hu-yes-y-doro-en-portada\/\" target=\"_blank\" rel=\"noopener nofollow\"><strong>nuestra tienda online<\/strong><\/a> por <strong>6\u20ac, env\u00edo incluido<\/strong>, acompa\u00f1ados de otros ilustres protagonistas como <strong>Linkin Park<\/strong> en su regreso a la cima, <strong>The Hu<\/strong> con su nuevo asalto desde Mongolia, los legendarios <strong>Yes<\/strong> y la reina del heavy metal <strong>Doro<\/strong>.<\/p>\n<p><strong>\u2018Legacy\u2019<\/strong> es el nombre del d\u00e9cimo disco de <strong>Five Finger Death Punch<\/strong>, que ver\u00e1 la luz el pr\u00f3ximo 31 de julio, y para conocer todos sus secretos tenemos a <strong>Jason Cenador<\/strong> entablando una extensa y jugosa conversaci\u00f3n con su guitarrista y fundador <strong>Zoltan Bathory.<\/strong><\/p>\n<p>Tambi\u00e9n est\u00e1n de estreno los m\u00edticos progresivos <strong>Yes<\/strong> con <strong>\u2018Aurora\u2019,<\/strong> por lo que su teclista y compositor <strong>Geoff Downes<\/strong> nos abri\u00f3 las puertas de su nueva obra a trav\u00e9s de la charla con <strong>Josep Fleitas<\/strong>. Y no se quedan atr\u00e1s en lo que a nuevo material se refiere <strong>The Hu<\/strong>, que lanzar\u00e1n al mundo el 24 de julio <strong>\u2018Hun\u2019,<\/strong> un nuevo disco sobre el que <strong>Temuulen \u201cTemka\u201d Naranbaatar<\/strong> habl\u00f3 largo y tendido con Jason.<\/p>\n<p>En cuesti\u00f3n de unos d\u00edas tendremos a <strong>Doro Pesch<\/strong> demostrando por qu\u00e9 sigue sentada en el trono del heavy metal desde hace d\u00e9cadas en una nueva edici\u00f3n de <strong>Zurbar\u00e1n Rock Burgos<\/strong>. Adem\u00e1s, se encuentra reeditando el m\u00edtico <strong>\u2018Live\u2019<\/strong> de 1983, por lo que hab\u00eda mucho de lo que hablar con ella, y Josep Fleitas no se guard\u00f3 ni una coma.<\/p>\n<p>La cr\u00f3nica de lo vivido en el esperado regreso a Madrid de <strong>Linkin Park<\/strong> con su nuevo disco y la flamante formaci\u00f3n con <strong>Emily Armstrong<\/strong> al frente junto a <strong>Mike Shinoda<\/strong> completa los contenidos destacados de portada. Pero prep\u00e1rate, porque las cien p\u00e1ginas de la revista tienen much\u00edsimo m\u00e1s por exprimir.<\/p>\n<p>La pr\u00f3xima visita de <strong>Savatage<\/strong> al escenario de <strong>Leyendas del Rock<\/strong> la aprovechamos para ponernos al d\u00eda de toda la actualidad de la banda junto al guitarrista <strong>Chris Caffery. Taylor Momsen<\/strong>, l\u00edder de <strong>The Pretty Reckless<\/strong>, nos prepara para las citas del pr\u00f3ximo oto\u00f1o con la presentaci\u00f3n de su disco <strong>\u2018Dear God\u2019<\/strong> despu\u00e9s de dejar el mejor sabor de boca con sus conciertos abriendo para <strong>AC\/DC<\/strong>. Y las puertas del lado oscuro se abren para que <strong>Yorgos Goumas<\/strong> contacte con <strong>Fernando Ribeiro<\/strong>, que nos descubre los misterios que esconde el nuevo disco de <strong>Moonspell, \u2018Far From God\u2019.<\/strong><\/p>\n<p>La m\u00e1s candente actualidad del mundo del rock y el metal te llegar\u00e1 de boca de sus protagonistas con muchas m\u00e1s entrevistas con <strong>DevilDriver, The Toy Dolls, Des Rocs, Raubhein, Dominum, Cancer Bats, Comastatic, Eva Under Fire, Marc Amacher, Opensight, Lightnin Stik<\/strong> y una de las grandes confirmaciones del pr\u00f3ximo <strong>Lion Rock Fest<\/strong>, el exguitarrista de <strong>Europe Kee Marcello.<\/strong><\/p>\n<p>Adem\u00e1s, celebramos los 40 a\u00f1os que cumple un disco imprescindible como <strong>\u2018Slippery When Wet\u2019 <\/strong>de<strong> Bon Jovi<\/strong> de la mano de <strong>David Esquitino<\/strong>, y los 55 veranos que ha visto pasar el primer disco de <strong>Thin Lizzy<\/strong>, con Josep Fleitas comandando este viaje.<\/p>\n<p><a href=\"https:\/\/tienda.mariskalrock.com\/producto\/la-heavy-483-ya-a-la-venta-con-five-finger-death-punch-linkin-park-the-hu-yes-y-doro-en-portada\/\" target=\"_blank\" rel=\"noopener nofollow\"><img loading=\"lazy\" decoding=\"async\" class=\"alignright wp-image-410326\" src=\"https:\/\/www.europesays.com\/es\/wp-content\/uploads\/2026\/07\/la-heavy-483-portada-estatal.webp\" alt=\"\" width=\"392\" height=\"556\"  \/><\/a>Como no puede ser de otra forma, el calor nos trae los grandes festivales en todo el mundo, y en el nuevo n\u00famero encontrar\u00e1s un amplio repaso de las experiencias vividas por nuestros compa\u00f1eros en <strong><a target=\"_blank\" href=\"https:\/\/rockinriolisboa.pt\/es\" rel=\"nofollow noopener\">Rock In Rio Lisboa<\/a>, Graspop Metal Meeting<\/strong> en B\u00e9lgica y el franc\u00e9s <strong>Hellfest<\/strong>. Y m\u00e1s cerca, en M\u00e1laga, no nos olvidamos de plasmar lo que dio de s\u00ed el espect\u00e1culo de <strong>Geoff Tate,<\/strong> ex de <strong>Queensr\u00ffche<\/strong>, con su gira \u201cThe Final Chapter\u201d.<\/p>\n<p>Saltamos al apartado estatal con un hist\u00f3rico como <strong>Javier Vargas<\/strong> llevando a su <strong>Vargas Blues Band<\/strong> a la portada que comparte con <strong>The Flying Rebollos<\/strong> desde el cartel de <strong>Doberel Fest<\/strong> y los m\u00edticos <strong>Indiana<\/strong> tras su p\u00f3ker de conciertos en Madrid.<\/p>\n<p>El incansable Javier Vargas tiene no uno, sino dos discos de plena actualidad, <strong>\u2018Down Under Blues\u2019,<\/strong> acompa\u00f1ando la biograf\u00eda <strong>\u2018Historias de la carretera\u2019,<\/strong> y <strong>\u2018Barrio Blues\u2019<\/strong>; mucho de lo que hablar con David Esquitino. <strong>The Flying Rebollos<\/strong> nos reciben con nuevo \u00e1lbum a las puertas y su participaci\u00f3n en <strong>Doberel Fest<\/strong> junto a <strong>Saurom, No Konforme, Quaaluders, Deklibe, Ingot y The Beatpunkers<\/strong> como cartas principales de la jugada. Y nos zambullimos en uno de los conciertos de los pioneros <strong>Indiana<\/strong>, con <strong>Mario L\u00f3pez<\/strong> incombustible al pie del ca\u00f1\u00f3n.<\/p>\n<p>La escena estatal sigue ardiendo con grandes bandas y nuevos trabajos como combustible, como queda demostrado con las entrevistas a <strong>Thunder Valley Rebels, Exsilyum, Kh\u00eblleden, Black Moon, Huevos Duros, Amiga500, Val\u00f8a <\/strong>y<strong> Black Ducados.<\/strong><\/p>\n<p>La maquinaria no se detiene, y seguimos recibiendo brutales lanzamientos que merecen el m\u00e1s cuidado y detallado an\u00e1lisis por parte de nuestro equipo. En esta ocasi\u00f3n, las cr\u00edticas las encabezan los nuevos trabajos de <strong>DevilDriver, Deep Purple, Vargas Blues Band, Moonspell, Vamos Con Todo y Dominum<\/strong>, a los que se suma la avalancha de m\u00fasica m\u00e1s potente con <strong>Dark Funeral, Cancer Bats, ALLT, Sinner, Mob Rules, Future Palace, Marc Amacher, Noche Cero, Lightnin Stik, Monument of Misanthropy, Blood White, Song of Anhubis, Perto Ayala, Cristales Rotos, Raebellion, Speedslut, Rauhbein <\/strong>y<strong> Nothing But a Metaphor<\/strong>.<\/p>\n<p>Las noticias con la \u00faltima hora antes de cerrar la redacci\u00f3n, la secci\u00f3n <strong>Bautismo de Fuego<\/strong> con los discos que introdujeron al rock y el metal a grandes m\u00fasicos, y toda la informaci\u00f3n en nuestra <strong>gu\u00eda de festivales<\/strong> para que no se te escape nada de lo much\u00edsimo que nos queda por delante completan este <strong>n\u00famero 483<\/strong> que aplacar\u00e1 el calor de estos d\u00edas en la playa, la monta\u00f1a, la piscina\u2026 o en el trabajo para los que ya descansaron o los que esperan a d\u00edas m\u00e1s frescos.<\/p>\n<p><a href=\"https:\/\/tienda.mariskalrock.com\/producto\/la-heavy-483-ya-a-la-venta-con-five-finger-death-punch-linkin-park-the-hu-yes-y-doro-en-portada\/\" target=\"_blank\" rel=\"noopener nofollow\"><strong>El n\u00famero 483 de La Heavy<\/strong><\/a> ya te est\u00e1 esperando <a href=\"https:\/\/tienda.mariskalrock.com\/producto\/la-heavy-483-ya-a-la-venta-con-five-finger-death-punch-linkin-park-the-hu-yes-y-doro-en-portada\/\" target=\"_blank\" rel=\"noopener nofollow\"><strong>en nuestra tienda online por 6\u20ac<\/strong><\/a> con env\u00edo incluido a donde t\u00fa quieras, y muy pronto en los kioscos de todo el pa\u00eds por 5\u20ac, para que no se te escape nada de todo lo que tenemos por delante en el mundo del rock y el metal.<\/p>\n<p>Recuerda que aqu\u00ed puedes consultar nuestro <strong><a href=\"https:\/\/mariskalrock.com\/wp-content\/uploads\/2025\/10\/puntos-de-venta-preferentes-2025-2.xlsx\" target=\"_blank\" rel=\"noopener nofollow\">kilom\u00e9trico listado de puntos de venta preferentes<\/a><\/strong>, con la certeza de que tendr\u00e1s un kiosco muy cercano a ti con tu revista favorita, o mandar un e-mail a <strong><a href=\"https:\/\/mariskalrock.com\/actualidad\/la-heavy-483-ya-a-la-venta-con-five-finger-death-punch-linkin-park-the-hu-yes-y-doro-en-portada\/mailto:pedidos@mariskalrock.com\" target=\"_blank\" rel=\"noopener nofollow\">pedidos@mariskalrock.com<\/a><\/strong> para que, casi por arte de magia, aparezca en el punto de venta que t\u00fa quieres. \u00a1\u00a1Corre a por ella!!<\/p>\n<p>\u00a1Tambi\u00e9n puedes <strong><a href=\"https:\/\/tienda.mariskalrock.com\/\" target=\"_blank\" rel=\"noopener nofollow\">conseguir n\u00fameros antiguos en nuestra tienda online<\/a><\/strong>! Y recuerda que tienes disponible la <strong><a href=\"https:\/\/tienda.mariskalrock.com\/producto\/suscripcion-anual\/\" target=\"_blank\" rel=\"noopener nofollow\">suscripci\u00f3n anual a La Heavy<\/a><\/strong>, con 12 n\u00fameros que llegar\u00e1n puntualmente a tu casa <strong><a href=\"https:\/\/tienda.mariskalrock.com\/producto\/suscripcion-anual\/\" target=\"_blank\" rel=\"noopener nofollow\">por solo 50\u20ac.<\/a><\/strong><\/p>\n<p>CONSULTA LOS PUNTOS DE VENTA PREFERENTES (DONDE SI SE AGOTA LA REVISTA, SE REPONE AUTOM\u00c1TICAMENTE) EN TU PROVINCIA EN <strong><a href=\"https:\/\/mariskalrock.com\/wp-content\/uploads\/2025\/10\/puntos-de-venta-preferentes-2025-2.xlsx\" target=\"_blank\" rel=\"noopener nofollow\">ESTE DOCUMENTO DESCARGABLE<\/a><\/strong>.<\/p>\n<p>                         <a target=\"_blank\" href=\"http:\/\/www.mariskalrock.com\" class=\"url\" title=\"Jorge Bobadilla\" rel=\"nofollow noopener\"> <img decoding=\"async\" src=\"https:\/\/www.europesays.com\/es\/wp-content\/uploads\/2026\/07\/1783486346_778_jorge-bobadilla-2025-web-300x300-1.jpg\" class=\"photo\" width=\"250\" alt=\"Jorge Bobadilla\"\/><\/a> <\/p>\n<p>Llev\u00e1is ya m\u00e1s de veinte a\u00f1os ley\u00e9ndome por aqu\u00ed y por all\u00ed, as\u00ed que, vayamos al grano. En 2005 MariskalRock abri\u00f3 sus puertas a este humilde \u201cjuntaletras\u201d, y desde entonces el rock ha sido la punta del comp\u00e1s de mi vida. Aficionado tambi\u00e9n a atrapar im\u00e1genes (sean fijas o en movimiento), en estas dos d\u00e9cadas ser\u00eda raro que no nos hubi\u00e9ramos visto entre salas y festivales. Brindemos en la pr\u00f3xima.<\/p>\n<p> <a href=\"http:\/\/www.mariskalrock.com\" class=\"url\" target=\"_blank\" title=\"Jorge Bobadilla\" rel=\"nofollow noopener\"><img decoding=\"async\" src=\"https:\/\/www.europesays.com\/es\/wp-content\/uploads\/2026\/07\/1783486346_778_jorge-bobadilla-2025-web-300x300-1.jpg\" class=\"photo\" width=\"250\" alt=\"Jorge Bobadilla\"\/><\/a>\u00daltimas entradas de Jorge Bobadilla (<a target=\"_blank\" href=\"https:\/\/mariskalrock.com\/author\/jorge-bobadilla\/\" rel=\"nofollow noopener\">ver todo<\/a>)  <\/p>\n","protected":false},"excerpt":{"rendered":"\u00a1El n\u00famero especial de verano ya est\u00e1 aqu\u00ed con sus cien p\u00e1ginas rebosando la mejor m\u00fasica para acompa\u00f1arte&hellip;\n","protected":false},"author":2,"featured_media":647187,"comment_status":"","ping_status":"","sticky":false,"template":"","format":"standard","meta":{"footnotes":""},"categories":[170],"tags":[17371,54067,146,147,25,24,34316,55986,43041,42835,4622,184,185,58074,23,86996,30490,48887,119003,60092],"class_list":["post-647186","post","type-post","status-publish","format-standard","has-post-thumbnail","category-musica","tag-bon-jovi","tag-doro","tag-entertainment","tag-entretenimiento","tag-es","tag-espana","tag-five-finger-death-punch","tag-la-heavy","tag-linkin-park","tag-moonspell","tag-mr2022","tag-music","tag-musica","tag-savatage","tag-spain","tag-the-hu","tag-the-pretty-reckless","tag-thin-lizzy","tag-vargas-blues-band","tag-yes"],"share_on_mastodon":{"url":"https:\/\/pubeurope.com\/@es\/116882567938941988","error":""},"_links":{"self":[{"href":"https:\/\/www.europesays.com\/es\/wp-json\/wp\/v2\/posts\/647186","targetHints":{"allow":["GET"]}}],"collection":[{"href":"https:\/\/www.europesays.com\/es\/wp-json\/wp\/v2\/posts"}],"about":[{"href":"https:\/\/www.europesays.com\/es\/wp-json\/wp\/v2\/types\/post"}],"author":[{"embeddable":true,"href":"https:\/\/www.europesays.com\/es\/wp-json\/wp\/v2\/users\/2"}],"replies":[{"embeddable":true,"href":"https:\/\/www.europesays.com\/es\/wp-json\/wp\/v2\/comments?post=647186"}],"version-history":[{"count":0,"href":"https:\/\/www.europesays.com\/es\/wp-json\/wp\/v2\/posts\/647186\/revisions"}],"wp:featuredmedia":[{"embeddable":true,"href":"https:\/\/www.europesays.com\/es\/wp-json\/wp\/v2\/media\/647187"}],"wp:attachment":[{"href":"https:\/\/www.europesays.com\/es\/wp-json\/wp\/v2\/media?parent=647186"}],"wp:term":[{"taxonomy":"category","embeddable":true,"href":"https:\/\/www.europesays.com\/es\/wp-json\/wp\/v2\/categories?post=647186"},{"taxonomy":"post_tag","embeddable":true,"href":"https:\/\/www.europesays.com\/es\/wp-json\/wp\/v2\/tags?post=647186"}],"curies":[{"name":"wp","href":"https:\/\/api.w.org\/{rel}","templated":true}]}}