{"id":647190,"date":"2026-07-08T05:00:28","date_gmt":"2026-07-08T05:00:28","guid":{"rendered":"https:\/\/www.europesays.com\/es\/647190\/"},"modified":"2026-07-08T05:00:28","modified_gmt":"2026-07-08T05:00:28","slug":"valentino-nombro-como-unica-heredera-de-su-testamento-a-una-fundacion-creada-por-el-en-liechtenstein-gente","status":"publish","type":"post","link":"https:\/\/www.europesays.com\/es\/647190\/","title":{"rendered":"Valentino nombr\u00f3 como \u00fanica heredera de su testamento a una fundaci\u00f3n creada por \u00e9l en Liechtenstein | Gente"},"content":{"rendered":"<p class=\"\">Como suele ocurrir con las grandes fortunas, la del <a href=\"https:\/\/elpais.com\/cultura\/2026-01-19\/muere-el-disenador-valentino-gigante-de-la-moda.html\" target=\"_blank\" rel=\"noreferrer nofollow noopener\" title=\"https:\/\/elpais.com\/cultura\/2026-01-19\/muere-el-disenador-valentino-gigante-de-la-moda.html\">dise\u00f1ador Valentino Garavani<\/a>, fallecido el pasado 19 de enero en Roma, a los 93 a\u00f1os, sin herederos leg\u00edtimos, se ha mantenido durante un tiempo como el mayor de los secretos. Tras su muerte, que la industria de la moda llor\u00f3 como la de un padre, poco o nada se supo de qui\u00e9nes ser\u00edan los beneficiarios elegidos de su inmenso patrimonio. Esta fortuna, valorada en cientos de millones de euros, incluye un yate de 46 metros, villas (en plural), un castillo en Francia y valiosas obras de arte (entre ellas, de Picasso y Warhol), adem\u00e1s de inversiones financieras y efectivo en cuentas extranjeras. Ahora, el peri\u00f3dico italiano Corriere della Sera ha arrojado algo de luz al secreto guardado durante m\u00e1s de cuatro meses desde su muerte, descubriendo que la leyenda de la moda no falleci\u00f3 dej\u00e1ndolo todo por hacer, sino que <a href=\"https:\/\/www.corriere.it\/economia\/finanza\/26_luglio_07\/valentino-la-sorpresa-nel-testamento-ha-nominato-unica-erede-una-fondazione-del-liechtenstein-fb29a866-0993-4dd5-ae6f-776899516xlk.shtml\" target=\"_blank\" rel=\"noreferrer nofollow noopener\" title=\"https:\/\/www.corriere.it\/economia\/finanza\/26_luglio_07\/valentino-la-sorpresa-nel-testamento-ha-nominato-unica-erede-una-fondazione-del-liechtenstein-fb29a866-0993-4dd5-ae6f-776899516xlk.shtml\">nombr\u00f3 como \u00fanica heredera a una fundaci\u00f3n de Liechtenstein<\/a>. <\/p>\n<p class=\"\">El diario italiano, que ha tenido acceso a un testamento que el modisto entreg\u00f3 a un notario suizo en 2023, localiza a este heredero sorpresa en una direcci\u00f3n en la capital del principado, Vaduz. All\u00ed, en el n\u00famero 6 de la calle Heiligkreuz de esta urbe de 5.600 habitantes, en las oficinas del bufete de abogados y fideicomisos Marxer, se encuentra la Fundaci\u00f3n Valentino Garavani &#8211; Giancarlo Giammetti, que ha sido designada como \u201c\u00fanica heredera\u201d del dise\u00f1ador. En este punto, el peri\u00f3dico recuerda que ya exist\u00eda otra fundaci\u00f3n a nombre de <a href=\"https:\/\/elpais.com\/gente\/2026-01-23\/ultimo-adios-de-blanco-a-valentino.html\" target=\"_blank\" rel=\"noreferrer nofollow noopener\" title=\"https:\/\/elpais.com\/gente\/2026-01-23\/ultimo-adios-de-blanco-a-valentino.html\">Valentino<\/a> en Roma, pero esta sin \u00e1nimo de lucro: la <a href=\"https:\/\/www.fondazionevg-gg.com\/en\" target=\"_blank\" rel=\"noreferrer nofollow noopener\" title=\"https:\/\/www.fondazionevg-gg.com\/en\">Fondazione Valentino Garavani e Giancarlo Giammetti<\/a>, que desde su creaci\u00f3n en 2016 centraliza la misi\u00f3n filantr\u00f3pica de sus fundadores; estos son la leyenda de la moda y su amigo, socio y pareja durante muchos a\u00f1os, Giancarlo Giammetti.<\/p>\n<p>M\u00e1s informaci\u00f3n<\/p>\n<p class=\"\">Pero la fundaci\u00f3n que ahora se ha descubierto tiene otra finalidad. Siempre seg\u00fan la investigaci\u00f3n de la cabecera de prensa italiana, Valentino, que muri\u00f3 sin restricciones sobre a qui\u00e9n legar su fortuna (sin hijos), entreg\u00f3 su testamento al notario Rolf Schneider en la localidad suiza de Gstaad el 29 de marzo de 2023, quedando as\u00ed su sucesi\u00f3n regida por la ley suiza. Corriere publica adem\u00e1s que el testamento fue depositado en Italia el 21 de enero, dos d\u00edas despu\u00e9s del fallecimiento y dos d\u00edas <a href=\"https:\/\/elpais.com\/gente\/2026-01-21\/la-capilla-ardiente-de-valentino-en-roma-en-imagenes.html\" target=\"_blank\" rel=\"noreferrer nofollow noopener\" title=\"https:\/\/elpais.com\/gente\/2026-01-21\/la-capilla-ardiente-de-valentino-en-roma-en-imagenes.html\">antes del funeral<\/a>. Se ejecut\u00f3 en los meses siguientes, comenzando el 15 de abril de 2026, cuando la fundaci\u00f3n en Liechtenstein \u201cacept\u00f3 expresamente la herencia\u201d. <\/p>\n<p class=\"\">Desde entonces, muchas de las piezas m\u00e1s valiosas de la \u201ccolecci\u00f3n\u201d Valentino est\u00e1n registradas a nombre de esta fundaci\u00f3n heredera, aunque el proceso a\u00fan se est\u00e1 cursando. De momento, ya posee una villa de 30 habitaciones en la V\u00eda Apia, el yate de Valentino y las actividades operativas de la fundaci\u00f3n hom\u00f3nima en Italia. Como apunta el diario, es posible que la voluntad de Valentino al legar su herencia a esta fundaci\u00f3n fuera mantener el patrimonio unido y asegurar la gesti\u00f3n continua de sus bienes (inmuebles, obras de arte&#8230;), con vistas a que estos fueran a parar a las personas cercanas a \u00e9l, as\u00ed como a quienes promueven y transmiten su cultura.<\/p>\n<p class=\"\">Los documentos ejecutivos consultados se\u00f1alan que el testamento \u201cprev\u00e9 un \u00fanico heredero y una serie de legados\u201d. Entre quienes podr\u00edan beneficiarse de los bienes gestionados a trav\u00e9s de la fundaci\u00f3n de Liechtenstein estar\u00edan quien era pareja del modisto a su muerte, Vernon Bruce Hoeksema, as\u00ed como Giancarlo Giammetti, el sobrino de Valentino \u2014Piero Villani, hijo de su hermana Wanda, fallecida en 1997\u2014, la familia de su relaciones p\u00fablicas, el brasile\u00f1o Carlos Souza y, por \u00faltimo, su fundaci\u00f3n filantr\u00f3pica en Roma.<\/p>\n<p class=\"\">Sobre la joya de la corona del testamento de Valentino, <a href=\"https:\/\/elpais.com\/diario\/2011\/07\/17\/eps\/1310884010_850215.html\" target=\"_blank\" rel=\"noreferrer nofollow noopener\" title=\"https:\/\/elpais.com\/diario\/2011\/07\/17\/eps\/1310884010_850215.html\">el Ch\u00e2teau de Wideville<\/a>, un castillo del siglo XVI cerca de Par\u00eds, es desde junio propiedad de Succession Valentino Garavani. Esta sociedad est\u00e1 representada por Giancarlo Giammetti, Ronald Feijen y Marc Bonnant, los tres albaceas del testamento de Valentino, seg\u00fan publica Corriere della Sera. Precisamente ellos desempe\u00f1an un papel fundamental en la ejecuci\u00f3n efectiva del plan sucesorio del dise\u00f1ador, incluyendo la venta de una serie de activos \u2014entre los que se espera que est\u00e9 el castillo\u2014 para, entre otros objetivos, satisfacer a los beneficiarios de su legado.<\/p>\n<p class=\"\">Nacido en Voghera, una localidad entre Mil\u00e1n y G\u00e9nova, en 1932, Valentino Ludovico Clemente Garavani eligi\u00f3 su nombre de pila, simplemente Valentino, para fundar su firma en Roma, en 1959. Se hab\u00eda formado en Par\u00eds, a donde se mud\u00f3 a los 17 a\u00f1os, movido por su vocaci\u00f3n por la moda, y gracias al apoyo de su madre, quien pag\u00f3 ese viaje decisivo para su carrera. All\u00ed asisti\u00f3 a la \u00c9cole des Beaux-Arts de la Chambre Syndicale de la Couture Parisien y aprendi\u00f3 el oficio en los talleres de costura de Jean D\u00e8sses y Guy Laroche. De regreso a Italia, salt\u00f3 a la fama a partir de 1962 con su primer desfile en el Palazzo Pitti de Florencia, un triunfo un\u00e1nime. El dise\u00f1ador vendi\u00f3 su marca en 1998, aunque mantuvo sus cargos, y se retir\u00f3 definitivamente en 2007.<\/p>\n","protected":false},"excerpt":{"rendered":"Como suele ocurrir con las grandes fortunas, la del dise\u00f1ador Valentino Garavani, fallecido el pasado 19 de enero&hellip;\n","protected":false},"author":2,"featured_media":647191,"comment_status":"","ping_status":"","sticky":false,"template":"","format":"standard","meta":{"footnotes":""},"categories":[91],"tags":[209,14048,146,147,25,24,260,21570,628,1023,23,67426,79546],"class_list":["post-647190","post","type-post","status-publish","format-standard","has-post-thumbnail","category-entretenimiento","tag-cultura","tag-disenadores-moda","tag-entertainment","tag-entretenimiento","tag-es","tag-espana","tag-gente","tag-herencias","tag-italia","tag-moda","tag-spain","tag-testamentos","tag-valentino-garavani"],"share_on_mastodon":{"url":"https:\/\/pubeurope.com\/@es\/116882599186153980","error":""},"_links":{"self":[{"href":"https:\/\/www.europesays.com\/es\/wp-json\/wp\/v2\/posts\/647190","targetHints":{"allow":["GET"]}}],"collection":[{"href":"https:\/\/www.europesays.com\/es\/wp-json\/wp\/v2\/posts"}],"about":[{"href":"https:\/\/www.europesays.com\/es\/wp-json\/wp\/v2\/types\/post"}],"author":[{"embeddable":true,"href":"https:\/\/www.europesays.com\/es\/wp-json\/wp\/v2\/users\/2"}],"replies":[{"embeddable":true,"href":"https:\/\/www.europesays.com\/es\/wp-json\/wp\/v2\/comments?post=647190"}],"version-history":[{"count":0,"href":"https:\/\/www.europesays.com\/es\/wp-json\/wp\/v2\/posts\/647190\/revisions"}],"wp:featuredmedia":[{"embeddable":true,"href":"https:\/\/www.europesays.com\/es\/wp-json\/wp\/v2\/media\/647191"}],"wp:attachment":[{"href":"https:\/\/www.europesays.com\/es\/wp-json\/wp\/v2\/media?parent=647190"}],"wp:term":[{"taxonomy":"category","embeddable":true,"href":"https:\/\/www.europesays.com\/es\/wp-json\/wp\/v2\/categories?post=647190"},{"taxonomy":"post_tag","embeddable":true,"href":"https:\/\/www.europesays.com\/es\/wp-json\/wp\/v2\/tags?post=647190"}],"curies":[{"name":"wp","href":"https:\/\/api.w.org\/{rel}","templated":true}]}}