{"id":647314,"date":"2026-07-08T06:59:11","date_gmt":"2026-07-08T06:59:11","guid":{"rendered":"https:\/\/www.europesays.com\/es\/647314\/"},"modified":"2026-07-08T06:59:11","modified_gmt":"2026-07-08T06:59:11","slug":"ultima-hora-de-la-cumbre-de-la-otan-en-ankara-en-directo-la-primera-ministra-de-dinamarca-remarca-que-groenlandia-no-esta-en-venta-y-que-defendera-la-isla-artica-internacional","status":"publish","type":"post","link":"https:\/\/www.europesays.com\/es\/647314\/","title":{"rendered":"\u00daltima hora de la cumbre de la OTAN, en Ankara, en directo | La primera ministra de Dinamarca remarca que Groenlandia no est\u00e1 en venta y que defender\u00e1 la isla \u00e1rtica | Internacional"},"content":{"rendered":"<p class=\"ev-title\">El secretario general de la OTAN justifica el ataque a Ir\u00e1n: \u201cEra absolutamente necesario\u201d<\/p>\n<p>El secretario general de la OTAN, Mark Rutte, ha justificado el bombardeo de Estados Unidos contra Ir\u00e1n durante la pasada noche como \u201cabsolutamente necesario\u201d despu\u00e9s de que Ir\u00e1n hubiera atacado dos buques en el estrecho de Ormuz. \u201cCuando tienes un alto el fuego e Ir\u00e1n lo est\u00e1 violando, creo que es crucial que EE UU reaccione con la fuerza\u201d, afirm\u00f3 Rutte a la entrada de la reuni\u00f3n de jefes de Estado y de Gobierno de la OTAN que se celebra hoy en Ankara, en una cumbre de la Alianza en que el exprimer ministro holand\u00e9s no ha hecho otra cosa que tratar de contentar al estadounidense Donald Trump y defender sus posiciones. Rutte subray\u00f3 que es \u201cmuy importante\u201d asegurarse de que no haya un Ir\u00e1n nuclear y que es \u201cesencial\u201d la apertura del estrecho de Ormuz a la libre navegaci\u00f3n.<\/p>\n<p>El primer ministro canadiense, Mark Carney, tambi\u00e9n acus\u00f3 de la nueva confrontaci\u00f3n a Ir\u00e1n por haber \u201cactuado irresponsablemente\u201d pese a que hab\u00eda un \u201cperiodo de desescalada\u201d en marcha con ocasi\u00f3n de los funerales del anterior l\u00edder supremo, Al\u00ed Jamene\u00ed, y su familia.<\/p>\n<p>\u201cEstamos preocupados por la escalada en Oriente Pr\u00f3ximo pero entendemos lo que ha hecho EE UU. Mi pa\u00eds es solidario con EE UU\u201d, dijo el presidente lituano, Gitanas Nauseda, quien se mostr\u00f3 dispuesto a enviar una misi\u00f3n de desminado al estrecho de Ormuz (algo a lo que Ir\u00e1n se opone alegando que es algo que compete a la Rep\u00fablica Isl\u00e1mica seg\u00fan el memorando firmado con Trump). \u201cEste es nuestro conflicto tambi\u00e9n. Si queremos que EE UU nos ayude, tambi\u00e9n nosotros debemos ayudar a EE UU\u201d, afirm\u00f3 el jefe de Estado de Lituania.<\/p>\n<p>El contrapunto lo puso el primer ministro b\u00falgaro, Rumen Radev, de tendencia prorrusa, que pidi\u00f3 a sus aliados \u201cno escalar ni en Ucrania ni en Groenlandia ni en Oriente Pr\u00f3ximo\u201d.<\/p>\n<p>Pocos l\u00edderes atl\u00e1nticos hicieron menci\u00f3n a la situaci\u00f3n en Oriente Pr\u00f3ximo, pues la mayor\u00eda se centr\u00f3 en la amenaza rusa y los exabruptos de Trump sobre Groenlandia, as\u00ed como en la necesidad de rearmarse. El conflicto iniciado por EE UU e Israel contra Ir\u00e1n divide a los miembros de la Alianza y el propio Trump se ha quejado de la poca ayuda recibida, sobre todo de la UE, en su campa\u00f1a b\u00e9lica. Con todo, el secretario general de la OTAN record\u00f3 que durante la campa\u00f1a b\u00e9lica contra Ir\u00e1n, aviones estadounidenses hicieron 5.000 salidas desde bases en territorio europeo. \u201cEuropa es una gran plataforma de proyecci\u00f3n de poder para EE UU\u201d, afirm\u00f3 Rutte.<\/p>\n","protected":false},"excerpt":{"rendered":"El secretario general de la OTAN justifica el ataque a Ir\u00e1n: \u201cEra absolutamente necesario\u201d El secretario general de&hellip;\n","protected":false},"author":2,"featured_media":647315,"comment_status":"","ping_status":"","sticky":false,"template":"","format":"standard","meta":{"footnotes":""},"categories":[42],"tags":[42009,17,18,22007,1616,352,13,14,7913,7082,11,61,62,63,64,19,20,13066,9,10,15,16,1613,2959,952,15489,1620,12,8584,21,22,14181,65,66,67],"class_list":["post-647314","post","type-post","status-publish","format-standard","has-post-thumbnail","category-internacional","tag-ankara","tag-breaking-news","tag-breakingnews","tag-cumbres-internacionales","tag-defensa","tag-donald-trump","tag-featured-news","tag-featurednews","tag-gasto-militar","tag-guerra-de-rusia-en-ucrania","tag-headlines","tag-internacional","tag-international","tag-international-news","tag-internationalnews","tag-latest-news","tag-latestnews","tag-mark-rutte","tag-news","tag-noticias","tag-noticias-destacadas","tag-noticiasdestacadas","tag-otan","tag-pedro-sanchez","tag-politica","tag-relaciones-exteriores","tag-relaciones-internacionales","tag-titulares","tag-turquia","tag-ultimas-noticias","tag-ultimasnoticias","tag-volodimir-zelenski","tag-world","tag-world-news","tag-worldnews"],"share_on_mastodon":{"url":"","error":"Validation failed: Text character limit of 500 exceeded"},"_links":{"self":[{"href":"https:\/\/www.europesays.com\/es\/wp-json\/wp\/v2\/posts\/647314","targetHints":{"allow":["GET"]}}],"collection":[{"href":"https:\/\/www.europesays.com\/es\/wp-json\/wp\/v2\/posts"}],"about":[{"href":"https:\/\/www.europesays.com\/es\/wp-json\/wp\/v2\/types\/post"}],"author":[{"embeddable":true,"href":"https:\/\/www.europesays.com\/es\/wp-json\/wp\/v2\/users\/2"}],"replies":[{"embeddable":true,"href":"https:\/\/www.europesays.com\/es\/wp-json\/wp\/v2\/comments?post=647314"}],"version-history":[{"count":0,"href":"https:\/\/www.europesays.com\/es\/wp-json\/wp\/v2\/posts\/647314\/revisions"}],"wp:featuredmedia":[{"embeddable":true,"href":"https:\/\/www.europesays.com\/es\/wp-json\/wp\/v2\/media\/647315"}],"wp:attachment":[{"href":"https:\/\/www.europesays.com\/es\/wp-json\/wp\/v2\/media?parent=647314"}],"wp:term":[{"taxonomy":"category","embeddable":true,"href":"https:\/\/www.europesays.com\/es\/wp-json\/wp\/v2\/categories?post=647314"},{"taxonomy":"post_tag","embeddable":true,"href":"https:\/\/www.europesays.com\/es\/wp-json\/wp\/v2\/tags?post=647314"}],"curies":[{"name":"wp","href":"https:\/\/api.w.org\/{rel}","templated":true}]}}