{"id":647446,"date":"2026-07-08T08:55:11","date_gmt":"2026-07-08T08:55:11","guid":{"rendered":"https:\/\/www.europesays.com\/es\/647446\/"},"modified":"2026-07-08T08:55:11","modified_gmt":"2026-07-08T08:55:11","slug":"un-agente-del-ice-mata-a-tiros-a-un-migrante-mexicano-en-houston","status":"publish","type":"post","link":"https:\/\/www.europesays.com\/es\/647446\/","title":{"rendered":"Un agente del ICE mata a tiros a un migrante mexicano en Houston"},"content":{"rendered":"<p class=\"article-text\">\n        Un agente del Servicio de Inmigraci\u00f3n y Control de Aduanas de EEUU (ICE) ha disparado y matado este martes a un hombre en Houston despu\u00e9s de que \u00e9ste intentara evitar ser detenido en su veh\u00edculo durante una operaci\u00f3n policial, seg\u00fan ha informado la agencia.\n    <\/p>\n<p class=\"article-text\">\n        El Departamento de Seguridad Nacional (DHS) afirm\u00f3 en un comunicado que el hombre, de nacionalidad mexicana, desoy\u00f3 las \u00f3rdenes de detenerse mientras conduc\u00eda hacia el agente, quien dispar\u00f3 su arma.\n    <\/p>\n<p class=\"article-text\">\n        El hombre estaba siendo perseguido porque, seg\u00fan el DHS, resid\u00eda en el pa\u00eds sin permiso legal. El coche del hombre embisti\u00f3 a un veh\u00edculo del ICE, seg\u00fan el departamento, del que depende el ICE.\n    <\/p>\n<p class=\"article-text\">\n        La muerte ha provocado llamamientos por parte de algunos responsables dem\u00f3cratas y grupos defensores de los derechos de los migrantes para que se llevara a cabo una investigaci\u00f3n independiente.\n    <\/p>\n<p class=\"article-text\">\n        La congresista dem\u00f3crata Sylvia Garc\u00eda, que representa al barrio donde tuvo lugar el tiroteo, afirm\u00f3 que la versi\u00f3n inicial difundida por las autoridades federales debe ser verificada de forma independiente.\n    <\/p>\n<p class=\"article-text\">\n        \u201cTodas las grabaciones disponibles, las comunicaciones y otras pruebas deben conservarse y revisarse como parte de una investigaci\u00f3n completa e imparcial\u201d, afirm\u00f3 en una publicaci\u00f3n en X.\n    <\/p>\n<blockquote class=\"twitter-tweet\" data-lang=\"es\"><p><a href=\"https:\/\/twitter.com\/X\/status\/2074610720671719505?ref_src=twsrc%5Etfw\" rel=\"nofollow noopener\" target=\"_blank\"><\/p><\/blockquote>\n<p class=\"article-text\">\n        El comunicado del DHS identific\u00f3 al hombre como Lorenzo Salgado Araujo y se\u00f1al\u00f3 que falleci\u00f3 en un hospital.\n    <\/p>\n<blockquote class=\"twitter-tweet\" data-lang=\"es\"><p><a href=\"https:\/\/twitter.com\/X\/status\/2074626271716216846?ref_src=twsrc%5Etfw\" rel=\"nofollow noopener\" target=\"_blank\"><\/p><\/blockquote>\n<p class=\"article-text\">\n        La oficina local del FBI en Houston est\u00e1 investigando el caso, seg\u00fan ha declarado el portavoz, Connor Hagan. Adem\u00e1s, representantes del equipo de recogida de pruebas de la oficina acudieron al lugar del tiroteo a petici\u00f3n del DHS para procesar la escena, ha a\u00f1adido.\n    <\/p>\n<p class=\"article-text\">\n        El tiroteo se produce en medio de una nueva intensificaci\u00f3n de la campa\u00f1a de la Administraci\u00f3n Trump para llevar a cabo su agenda de deportaciones masivas.\n    <\/p>\n<p class=\"article-text\">\n        Durante el periodo de cinco d\u00edas a finales de junio, el ICE ha detenido a m\u00e1s de 10.000 personas. Las cifras indican que, aunque la Administraci\u00f3n Trump ya no est\u00e1 tomando medidas dr\u00e1sticas contra ciudades concretas, las detenciones contin\u00faan y est\u00e1n aumentando.\n    <\/p>\n<p class=\"article-text\">\n        Juliet Mart\u00ednez cont\u00f3 que el martes por la ma\u00f1ana temprano se dirig\u00eda a Houston para llevar a su hijo a la escuela de verano cuando vio a dos agentes federales inclinados sobre un hombre que yac\u00eda en el suelo, informa AP. Mientras pasaba lentamente en su coche, grab\u00f3 al hombre, que sangraba y estaba esposado, con la pierna temblando y de quien se o\u00edan fuertes gemidos.\n    <\/p>\n<p class=\"article-text\">\n        El v\u00eddeo muestra un veh\u00edculo negro estacionado en \u00e1ngulo frente a una furgoneta blanca, con las puertas de ambas abiertas de par en par, y al hombre tendido entre ambos. Uno de los agentes est\u00e1 hablando por tel\u00e9fono, con la otra mano apoyada en el costado del hombre. Cerca de all\u00ed, otros agentes federales se encuentran junto a al menos otros tres hombres esposados.\n    <\/p>\n<p class=\"article-text\">\n        La ciudad m\u00e1s grande de Texas ha sido escenario de operaciones de control cada vez m\u00e1s intensas desde que comenz\u00f3 la campa\u00f1a de represi\u00f3n el a\u00f1o pasado, lo que no ha dejado de provocar reacciones negativas por parte de la ciudadan\u00eda.\n    <\/p>\n<p class=\"article-text\">\n        El Ayuntamiento de Houston vot\u00f3 a favor de aprobar una ordenanza que limitaba la cooperaci\u00f3n con el ICE, pero dio marcha atr\u00e1s despu\u00e9s de que el gobernador republicano de Texas, Greg Abbott, amenazara con recortar m\u00e1s de 100 millones de d\u00f3lares en fondos estatales destinados a la seguridad p\u00fablica.\n    <\/p>\n<p class=\"article-text\">\n        Ronaldo Salgado, hijo de Salgado Araujo, afirm\u00f3 en una publicaci\u00f3n en Facebook que su padre trabaja en la construcci\u00f3n y se dirig\u00eda al trabajo, para recoger a sus trabajadores, cuando se produjo el tiroteo. Salgado describi\u00f3 a su padre como un mexicano muy trabajador que lleva casi 35 a\u00f1os en EE. UU. y que estaba tramitando un permiso de trabajo. \u201cMi padre no se merec\u00eda esto\u201d, afirma.\n    <\/p>\n<blockquote class=\"twitter-tweet\" data-lang=\"es\"><p><a href=\"https:\/\/twitter.com\/X\/status\/2074693428932178375?ref_src=twsrc%5Etfw\" rel=\"nofollow noopener\" target=\"_blank\"><\/p><\/blockquote>\n<p class=\"article-text\">\n        Un peque\u00f1o grupo de manifestantes se reuni\u00f3 el martes por la tarde en el barrio donde tuvo lugar el tiroteo y core\u00f3 consignas contra el ICE.\n    <\/p>\n<p class=\"article-text\">\n        Esta es, al menos, la octava muerte a manos de funcionarios federales de migraci\u00f3n desde el inicio de la campa\u00f1a de represi\u00f3n migratoria de la Administraci\u00f3n Trump.\n    <\/p>\n<p class=\"article-text\">\n        Las descripciones iniciales de los funcionarios de inmigraci\u00f3n han sido contradichas posteriormente por pruebas en v\u00eddeo.\n    <\/p>\n<p class=\"article-text\">\n        En febrero, las autoridades federales iniciaron una investigaci\u00f3n sobre dos agentes federales de inmigraci\u00f3n que parec\u00edan haber realizado declaraciones falsas bajo juramento en relaci\u00f3n con un tiroteo no mortal contra un inmigrante en Minneapolis en enero.\n    <\/p>\n<p class=\"article-text\">\n        El a\u00f1o pasado, un agente federal de inmigraci\u00f3n dispar\u00f3 y mat\u00f3 a Rub\u00e9n Ray Mart\u00ednez, un ciudadano estadounidense de 23 a\u00f1os, durante un control de tr\u00e1fico a altas horas de la noche. Un gran jurado se neg\u00f3 a presentar cargos penales contra el agente. El DHS afirm\u00f3 que el agente hab\u00eda disparado contra el veh\u00edculo despu\u00e9s de que el conductor \u201catropellara intencionadamente\u201d a su compa\u00f1ero. Las im\u00e1genes de v\u00eddeo del incidente difundidas por las autoridades no muestran claramente que el veh\u00edculo golpeara al agente.\n    <\/p>\n<p class=\"article-text\">\n        En enero, Renee Good, una ciudadana estadounidense de 37 a\u00f1os, recibi\u00f3 un disparo en la cabeza por parte de un agente federal de inmigraci\u00f3n durante una redada en Minneapolis.\n    <\/p>\n<p class=\"article-text\">\n        El DHS tambi\u00e9n afirm\u00f3 que Good intentaba atropellar al agente con su veh\u00edculo, algo que las autoridades locales y los testigos negaron, alegando que ella solo intentaba huir del lugar.\n    <\/p>\n<p>                                        <script async src=\"https:\/\/platform.twitter.com\/widgets.js\" charset=\"utf-8\"><\/script><\/p>\n","protected":false},"excerpt":{"rendered":"Un agente del Servicio de Inmigraci\u00f3n y Control de Aduanas de EEUU (ICE) ha disparado y matado este&hellip;\n","protected":false},"author":2,"featured_media":647447,"comment_status":"","ping_status":"","sticky":false,"template":"","format":"standard","meta":{"footnotes":""},"categories":[42],"tags":[3827,17,18,13,14,11,366,6581,16531,61,62,63,64,19,20,12837,10764,9,10,15,16,3338,31072,12,21,22,65,66,67],"class_list":["post-647446","post","type-post","status-publish","format-standard","has-post-thumbnail","category-internacional","tag-agente","tag-breaking-news","tag-breakingnews","tag-featured-news","tag-featurednews","tag-headlines","tag-hombre","tag-houston","tag-ice","tag-internacional","tag-international","tag-international-news","tag-internationalnews","tag-latest-news","tag-latestnews","tag-mata","tag-mexicano","tag-news","tag-noticias","tag-noticias-destacadas","tag-noticiasdestacadas","tag-origen","tag-tiros","tag-titulares","tag-ultimas-noticias","tag-ultimasnoticias","tag-world","tag-world-news","tag-worldnews"],"share_on_mastodon":{"url":"https:\/\/pubeurope.com\/@es\/116883523464798136","error":""},"_links":{"self":[{"href":"https:\/\/www.europesays.com\/es\/wp-json\/wp\/v2\/posts\/647446","targetHints":{"allow":["GET"]}}],"collection":[{"href":"https:\/\/www.europesays.com\/es\/wp-json\/wp\/v2\/posts"}],"about":[{"href":"https:\/\/www.europesays.com\/es\/wp-json\/wp\/v2\/types\/post"}],"author":[{"embeddable":true,"href":"https:\/\/www.europesays.com\/es\/wp-json\/wp\/v2\/users\/2"}],"replies":[{"embeddable":true,"href":"https:\/\/www.europesays.com\/es\/wp-json\/wp\/v2\/comments?post=647446"}],"version-history":[{"count":0,"href":"https:\/\/www.europesays.com\/es\/wp-json\/wp\/v2\/posts\/647446\/revisions"}],"wp:featuredmedia":[{"embeddable":true,"href":"https:\/\/www.europesays.com\/es\/wp-json\/wp\/v2\/media\/647447"}],"wp:attachment":[{"href":"https:\/\/www.europesays.com\/es\/wp-json\/wp\/v2\/media?parent=647446"}],"wp:term":[{"taxonomy":"category","embeddable":true,"href":"https:\/\/www.europesays.com\/es\/wp-json\/wp\/v2\/categories?post=647446"},{"taxonomy":"post_tag","embeddable":true,"href":"https:\/\/www.europesays.com\/es\/wp-json\/wp\/v2\/tags?post=647446"}],"curies":[{"name":"wp","href":"https:\/\/api.w.org\/{rel}","templated":true}]}}