{"id":647465,"date":"2026-07-08T09:10:56","date_gmt":"2026-07-08T09:10:56","guid":{"rendered":"https:\/\/www.europesays.com\/es\/647465\/"},"modified":"2026-07-08T09:10:56","modified_gmt":"2026-07-08T09:10:56","slug":"la-siete-negocia-con-manuel-casals-la-cesion-de-su-explotacion-comercial","status":"publish","type":"post","link":"https:\/\/www.europesays.com\/es\/647465\/","title":{"rendered":"La Siete negocia con Manuel Casals la cesi\u00f3n de su explotaci\u00f3n comercial"},"content":{"rendered":"<p style=\"\">El nuevo canal digital ideado por Jos\u00e9 Miguel Contreras, creador de La Sexta y exdirector de contenidos de Prisa Media, va a buen ritmo y tomando forma. De momento, el consorcio Siete (acr\u00f3nimo de Servicios Integrados de Entretenimiento Televisivo) ya tiene fecha para arrancar su  &#8230; nuevo canal: el pr\u00f3ximo 5 de noviembre, bajo el nombre comercial <strong>&#8216;La S\u00e9p7ima&#8217;<\/strong>, y con Toboggan Group como proveedor t\u00e9cnico, que se impuso a Mediapro, y con una inyecci\u00f3n de capital en la sociedad de cerca de 400.000 euros con los que afrontar los meses previos al lanzamiento. Ahora, falta por conocer qui\u00e9n gestionar\u00e1 y comercializar\u00e1 su publicidad. <\/p>\n<p class=\"v-d-p\" style=\"\">Seg\u00fan ha podido saber ABC, la directiva del canal mantiene negociaciones muy avanzadas con uno de los grandes agentes del sector publicitario en los \u00faltimos a\u00f1os: Pulsa Media Consulting, <strong>presidida por Manuel Casals<\/strong> -hijo de Mauricio Casals, presidente del diario &#8216;La Raz\u00f3n&#8217; y miembro del consejo de administraci\u00f3n de Atresmedia, quien ha manifestado que es ajeno a esta sociedad- y de la que forman parte desde Sony hasta Radio Blanca, esta ultima propiedad de Blas Herrero.<\/p>\n<p class=\"v-d-p\" style=\"\">La compa\u00f1\u00eda de Casals mantiene acuerdos con diferentes clientes para comercializar su publicidad a cambio de un porcentaje de los ingresos. Su informe de cuentas de 2024, al que ha tenido acceso este peri\u00f3dico, muestra que su facturaci\u00f3n aument\u00f3 hasta los 140 millones de euros y su beneficio fue de 11,18 millones de euros.<\/p>\n<p class=\"v-d-p\" style=\"\">Las fuentes, que aseguran que una nueva firma ha \u00abtocado a la puerta de La Siete con <strong>una mejor oferta<\/strong> por comercializar su publicidad\u00bb -deslizan que podr\u00eda tratarse de Publiespa\u00f1a, del Grupo Mediaset- se\u00f1alan que entre los clientes de Pulsa Media figuran Warner Bros Discovery, Paramount, The Walt Disney Company, Hearst, NBC Universal, Sony Pictures, Real Madrid, AMC Networks, TRECE, BOM Cine, Kiss Media, Mediapro, Squirrel y Unidad Editorial (TDT).<\/p>\n<p>\nComercializadora nueva\n<\/p>\n<p class=\"v-d-p\" style=\"\">El mercado de la comercializaci\u00f3n de publicidad est\u00e1 en plena ebullici\u00f3n y las peque\u00f1as cadenas de TDT agrupadas en la Asociaci\u00f3n Espa\u00f1ola de Televisiones Privadas Digitales Terrestres tienen muy avanzado el proyecto de crear una comercializadora de publicidad, seg\u00fan publica &#8216;El Espa\u00f1ol&#8217;. La idea es vender sus espacios publicitarios desde una empresa propia ante las dudas que han surgido, precisamente, sobre la gesti\u00f3n de su actual exclusivista: Pulsa Media, que \u00abnecesita como agua de mayo firmar con La Siete, ya que los dos canales que comercializaba de Squirrel se los ha quedado ahora Mediaset y por tanto han perdido inventario que comercializar\u00bb, afirma una fuente del sector.<\/p>\n<p class=\"v-d-p\" style=\"\">El <strong>consorcio Siete<\/strong> est\u00e1 participado a partes iguales por cuatro socios con un 25% cada uno, administrado por Andr\u00e9s Varela Entrecanales y vinculada a una alianza empresarial capitaneada por los llamados \u00abrebeldes\u00bb del grupo Prisa, en su pulso hasta el a\u00f1o pasado con Joseph Oughourlian, presidente de la compa\u00f1\u00eda de medios. El cuarto socio es el empresario argentino Jos\u00e9 Luis Manzano, mayor accionista de Telef\u00e9.<\/p>\n<p class=\"v-d-p\" style=\"\">El asesoramiento estrat\u00e9gico y editorial recae en Contreras, cofundador de Globomedia y art\u00edfice del lanzamiento de La Sexta bajo el gobierno de Jos\u00e9 Luis Rodr\u00edguez Zapatero, que trabaja en contenidos y programaci\u00f3n desde el mismo momento del lanzamiento del nuevo canal tras su licitaci\u00f3n. De hecho, seg\u00fan las fuentes consultadas,<a href=\"https:\/\/www.abc.es\/play\/television\/nueva-tdt-caza-presentadores-tertulianos-afines-causa-20260528085352-nt.html\" target=\"_self\" data-voc-vtm-id=\"in-text-traffic\" data-mrf-link=\"www.abc.es\" rel=\"nofollow noopener\"> uno de los \u00faltimos profesionales que est\u00e1 sopesando contratar es Javier Ruiz<\/a>, presentador de \u00abMa\u00f1aneros 360\u00bb en Televisi\u00f3n Espa\u00f1ola, como director de contenidos de la nueva cadena, que abrir\u00e1 su espacio en el espectro radioel\u00e9ctrico a principios de noviembre, momento en el que tambi\u00e9n comenzar\u00e1n las emisiones de TDT en ultra alta definici\u00f3n (UHD) en Espa\u00f1a. <\/p>\n<p class=\"v-d-p\" style=\"\">Contreras, un hombre de la m\u00e1xima confianza del entorno del PSOE -tanto de Zapatero como del actual presidente del Gobierno, Pedro S\u00e1nchez -de ah\u00ed que en todos los medios se califique al nuevo canal como<strong> &#8216;TelePedro&#8217;<\/strong>&#8211; ha asegurado que los contenidos no ser\u00e1n \u00abrojos o azules, o ultra rojos o ultra azules, eso ya existe. Lo que tenemos que presentar es una alternativa cre\u00edble, que las caras que tengamos lo representen y que los contenidos vayan acordes\u00bb.<\/p>\n<p class=\"v-d-p\" style=\"\">El objetivo declarado del nuevo canal digital es <strong>competir contra Cuatro y La Sexta<\/strong> y romper el duopolio de Atresmedia y Mediaset. Contreras lo resumi\u00f3 con iron\u00eda: \u00abAtresmedia y Mediaset tienen que moverse un poco de sus sillas; hasta que no se levanten y se vayan, nosotros no podemos sentarnos\u00bb. Las metas de audiencia son ambiciosas: 2% de cuota de pantalla el primer a\u00f1o, 3% el segundo y 4% a medio plazo. El reto no es menor: cadenas que recibieron licencias en 2015 como Trece, Ten o DKiss no han superado el 2% en una d\u00e9cada de emisi\u00f3n.<\/p>\n","protected":false},"excerpt":{"rendered":"El nuevo canal digital ideado por Jos\u00e9 Miguel Contreras, creador de La Sexta y exdirector de contenidos de&hellip;\n","protected":false},"author":2,"featured_media":647466,"comment_status":"","ping_status":"","sticky":false,"template":"","format":"standard","meta":{"footnotes":""},"categories":[171],"tags":[119042,3226,5057,13651,146,147,25,24,29636,367,3822,5064,15077,5294,23,214],"class_list":["post-647465","post","type-post","status-publish","format-standard","has-post-thumbnail","category-tv","tag-casals","tag-cede","tag-comercial","tag-contreras","tag-entertainment","tag-entretenimiento","tag-es","tag-espana","tag-explotacion","tag-familia","tag-firma","tag-gestion","tag-pulsa","tag-siete","tag-spain","tag-tv"],"share_on_mastodon":{"url":"https:\/\/pubeurope.com\/@es\/116883586070343521","error":""},"_links":{"self":[{"href":"https:\/\/www.europesays.com\/es\/wp-json\/wp\/v2\/posts\/647465","targetHints":{"allow":["GET"]}}],"collection":[{"href":"https:\/\/www.europesays.com\/es\/wp-json\/wp\/v2\/posts"}],"about":[{"href":"https:\/\/www.europesays.com\/es\/wp-json\/wp\/v2\/types\/post"}],"author":[{"embeddable":true,"href":"https:\/\/www.europesays.com\/es\/wp-json\/wp\/v2\/users\/2"}],"replies":[{"embeddable":true,"href":"https:\/\/www.europesays.com\/es\/wp-json\/wp\/v2\/comments?post=647465"}],"version-history":[{"count":0,"href":"https:\/\/www.europesays.com\/es\/wp-json\/wp\/v2\/posts\/647465\/revisions"}],"wp:featuredmedia":[{"embeddable":true,"href":"https:\/\/www.europesays.com\/es\/wp-json\/wp\/v2\/media\/647466"}],"wp:attachment":[{"href":"https:\/\/www.europesays.com\/es\/wp-json\/wp\/v2\/media?parent=647465"}],"wp:term":[{"taxonomy":"category","embeddable":true,"href":"https:\/\/www.europesays.com\/es\/wp-json\/wp\/v2\/categories?post=647465"},{"taxonomy":"post_tag","embeddable":true,"href":"https:\/\/www.europesays.com\/es\/wp-json\/wp\/v2\/tags?post=647465"}],"curies":[{"name":"wp","href":"https:\/\/api.w.org\/{rel}","templated":true}]}}