{"id":647471,"date":"2026-07-08T09:16:13","date_gmt":"2026-07-08T09:16:13","guid":{"rendered":"https:\/\/www.europesays.com\/es\/647471\/"},"modified":"2026-07-08T09:16:13","modified_gmt":"2026-07-08T09:16:13","slug":"nieves-alvarez-musa-del-desfile-de-stephane-rolland-dias-despues-de-su-boda-en-paris","status":"publish","type":"post","link":"https:\/\/www.europesays.com\/es\/647471\/","title":{"rendered":"Nieves \u00c1lvarez, musa del desfile de St\u00e9phane Rolland d\u00edas despu\u00e9s de su boda en Par\u00eds"},"content":{"rendered":"<p style=\"\"><strong>Nieves \u00c1lvarez<\/strong> se ha casado en secreto con Bill Saad, seg\u00fan ha desvelado hoy la revista Hola que publica en exclusiva im\u00e1genes de la radiante novia. Como no pod\u00eda ser de otra forma, la presentadora llev\u00f3 un vestido de <strong>St\u00e9phane Rolland<\/strong>, el dise\u00f1ador  &#8230; con el que mantiene una relaci\u00f3n profesional desde hace d\u00e9cadas. Lo curioso es que solo unos d\u00edas despu\u00e9s del enlace, \u00c1lvarez se subi\u00f3 a la pasarela para abrir el desfile del modisto dentro de la <strong>Semana de la Alta Costura de Par\u00eds,<\/strong> que se celebra estos d\u00edas. De esta manera, ha jugado al despiste con la prensa, ya que la boda estaba prevista para el s\u00e1bado 11 de julio (cuando tendr\u00e1 lugar una celebraci\u00f3n con familiares y amigos). <\/p>\n<p class=\"v-d-p\" style=\"\">A sus 52 a\u00f1os la modelo y empresaria de la belleza (lanz\u00f3 en 2023 la firma dermocosm\u00e9tica Nieves by Nieves \u00c1lvarez) sigue siendo la musa indiscutible de St\u00e9phane Rolland, uno de los grandes nombres de la alta costura. En una <a href=\"https:\/\/www.abc.es\/estilo\/belleza\/nieves-alvarez-ningun-secreto-belleza-clave-constancia-20230412223511-nt.html\" target=\"_blank\" data-voc-vtm-id=\"in-text-traffic\" data-mrf-link=\"www.abc.es\" rel=\"nofollow noopener\">entrevista con este peri\u00f3dico<\/a> cont\u00f3 c\u00f3mo empez\u00f3 su &#8216;idilio&#8217;: \u00abNos conocimos en 1993 cuando era el <strong>dise\u00f1ador de Balenciaga<\/strong>. Estuve muchos a\u00f1os con \u00e9l, nos perdimos la pista, y tras un encuentro casual en Par\u00eds cuando yo ten\u00eda 39 a\u00f1os, me volvi\u00f3 a llamar. Desde entonces no me pierdo ninguno de sus desfiles. Me ha ayudado mucho a nivel personal y profesional\u00bb. <\/p>\n<p class=\"v-d-p\" style=\"\">En el \u00faltimo desfile, en el que el dise\u00f1ador ha presentado las propuestas de la <strong>colecci\u00f3n oto\u00f1o\/invierno 2026-27<\/strong>, la espa\u00f1ola luci\u00f3 dos originales estilismos: el primero estaba formado por un mono blanco de cuello alto y pantalones bombachos, acompa\u00f1ado de una capa, que combin\u00f3 con botas de ante altas y arrugadas y guantes a juego. \u00c1lvarez luci\u00f3, adem\u00e1s, un &#8216;beauty look&#8217; muy sofisticado con el cabello recogido en una coleta baja extralarga (para la que usaron extensiones) y un potente maquillaje con ojos ahumados y labios nude.<\/p>\n<p><img decoding=\"async\" loading=\"lazy\" src=\"https:\/\/www.europesays.com\/es\/wp-content\/uploads\/2026\/07\/nieves_alvarez-U50021467802Wbk-680x476@diario_abc.jpg\" class=\"v-a-img\" width=\"680\" height=\"478\" alt=\"Nieves \u00c1lvarez en el desfile de St\u00e9phane Rolland en Par\u00eds.\" data-voc-vtm-id=\"in-text-traffic\"\/><\/p>\n<p>Nieves \u00c1lvarez en el desfile de St\u00e9phane Rolland en Par\u00eds.<\/p>\n<p>(GTRES)<\/p>\n<p class=\"v-d-p\" style=\"\">El segundo de los looks que llev\u00f3 sobre la pasarela era un vestido largo y de l\u00edneas sencillas con un pronunciado escote que llegaba por debajo del ombligo adornado con apliques met\u00e1licos, y acompa\u00f1ado tambi\u00e9n de una capa. La casualidad quiso que ambos fueran blancos, anticipando as\u00ed su look nupcial. <\/p>\n<p class=\"v-d-p\" style=\"\">Nieves \u00c1lvarez siempre conf\u00eda en Rolland para acudir a eventos importantes, como el festival de Cannes o los premios Goya, y, para su boda, no pod\u00eda ser de otra manera. Su primer vestido de novia destac\u00f3 por su originalidad, de l\u00edneas arquitect\u00f3nicas, con capucha y escote en la espalda. Lo complet\u00f3 con guantes y un sencillo mo\u00f1o. <\/p>\n","protected":false},"excerpt":{"rendered":"Nieves \u00c1lvarez se ha casado en secreto con Bill Saad, seg\u00fan ha desvelado hoy la revista Hola que&hellip;\n","protected":false},"author":2,"featured_media":647472,"comment_status":"","ping_status":"","sticky":false,"template":"","format":"standard","meta":{"footnotes":""},"categories":[91],"tags":[4458,3158,43412,987,960,146,147,25,24,92467,11659,4759,119044,23,119043],"class_list":["post-647471","post","type-post","status-publish","format-standard","has-post-thumbnail","category-entretenimiento","tag-alvarez","tag-boda","tag-desfile","tag-despues","tag-dias","tag-entertainment","tag-entretenimiento","tag-es","tag-espana","tag-musa","tag-nieves","tag-paris","tag-rolland","tag-spain","tag-stephane"],"share_on_mastodon":{"url":"https:\/\/pubeurope.com\/@es\/116883606900573867","error":""},"_links":{"self":[{"href":"https:\/\/www.europesays.com\/es\/wp-json\/wp\/v2\/posts\/647471","targetHints":{"allow":["GET"]}}],"collection":[{"href":"https:\/\/www.europesays.com\/es\/wp-json\/wp\/v2\/posts"}],"about":[{"href":"https:\/\/www.europesays.com\/es\/wp-json\/wp\/v2\/types\/post"}],"author":[{"embeddable":true,"href":"https:\/\/www.europesays.com\/es\/wp-json\/wp\/v2\/users\/2"}],"replies":[{"embeddable":true,"href":"https:\/\/www.europesays.com\/es\/wp-json\/wp\/v2\/comments?post=647471"}],"version-history":[{"count":0,"href":"https:\/\/www.europesays.com\/es\/wp-json\/wp\/v2\/posts\/647471\/revisions"}],"wp:featuredmedia":[{"embeddable":true,"href":"https:\/\/www.europesays.com\/es\/wp-json\/wp\/v2\/media\/647472"}],"wp:attachment":[{"href":"https:\/\/www.europesays.com\/es\/wp-json\/wp\/v2\/media?parent=647471"}],"wp:term":[{"taxonomy":"category","embeddable":true,"href":"https:\/\/www.europesays.com\/es\/wp-json\/wp\/v2\/categories?post=647471"},{"taxonomy":"post_tag","embeddable":true,"href":"https:\/\/www.europesays.com\/es\/wp-json\/wp\/v2\/tags?post=647471"}],"curies":[{"name":"wp","href":"https:\/\/api.w.org\/{rel}","templated":true}]}}