{"id":647483,"date":"2026-07-08T09:25:19","date_gmt":"2026-07-08T09:25:19","guid":{"rendered":"https:\/\/www.europesays.com\/es\/647483\/"},"modified":"2026-07-08T09:25:19","modified_gmt":"2026-07-08T09:25:19","slug":"carolina-chacarra-prolonga-los-exitos-familiares-en-europa","status":"publish","type":"post","link":"https:\/\/www.europesays.com\/es\/647483\/","title":{"rendered":"Carolina Chacarra prolonga los \u00e9xitos familiares en Europa"},"content":{"rendered":"<p style=\"\">El apellido L\u00f3pez-Chacarra no deja de sonar en los circuitos internacionales de golf. Si Eugenio acaba de triunfar consecutivamente en el Circuito Europeo, al ganar en Holanda e Italia, hoy ha sido su hermana menor, Carolina (23), quien ha seguido sus pasos en el  &#8230; Abierto de B\u00e9lgica. <\/p>\n<p class=\"v-d-p\" style=\"\">A pesar de ser debutante en el Circuito Europeo femenino (LET), la madrile\u00f1a se mostr\u00f3 como toda una experta en las calles y los &#8216;greens&#8217; de Hulencourt, que recorri\u00f3 con total solvencia durante la semana, especialmente en la \u00faltima ronda. Sin cometer ni un solo error, firm\u00f3 dos &#8216;birdies&#8217; en los nueve primeros hoyos y otros tantos en los nueve segundos para terminar con -12 y completar una espectacular remontada sobre la australiana Kelsey Bennett (-9), que hab\u00eda comenzado con dos golpes de ventaja y termin\u00f3 claudicando por tres golpes. <\/p>\n<p class=\"v-d-p\" style=\"\">Todo esto lo hizo ateni\u00e9ndose a las sabias indicaciones de su nuevo &#8216;caddie&#8217; argentino, que le ha mantenido muy centrada en el torneo con una idea b\u00e1sica: disfrutar del golf y no meterse en problemas. Y a base de coger calles y embocar &#8216;putts&#8217;, todo fue coser y cantar. \u00abHace poco que hemos empezado Iv\u00e1n y yo\u00bb, declar\u00f3 la campeona, \u00abpues es nuestra segunda semana juntos\u00bb. Tiene much\u00edsima energ\u00eda y me hace disfrutar un mont\u00f3n en el campo de golf y yo creo que es un poco lo que necesitaba; s\u00ed que es cierto que ahora soy profesional y no amateur, pero al final todos jugamos al golf porque lo amamos\u00bb.<\/p>\n<p>\nClasificaci\u00f3n Abierto de B\u00e9lgica\n<\/p>\n<p>\nMostrar solo espa\u00f1olas\n<\/p>\n<tr>\nPos.<br \/>\nJugadora<br \/>\nResultado<br \/>\n<\/tr>\n<tr class=\"voc-row-esp\">\n<td class=\"voc-td voc-td-pos\">1<\/td>\n<td class=\"voc-td voc-td-player\">Carolina Chacarra ESP<\/td>\n<td class=\"voc-td voc-score-under\" style=\"text-align: right;\">-12<\/td>\n<\/tr>\n<tr>\n<td class=\"voc-td voc-td-pos\">2<\/td>\n<td class=\"voc-td voc-td-player\">Kelsey Bennett AUS<\/td>\n<td class=\"voc-td voc-score-under\" style=\"text-align: right;\">-9<\/td>\n<\/tr>\n<tr>\n<td class=\"voc-td voc-td-pos\">3<\/td>\n<td class=\"voc-td voc-td-player\">Aditi Ashok IND<\/td>\n<td class=\"voc-td voc-score-under\" style=\"text-align: right;\">-7<\/td>\n<\/tr>\n<tr>\n<td class=\"voc-td voc-td-pos\">4<\/td>\n<td class=\"voc-td voc-td-player\">Morgane Metraux SUI<\/td>\n<td class=\"voc-td voc-score-under\" style=\"text-align: right;\">-4<\/td>\n<\/tr>\n<tr>\n<td class=\"voc-td voc-td-pos\">4<\/td>\n<td class=\"voc-td voc-td-player\">Bronte Law ING<\/td>\n<td class=\"voc-td voc-score-under\" style=\"text-align: right;\">-4<\/td>\n<\/tr>\n<tr class=\"voc-tr-ellipsis\">\n<td colspan=\"3\" class=\"voc-td-ellipsis\">&#8230;<\/td>\n<\/tr>\n<tr class=\"voc-row-esp\">\n<td class=\"voc-td voc-td-pos\">24<\/td>\n<td class=\"voc-td voc-td-player\">Luna Sobr\u00f3n ESP<\/td>\n<td class=\"voc-td voc-score-over\" style=\"text-align: right;\">+2<\/td>\n<\/tr>\n<tr class=\"voc-row-esp\">\n<td class=\"voc-td voc-td-pos\">24<\/td>\n<td class=\"voc-td voc-td-player\">Blanca Fern\u00e1ndez ESP<\/td>\n<td class=\"voc-td voc-score-over\" style=\"text-align: right;\">+2<\/td>\n<\/tr>\n<tr class=\"voc-row-esp\">\n<td class=\"voc-td voc-td-pos\">31<\/td>\n<td class=\"voc-td voc-td-player\">Harang Lee ESP<\/td>\n<td class=\"voc-td voc-score-over\" style=\"text-align: right;\">+3<\/td>\n<\/tr>\n<p class=\"v-d-p\" style=\"\">La jugadora de La Moraleja estuvo acompa\u00f1ada por su madre durante toda la semana, lo que supuso un gran apoyo para ella tras su periplo estadounidense, donde tambi\u00e9n compite en el LPGA. Como muestra de sus buenas cualidades, Carolina consigui\u00f3 las tarjetas de ambos circuitos el pasado mes de diciembre y est\u00e1 saltando el oc\u00e9ano desde entonces. Para aguantar tanto ajetreo, nada mejor que fijarse en su hermano Eugenio, que ya ha dado varias vueltas al mundo pese a contar solo con tres a\u00f1os m\u00e1s.<\/p>\n<p class=\"v-d-p\" style=\"\"> \u00ab&#8217;Eug&#8217; es como mi mejor amigo y sin duda me inspira. Verle ganar a \u00e9l tambi\u00e9n me anima a m\u00ed a seguir luchando y seguir creyendo en nuestros sue\u00f1os. Que le va bien me motiva y me da ese extra de energ\u00eda y un empuj\u00f3n para que yo tambi\u00e9n luche y logre lo que me proponga\u00bb, afirm\u00f3 plet\u00f3rica al t\u00e9rmino del torneo. El hecho de que un hermano y una hermana triunfen en dos circuitos profesionales era algo in\u00e9dito hasta ahora en el golf espa\u00f1ol y, a nivel internacional, les coloca a la altura de los australianos Minjee Lee y Min Woo Lee, que han hecho lo propio en el LPGA y el PGA.<\/p>\n<p class=\"v-d-p\" style=\"\">Hasta ahora no le ha ido nada mal, pues va consiguiendo todo lo que se propone en los escalones que va subiendo en el complicado mundo del golf. Fue campeona mundial universitaria y europea con los equipos nacionales y de la NCAA con la Universidad de Wake Forest, antes de la haza\u00f1a de sellar las dos tarjetas profesionales de los principales circuitos, en su nueva categor\u00eda profesional. Y ahora, despu\u00e9s de medio a\u00f1o, ya cuenta con su primer trofeo entre las mejores e inaugura el palmar\u00e9s internacional espa\u00f1ol de 2026. <\/p>\n<p class=\"v-d-p\" style=\"\">Se coloca como la segunda mejor debutante del circuito y, aunque es pronto para so\u00f1ar, las puertas del equipo continental de la Solheim del pr\u00f3ximo mes de septiembre empiezan a entreabrirse. \u00abYa me apetec\u00eda estar de vuelta en Europa despu\u00e9s de todo este tiempo en Estados Unidos. Sin duda, muy feliz por mi golf y supercontenta. Voy a tener que cambiar mi calendario porque me he clasificado para el Open Brit\u00e1nico y estoy muy emocionada por todo lo que se me abre a partir de ahora\u00bb, coment\u00f3 exultante.<\/p>\n","protected":false},"excerpt":{"rendered":"El apellido L\u00f3pez-Chacarra no deja de sonar en los circuitos internacionales de golf. Si Eugenio acaba de triunfar&hellip;\n","protected":false},"author":2,"featured_media":647484,"comment_status":"","ping_status":"","sticky":false,"template":"","format":"standard","meta":{"footnotes":""},"categories":[275],"tags":[14234,1993,168,25,24,700,9223,12859,329,6684,23,167],"class_list":["post-647483","post","type-post","status-publish","format-standard","has-post-thumbnail","category-golf","tag-carolina","tag-chacarra","tag-deportes","tag-es","tag-espana","tag-europa","tag-exitos","tag-familiares","tag-golf","tag-prolonga","tag-spain","tag-sports"],"share_on_mastodon":{"url":"https:\/\/pubeurope.com\/@es\/116883641478107838","error":""},"_links":{"self":[{"href":"https:\/\/www.europesays.com\/es\/wp-json\/wp\/v2\/posts\/647483","targetHints":{"allow":["GET"]}}],"collection":[{"href":"https:\/\/www.europesays.com\/es\/wp-json\/wp\/v2\/posts"}],"about":[{"href":"https:\/\/www.europesays.com\/es\/wp-json\/wp\/v2\/types\/post"}],"author":[{"embeddable":true,"href":"https:\/\/www.europesays.com\/es\/wp-json\/wp\/v2\/users\/2"}],"replies":[{"embeddable":true,"href":"https:\/\/www.europesays.com\/es\/wp-json\/wp\/v2\/comments?post=647483"}],"version-history":[{"count":0,"href":"https:\/\/www.europesays.com\/es\/wp-json\/wp\/v2\/posts\/647483\/revisions"}],"wp:featuredmedia":[{"embeddable":true,"href":"https:\/\/www.europesays.com\/es\/wp-json\/wp\/v2\/media\/647484"}],"wp:attachment":[{"href":"https:\/\/www.europesays.com\/es\/wp-json\/wp\/v2\/media?parent=647483"}],"wp:term":[{"taxonomy":"category","embeddable":true,"href":"https:\/\/www.europesays.com\/es\/wp-json\/wp\/v2\/categories?post=647483"},{"taxonomy":"post_tag","embeddable":true,"href":"https:\/\/www.europesays.com\/es\/wp-json\/wp\/v2\/tags?post=647483"}],"curies":[{"name":"wp","href":"https:\/\/api.w.org\/{rel}","templated":true}]}}