{"id":647519,"date":"2026-07-08T09:50:19","date_gmt":"2026-07-08T09:50:19","guid":{"rendered":"https:\/\/www.europesays.com\/es\/647519\/"},"modified":"2026-07-08T09:50:19","modified_gmt":"2026-07-08T09:50:19","slug":"davidovich-responde-tras-ser-senalado-de-exagerar-una-lesion-vi-las-estrellas","status":"publish","type":"post","link":"https:\/\/www.europesays.com\/es\/647519\/","title":{"rendered":"Davidovich responde tras ser se\u00f1alado de exagerar una lesi\u00f3n: \u00abVi las estrellas\u00bb"},"content":{"rendered":"<p class=\"ft-text\"><a class=\"ft-link ft-link--decoration\" href=\"https:\/\/www.sport.es\/es\/noticias\/tenis\/wimbledon\/rafa-nadal-moja-polemica-tenistas-132161057\" rel=\"nofollow noopener\" target=\"_blank\">Alejandro Davidovich era el \u00faltimo espa\u00f1ol que quedaba en pie en Wimbledon<\/a>, pero tras caer ante\u00a0Felix Auger-Aliassime en un duelo de alt\u00edsimo nivel, el canadiense <strong>acab\u00f3 con el sue\u00f1o espa\u00f1ol en el All England Club.<\/strong><\/p>\n<p class=\"ft-text\">Aunque en este encuentro la calidad de ambos tenistas fue excepcional, sus t<strong>ensiones en la red pusieron el foco lejos de la victoria<\/strong>. El motivo del enfado: <strong>solicitar la asistencia del fisio <\/strong>en medio de un 15-40 por una mala ca\u00edda <strong>que provoc\u00f3 molestias en el tobillo izquierdo al andaluz.<\/strong><\/p>\n<p class=\"ft-text\">Una petici\u00f3n que Aliassime no se crey\u00f3. La<strong> <\/strong><a class=\"ft-link ft-link--decoration\" href=\"https:\/\/www.sport.es\/es\/noticias\/tenis\/wimbledon\/monumental-cabreo-aliassime-davidovich-verguenza-132163504\" rel=\"nofollow noopener\" target=\"_blank\"><strong>lesi\u00f3n del espa\u00f1ol la tach\u00f3 de exagerada y dijo que parec\u00eda un truco para detener el partido. <\/strong><\/a><strong>Un debate que continu\u00f3 en la posterior rueda de prensa: <\/strong>\u00abSi est\u00e1s muy lesionado, pierdes todos los puntos hasta que puedas llamar al fisioterapeuta y te retiras.\u00bb<\/p>\n<p class=\"ft-text\">El espa\u00f1ol que consigui\u00f3 irse de Wimbledon por la puerta grande tras conseguir un resultado de<strong> 6-7(4), 7-6(6), 6-3, 6-7(2) y 6-1, fue se\u00f1alado por Aliassime de exagerar sus molestias en el tobillo<\/strong>, unas acusaciones a las que ha tenido que contestar explicando el origen de sus problemas.<\/p>\n<p class=\"ft-text\">\u00ab<strong>Todo esto viene desde antes de Stuttgart, que me dobl\u00e9 el tobillo<\/strong> entrenando en Montecarlo. Es algo con lo que estamos lidiando cada d\u00eda.<strong> No me ha dado tiempo a descansar ni tres d\u00edas seguidos<\/strong>\u00ab, explicaba a los micr\u00f3fonos de Movistar Plus.<\/p>\n<p>Sin descanso entre torneos<\/p>\n<p class=\"ft-text\">Hay que tener en cuenta que <strong>el espa\u00f1ol aterrizaba en Londres nada m\u00e1s conquistar su primer t\u00edtulo en Mallorca, sin apenas d\u00edas de descanso entre torneos. <\/strong>Ya se mostr\u00f3 muy dolorido y agotado f\u00edsicamente en los primeros d\u00edas del Abierto londoniense: <strong>\u00abEl otro d\u00eda estaba horrible, estaba fatal, muy cansado y me dol\u00eda todo, me dio un ataque de ansiedad\u00bb.<\/strong><\/p>\n<p class=\"ft-text\">Pese a la evidente lesi\u00f3n de Davidovich,<strong> Auger-Aliassime no se call\u00f3 y critic\u00f3 duramente al andaluz. Calific\u00f3 como \u00abuna verg\u00fcenza\u00bb el hecho de detener el partido <\/strong>justo en medio del saque del rival para llamar al fisioterapeuta.<\/p>\n<p>\u00abVeo las estrellas\u00bb<\/p>\n<p class=\"ft-text\">Aunque el espa\u00f1ol ha querido abstenerse de hablar de Aliassime, intent\u00f3 esclarecer el estado de su tobillo: <strong>\u00abHe tenido que lidiar con eso,\u00a0Voltaren\u00a0todos los d\u00edas<\/strong>&#8230; ahora me har\u00e9 una resonancia, pero fue un movimiento,<strong> cuando deslizo y se me va el pie para dentro,<\/strong> ese es el \u00fanico movimiento, eso es lo que pas\u00f3 hoy. No controlo algunos movimientos, entonces, cuando se me va el pie as\u00ed,\u00a0<strong>son 30 o 40 segundos en los que veo las estrellas<\/strong>, y despu\u00e9s se me pasa el dolor,\u00a0<strong>no tengo dolor\u00bb<\/strong>.<\/p>\n<p class=\"ft-text\">Davidovich <strong>no se salt\u00f3 ninguna norma; s\u00ed se dobl\u00f3 el tobillo y s\u00ed, la normativa permite la asistencia m\u00e9dica si se considera necesario<\/strong> por la salud del tenista. Adem\u00e1s, <strong>\u00bfpor qu\u00e9 motivo fingir\u00eda una lesi\u00f3n Fokina cuando a dos bolas de break?, no tiene ning\u00fan sentido.<\/strong><\/p>\n<p class=\"ft-text\"><strong>Fokina<\/strong> explic\u00f3 que<strong> se encargar\u00e1 de tratar estas molestias <\/strong>que, tal y como explic\u00f3, se agravan m\u00e1s o menos en funci\u00f3n del movimiento que haga.<strong> \u00abEs algo que mirar\u00e9 a partir de ma\u00f1ana\u00bb.<\/strong> Esperemos que estas explicaciones <strong>le sirvan al canadiense, que incluso lleg\u00f3 a negarle la mano al espa\u00f1ol debido a su enfado monumental.<\/strong><\/p>\n","protected":false},"excerpt":{"rendered":"Alejandro Davidovich era el \u00faltimo espa\u00f1ol que quedaba en pie en Wimbledon, pero tras caer ante\u00a0Felix Auger-Aliassime en&hellip;\n","protected":false},"author":2,"featured_media":647520,"comment_status":"","ping_status":"","sticky":false,"template":"","format":"standard","meta":{"footnotes":""},"categories":[274],"tags":[2911,168,25,24,16907,8252,1259,24920,23,167,327,326,546],"class_list":["post-647519","post","type-post","status-publish","format-standard","has-post-thumbnail","category-tenis","tag-davidovich","tag-deportes","tag-es","tag-espana","tag-exagerar","tag-lesion","tag-responde","tag-senalado","tag-spain","tag-sports","tag-tenis","tag-tennis","tag-wimbledon"],"share_on_mastodon":{"url":"https:\/\/pubeurope.com\/@es\/116883739451308949","error":""},"_links":{"self":[{"href":"https:\/\/www.europesays.com\/es\/wp-json\/wp\/v2\/posts\/647519","targetHints":{"allow":["GET"]}}],"collection":[{"href":"https:\/\/www.europesays.com\/es\/wp-json\/wp\/v2\/posts"}],"about":[{"href":"https:\/\/www.europesays.com\/es\/wp-json\/wp\/v2\/types\/post"}],"author":[{"embeddable":true,"href":"https:\/\/www.europesays.com\/es\/wp-json\/wp\/v2\/users\/2"}],"replies":[{"embeddable":true,"href":"https:\/\/www.europesays.com\/es\/wp-json\/wp\/v2\/comments?post=647519"}],"version-history":[{"count":0,"href":"https:\/\/www.europesays.com\/es\/wp-json\/wp\/v2\/posts\/647519\/revisions"}],"wp:featuredmedia":[{"embeddable":true,"href":"https:\/\/www.europesays.com\/es\/wp-json\/wp\/v2\/media\/647520"}],"wp:attachment":[{"href":"https:\/\/www.europesays.com\/es\/wp-json\/wp\/v2\/media?parent=647519"}],"wp:term":[{"taxonomy":"category","embeddable":true,"href":"https:\/\/www.europesays.com\/es\/wp-json\/wp\/v2\/categories?post=647519"},{"taxonomy":"post_tag","embeddable":true,"href":"https:\/\/www.europesays.com\/es\/wp-json\/wp\/v2\/tags?post=647519"}],"curies":[{"name":"wp","href":"https:\/\/api.w.org\/{rel}","templated":true}]}}