{"id":647573,"date":"2026-07-08T10:31:14","date_gmt":"2026-07-08T10:31:14","guid":{"rendered":"https:\/\/www.europesays.com\/es\/647573\/"},"modified":"2026-07-08T10:31:14","modified_gmt":"2026-07-08T10:31:14","slug":"22grados-eleva-su-objetivo-de-facturacion-hasta-los-1365-millones-de-euros-para-2026","status":"publish","type":"post","link":"https:\/\/www.europesays.com\/es\/647573\/","title":{"rendered":"22GRADOS eleva su objetivo de facturaci\u00f3n hasta los 13,65 millones de euros para 2026"},"content":{"rendered":"<p><strong>La consultora canaria de marketing, publicidad y asuntos p\u00fablicos ha cerrado el primer semestre del a\u00f1o con unas ventas de 6,23 millones de euros y prev\u00e9 finalizar 2026 por encima de las estimaciones iniciales. Turismo y marcas privadas se consolidan como los principales motores de crecimiento<\/strong><\/p>\n<p><a href=\"https:\/\/22grados.com\/\" rel=\"nofollow noopener\" target=\"_blank\"><strong>22GRADOS<\/strong><\/a> ha revisado al alza sus previsiones de negocio para 2026 tras cerrar el primer semestre del ejercicio con una evoluci\u00f3n positiva de su actividad. La compa\u00f1\u00eda alcanz\u00f3 unas ventas de 6,23 millones de euros entre enero y junio y sit\u00faa actualmente su volumen de ventas en 9,82 millones de euros, lo que le lleva a elevar su previsi\u00f3n anual hasta los 13,65 millones, frente a los 11,47 millones contemplados al inicio del a\u00f1o.<\/p>\n<p>La compa\u00f1\u00eda se\u00f1ala que estos resultados reflejan la recuperaci\u00f3n de la actividad tras un 2025 marcado por la finalizaci\u00f3n de varios contratos p\u00fablicos, el retraso en nuevas adjudicaciones y un proceso interno de reorganizaci\u00f3n.<\/p>\n<p>Por \u00e1reas de negocio, turismo contin\u00faa siendo la principal palanca de crecimiento, con unas ventas actuales de 5,68 millones de euros y una previsi\u00f3n de cierre de 7,38 millones, por encima del objetivo inicial. El \u00e1rea de administraciones p\u00fablicas mantiene una evoluci\u00f3n estable, con una estimaci\u00f3n de 3,31 millones de euros al cierre del ejercicio, mientras que marcas privadas supera tambi\u00e9n las previsiones iniciales, con una estimaci\u00f3n de 2,80 millones de euros.<\/p>\n<p>M\u00e1s all\u00e1 del incremento de la facturaci\u00f3n, la compa\u00f1\u00eda asegura que su estrategia pasa por mejorar la rentabilidad y la eficiencia operativa, reforzando procesos internos y la calidad del servicio.<\/p>\n<p>En paralelo, 22GRADOS contin\u00faa desarrollando su estructura organizativa, que supera los 70 profesionales repartidos entre Gran Canaria y Tenerife, incorporando capacidades en estrategia, creatividad, datos, tecnolog\u00eda, operaciones y asuntos p\u00fablicos. Entre sus prioridades para los pr\u00f3ximos meses figuran la atracci\u00f3n de talento, la integraci\u00f3n de herramientas de inteligencia artificial y la consolidaci\u00f3n de un modelo de crecimiento con proyecci\u00f3n nacional e internacional.<\/p>\n<p>\u00a0<\/p>\n","protected":false},"excerpt":{"rendered":"La consultora canaria de marketing, publicidad y asuntos p\u00fablicos ha cerrado el primer semestre del a\u00f1o con unas&hellip;\n","protected":false},"author":2,"featured_media":647574,"comment_status":"","ping_status":"","sticky":false,"template":"","format":"standard","meta":{"footnotes":""},"categories":[80],"tags":[9613,9616,229,1924,82,5262,3213,9618,9610,234,95,94,25,24,9611,244,1294,9614,2736,1827,9609,9612,9608,6371,9617,23,9615],"class_list":["post-647573","post","type-post","status-publish","format-standard","has-post-thumbnail","category-economia","tag-advertainment","tag-anuncios","tag-arte","tag-branded-content","tag-business","tag-comunicacion","tag-consumo","tag-control-de-publici","tag-creatividad","tag-diseno","tag-economia","tag-economy","tag-es","tag-espana","tag-estrategia-publicitaria","tag-fotografia","tag-investigacion","tag-marcas","tag-marketing","tag-medios","tag-mobile","tag-planner","tag-produccion","tag-publicidad","tag-publicistas","tag-spain","tag-transmedia"],"share_on_mastodon":{"url":"https:\/\/pubeurope.com\/@es\/116883900861355965","error":""},"_links":{"self":[{"href":"https:\/\/www.europesays.com\/es\/wp-json\/wp\/v2\/posts\/647573","targetHints":{"allow":["GET"]}}],"collection":[{"href":"https:\/\/www.europesays.com\/es\/wp-json\/wp\/v2\/posts"}],"about":[{"href":"https:\/\/www.europesays.com\/es\/wp-json\/wp\/v2\/types\/post"}],"author":[{"embeddable":true,"href":"https:\/\/www.europesays.com\/es\/wp-json\/wp\/v2\/users\/2"}],"replies":[{"embeddable":true,"href":"https:\/\/www.europesays.com\/es\/wp-json\/wp\/v2\/comments?post=647573"}],"version-history":[{"count":0,"href":"https:\/\/www.europesays.com\/es\/wp-json\/wp\/v2\/posts\/647573\/revisions"}],"wp:featuredmedia":[{"embeddable":true,"href":"https:\/\/www.europesays.com\/es\/wp-json\/wp\/v2\/media\/647574"}],"wp:attachment":[{"href":"https:\/\/www.europesays.com\/es\/wp-json\/wp\/v2\/media?parent=647573"}],"wp:term":[{"taxonomy":"category","embeddable":true,"href":"https:\/\/www.europesays.com\/es\/wp-json\/wp\/v2\/categories?post=647573"},{"taxonomy":"post_tag","embeddable":true,"href":"https:\/\/www.europesays.com\/es\/wp-json\/wp\/v2\/tags?post=647573"}],"curies":[{"name":"wp","href":"https:\/\/api.w.org\/{rel}","templated":true}]}}