{"id":647617,"date":"2026-07-08T11:08:20","date_gmt":"2026-07-08T11:08:20","guid":{"rendered":"https:\/\/www.europesays.com\/es\/647617\/"},"modified":"2026-07-08T11:08:20","modified_gmt":"2026-07-08T11:08:20","slug":"nueva-cita-del-recorrido-fotografico-en-calahorra","status":"publish","type":"post","link":"https:\/\/www.europesays.com\/es\/647617\/","title":{"rendered":"Nueva cita del recorrido fotogr\u00e1fico en Calahorra"},"content":{"rendered":"<p><img decoding=\"async\" class=\"v-ath__i\" loading=\"lazy\" src=\"https:\/\/www.europesays.com\/es\/wp-content\/uploads\/2026\/07\/autor-318-foto-2.png\" alt=\"Sanda Sainz\"\/><\/p>\n<p>08\/07\/2026 a las 08:37h.<\/p>\n<p class=\"v-d-p\" style=\"\">El Consistorio aprueba las bases del XXXV Recorrido fotogr\u00e1fico &#8216;Ciudad de Calahorra&#8217; con motivo de las fiestas de verano de San Emeterio y San Celedonio.  &#8230; Comenzar\u00e1 el 12 de agosto con las actividades preliminares y finalizar\u00e1 el 31. <\/p>\n<p class=\"v-d-p\" style=\"\">Cuenta con tres categor\u00edas (junior, j\u00f3venes y adultos) y premia con 100 euros las mejores im\u00e1genes, que podr\u00e1n presentarse hasta el 7 de septiembre. Las ganadoras quedar\u00e1n en propiedad del Ayuntamiento.<\/p>\n","protected":false},"excerpt":{"rendered":"08\/07\/2026 a las 08:37h. El Consistorio aprueba las bases del XXXV Recorrido fotogr\u00e1fico &#8216;Ciudad de Calahorra&#8217; con motivo&hellip;\n","protected":false},"author":2,"featured_media":647618,"comment_status":"","ping_status":"","sticky":false,"template":"","format":"standard","meta":{"footnotes":""},"categories":[173],"tags":[229,233,231,230,7716,232,234,146,147,25,24,15663,795,1786,23],"class_list":["post-647617","post","type-post","status-publish","format-standard","has-post-thumbnail","category-arte-y-diseno","tag-arte","tag-arte-y-diseno","tag-arts","tag-arts-and-design","tag-cita","tag-design","tag-diseno","tag-entertainment","tag-entretenimiento","tag-es","tag-espana","tag-fotografico","tag-nueva","tag-recorrido","tag-spain"],"share_on_mastodon":{"url":"","error":""},"_links":{"self":[{"href":"https:\/\/www.europesays.com\/es\/wp-json\/wp\/v2\/posts\/647617","targetHints":{"allow":["GET"]}}],"collection":[{"href":"https:\/\/www.europesays.com\/es\/wp-json\/wp\/v2\/posts"}],"about":[{"href":"https:\/\/www.europesays.com\/es\/wp-json\/wp\/v2\/types\/post"}],"author":[{"embeddable":true,"href":"https:\/\/www.europesays.com\/es\/wp-json\/wp\/v2\/users\/2"}],"replies":[{"embeddable":true,"href":"https:\/\/www.europesays.com\/es\/wp-json\/wp\/v2\/comments?post=647617"}],"version-history":[{"count":0,"href":"https:\/\/www.europesays.com\/es\/wp-json\/wp\/v2\/posts\/647617\/revisions"}],"wp:featuredmedia":[{"embeddable":true,"href":"https:\/\/www.europesays.com\/es\/wp-json\/wp\/v2\/media\/647618"}],"wp:attachment":[{"href":"https:\/\/www.europesays.com\/es\/wp-json\/wp\/v2\/media?parent=647617"}],"wp:term":[{"taxonomy":"category","embeddable":true,"href":"https:\/\/www.europesays.com\/es\/wp-json\/wp\/v2\/categories?post=647617"},{"taxonomy":"post_tag","embeddable":true,"href":"https:\/\/www.europesays.com\/es\/wp-json\/wp\/v2\/tags?post=647617"}],"curies":[{"name":"wp","href":"https:\/\/api.w.org\/{rel}","templated":true}]}}