{"id":647635,"date":"2026-07-08T11:18:13","date_gmt":"2026-07-08T11:18:13","guid":{"rendered":"https:\/\/www.europesays.com\/es\/647635\/"},"modified":"2026-07-08T11:18:13","modified_gmt":"2026-07-08T11:18:13","slug":"trump-critica-duramente-a-sus-aliados-a-su-llegada-a-la-cumbre-de-la-otan","status":"publish","type":"post","link":"https:\/\/www.europesays.com\/es\/647635\/","title":{"rendered":"Trump critica duramente a sus aliados a su llegada a la cumbre de la OTAN"},"content":{"rendered":"<p>    <img src=\"https:\/\/www.europesays.com\/es\/wp-content\/uploads\/2026\/07\/2026-07-08T103A333A25Z-91715892.jpg\" width=\"1024\" height=\"682\" alt=\"\" loading=\"eager\" decoding=\"sync\" fetchpriority=\"high\"\/><\/p>\n<p>            afp_tickers        <\/p>\n<p>        Este contenido fue publicado en    <\/p>\n<p>        08 julio 2026 &#8211; 12:33\n<\/p>\n<p>El presidente de Estados Unidos, Donald Trump, lleg\u00f3 este mi\u00e9rcoles \u00abmuy enfadado\u00bb a la cumbre de la OTAN en Ankara, y reparti\u00f3 ataques contra sus aliados, arremetiendo contra la soberan\u00eda danesa de Groenlandia, el gasto militar espa\u00f1ol y la falta de ayuda de sus socios en la guerra contra Ir\u00e1n.<\/p>\n<p>\u00abNo estoy contento con la OTAN por lo que hicieron con Groenlandia, y no estoy contento con la OTAN porque no quisieron ayudarnos con el principal Estado patrocinador del terrorismo, que es Ir\u00e1n. No estuvieron dispuestos a ayudarnos\u00bb, asegur\u00f3.<\/p>\n<p>El dirigente estadounidense ha criticado reiteradamente a sus socios occidentales por no secundarlo en la guerra que, de la mano de Israel, lanz\u00f3 el 28 de febrero contra Ir\u00e1n.<\/p>\n<p>Igualmente volvi\u00f3 a la carga con la cuesti\u00f3n de Groenlandia, una inmensa isla \u00e1rtica bajo soberan\u00eda danesa que, seg\u00fan \u00e9l, Estados Unidos necesita para garantizar su seguridad.<\/p>\n<p>\u00abGroenlandia es un gran problema para nosotros\u00bb, declar\u00f3, y a\u00f1adi\u00f3 que la isla, donde Washington ya dispone de una base militar, es \u00abmuy importante para Estados Unidos, pero no lo es para Dinamarca\u00bb.<\/p>\n<p>A inicios de a\u00f1o, la amenaza de Trump de hacerse con Groenlandia por la fuerza puso en serios aprietos a la Alianza Atl\u00e1ntica, de la que Dinamarca es un estado miembro.<\/p>\n<p>Tras varias semanas de ret\u00f3rica agresiva, Trump baj\u00f3 el tono y anunci\u00f3 en enero un acuerdo marco sobre Groenlandia con el secretario general de la OTAN, cuyos contornos son bastante difusos.<\/p>\n<p>\u2013 Espa\u00f1a, una \u00abcausa perdida\u00bb \u2013<\/p>\n<p>Trump tambi\u00e9n critic\u00f3 a Espa\u00f1a, a la que calific\u00f3 de \u00abcausa perdida\u00bb, y con la que, seg\u00fan \u00e9l, Estados Unidos \u00abcesar\u00e1 todo intercambio comercial\u00bb, al acusar de nuevo a Madrid de no contribuir a los gastos de defensa de la OTAN.<\/p>\n<p>En la cumbre de la OTAN en La Haya el a\u00f1o pasado, Espa\u00f1a fue el \u00fanico pa\u00eds que se desmarc\u00f3 del objetivo com\u00fan de elevar el gasto en defensa al 5% del PIB nacional de aqu\u00ed a 2035, adoptado bajo presi\u00f3n de Washington.<\/p>\n<p>\u00abEspa\u00f1a es una causa perdida. No queremos m\u00e1s trato comercial con Espa\u00f1a\u00bb, declar\u00f3 Trump, pese a que las relaciones comerciales con Estados Unidos se negocian con la Uni\u00f3n Europea en su conjunto, a trav\u00e9s de la Comisi\u00f3n Europea.<\/p>\n<p>Los 32 l\u00edderes de los pa\u00edses de la Alianza se reunieron despu\u00e9s en una sesi\u00f3n de trabajo.<\/p>\n<p>Preguntado por las constantes cr\u00edticas de Trump contra la Alianza, Mark Rutte descart\u00f3 que esto ponga en peligro a la OTAN.\u00bb<\/p>\n<p>\u00abHay un compromiso total de Estados Unidos con la OTAN\u00bb, insisti\u00f3, elogiando el papel de Trump desde su regreso al poder.<\/p>\n<p>\u00abSeamos honestos: el hecho de que el presidente Trump anime a canadienses y europeos a gastar m\u00e1s ha ayudado mucho\u00bb, afirm\u00f3.\u00a0<\/p>\n<p>El secretario general de la OTAN quiere demostrar al presidente estadounidense que los compromisos de los pa\u00edses miembros se traducen en hechos.\u00a0<\/p>\n<p>Washington presiona a Europa para que asuma una mayor parte de su propia defensa.\u00a0<\/p>\n<p>En este sentido el secretario de Defensa estadounidense, Pete Hegseth, anunci\u00f3 en junio en Bruselas un proceso de \u00abrevisi\u00f3n\u00bb de la presencia militar de Estados Unidos en el continente.<\/p>\n<p>\u2013 Reuni\u00f3n con Zelenski \u2013<\/p>\n<p>Este mi\u00e9rcoles tambi\u00e9n est\u00e1 prevista una reuni\u00f3n entre Trump y el presidente ucraniano Volodimir Zelenski, pocos d\u00edas despu\u00e9s de una \u00abmuy buena conversaci\u00f3n\u00bb del estadounidense con el presidente ruso, Vladimir Putin.<\/p>\n<p>\u00abCreo que los dos quieren llegar a un acuerdo\u00bb, dijo Trump el martes.<\/p>\n<p>Por el momento los europeos quieren reafirmar su compromiso con Kiev.\u00a0Junto con Canad\u00e1, se comprometer\u00e1n a proporcionar 70.000 millones de euros (79.000 millones de d\u00f3lares), en ayuda militar a Ucrania en 2026 y 2027.<\/p>\n<p>Consciente de que la adhesi\u00f3n de Ucrania a la OTAN no est\u00e1 por ahora sobre la mesa, Zelenski record\u00f3 los avances de su pa\u00eds en materia de defensa.<\/p>\n<p>\u00ab\u00bfCree realmente que ser\u00eda lo correcto dejar fuera de la OTAN a un pa\u00eds y un pueblo con este nivel de capacidades de defensa?\u00bb, se pregunt\u00f3.<\/p>\n<p>jca\/ob\/fff\/mas-avl-pc\/meb<\/p>\n","protected":false},"excerpt":{"rendered":"afp_tickers Este contenido fue publicado en 08 julio 2026 &#8211; 12:33 El presidente de Estados Unidos, Donald Trump,&hellip;\n","protected":false},"author":2,"featured_media":647636,"comment_status":"","ping_status":"","sticky":false,"template":"","format":"standard","meta":{"footnotes":""},"categories":[42],"tags":[17,18,11643,83,13,14,4437,11,61,62,63,86,64,19,20,9,10,15,16,88,5915,90,12,21,22,65,66,67],"class_list":["post-647635","post","type-post","status-publish","format-standard","has-post-thumbnail","category-internacional","tag-breaking-news","tag-breakingnews","tag-defence","tag-diplomacy","tag-featured-news","tag-featurednews","tag-government","tag-headlines","tag-internacional","tag-international","tag-international-news","tag-international-relations","tag-internationalnews","tag-latest-news","tag-latestnews","tag-news","tag-noticias","tag-noticias-destacadas","tag-noticiasdestacadas","tag-politics","tag-summit","tag-ticker","tag-titulares","tag-ultimas-noticias","tag-ultimasnoticias","tag-world","tag-world-news","tag-worldnews"],"share_on_mastodon":{"url":"https:\/\/pubeurope.com\/@es\/116884085666548293","error":""},"_links":{"self":[{"href":"https:\/\/www.europesays.com\/es\/wp-json\/wp\/v2\/posts\/647635","targetHints":{"allow":["GET"]}}],"collection":[{"href":"https:\/\/www.europesays.com\/es\/wp-json\/wp\/v2\/posts"}],"about":[{"href":"https:\/\/www.europesays.com\/es\/wp-json\/wp\/v2\/types\/post"}],"author":[{"embeddable":true,"href":"https:\/\/www.europesays.com\/es\/wp-json\/wp\/v2\/users\/2"}],"replies":[{"embeddable":true,"href":"https:\/\/www.europesays.com\/es\/wp-json\/wp\/v2\/comments?post=647635"}],"version-history":[{"count":0,"href":"https:\/\/www.europesays.com\/es\/wp-json\/wp\/v2\/posts\/647635\/revisions"}],"wp:featuredmedia":[{"embeddable":true,"href":"https:\/\/www.europesays.com\/es\/wp-json\/wp\/v2\/media\/647636"}],"wp:attachment":[{"href":"https:\/\/www.europesays.com\/es\/wp-json\/wp\/v2\/media?parent=647635"}],"wp:term":[{"taxonomy":"category","embeddable":true,"href":"https:\/\/www.europesays.com\/es\/wp-json\/wp\/v2\/categories?post=647635"},{"taxonomy":"post_tag","embeddable":true,"href":"https:\/\/www.europesays.com\/es\/wp-json\/wp\/v2\/tags?post=647635"}],"curies":[{"name":"wp","href":"https:\/\/api.w.org\/{rel}","templated":true}]}}