{"id":647655,"date":"2026-07-08T11:36:22","date_gmt":"2026-07-08T11:36:22","guid":{"rendered":"https:\/\/www.europesays.com\/es\/647655\/"},"modified":"2026-07-08T11:36:22","modified_gmt":"2026-07-08T11:36:22","slug":"sergio-scariolo-se-pone-a-tiro-de-un-barca-en-busca-de-un-tecnico-contrastado","status":"publish","type":"post","link":"https:\/\/www.europesays.com\/es\/647655\/","title":{"rendered":"Sergio Scariolo se pone a tiro de un Bar\u00e7a en busca de un t\u00e9cnico contrastado"},"content":{"rendered":"<p class=\"ft-text ft-helper-align-justify\"><a class=\"ft-link ft-link--decoration\" href=\"https:\/\/www.sport.es\/es\/noticias\/barca\/baloncesto\/opciones-baraja-barca-paolo-galbiati-132209944\" rel=\"nofollow noopener\" target=\"_blank\"><strong>El Bar\u00e7a ha entrado en un \u2018casting\u2019 de posibles candidatos a ocupar el banquillo blaugrana de cara a la pr\u00f3xima temporada<\/strong><\/a><strong> despu\u00e9s que la opci\u00f3n del italiano Paolo Galbiati se haya enfriado completamente en las \u00faltimas horas. <\/strong><\/p>\n<p class=\"ft-text ft-helper-align-justify\"><a class=\"ft-link ft-link--decoration\" href=\"https:\/\/www.sport.es\/es\/videos\/barca\/20260707\/barca-busca-nuevo-entrenador-romperse\/132213730.shtml\" rel=\"nofollow noopener\" target=\"_blank\">Las exigencias del Kosner Baskonia para liberarlo de su a\u00f1o de contrato y las dificultades para llegar a un acuerdo<\/a>, han llevado al Bar\u00e7a a mirar en otra direcci\u00f3n y en los despachos ya est\u00e1n analizando los posibles candidatos que mejor se ajusten a las necesidades del Bar\u00e7a para el nuevo proyecto deportivo.<\/p>\n<p class=\"ft-text ft-helper-align-justify\"><strong>Entre los entrenadores que aparecen en el listado de opciones est\u00e1n t\u00e9cnicos como el griego Ioannis Sfairopoulos, el turco Ergin Ataman o Velimir Perasovic<\/strong>. Aunque uno de los nombres que est\u00e1n sobre la mesa y puede ajustarse a las necesidades del Bar\u00e7a es la figura del ex seleccionador y ex t\u00e9cnico del Madrid, Sergio Scariolo.<\/p>\n<p><img decoding=\"async\" src=\"https:\/\/www.europesays.com\/es\/wp-content\/uploads\/2026\/06\/507c4693-338d-42da-9528-782b83abe2c3_alta-libre-aspect-ratio_default_0_x330y146.jpg\" width=\"1200\" height=\"800\" alt=\"La salida de Scariolo podr\u00eda arrastrar a la mayor\u00eda de asistentes del banquillo blanco\" class=\"ft-helper-img-rd\" loading=\"lazy\" fetchpriority=\"auto\"\/><\/p>\n<p class=\"ft-helper-fontColor-quaternary ft-helper-fontSize-body-S ft-helper-spacer-t-xxs\">Scariolo no pudo darle t\u00edtulos al Madrid en un solo a\u00f1o como entrenador blanco  \/ ACB<\/p>\n<p>Experiencia amarga en Madrid<\/p>\n<p class=\"ft-text ft-helper-align-justify\">Para el de Brescia, <strong>la experiencia de volver a la Liga Endesa con el Madrid no ha sido lo que realmente esperaba<\/strong> ya que aterrizaba con un nuevo equipo t\u00e9cnico y fichajes importantes. Aunque las lesiones de jugadores clave en la recta final de la temporada,<a class=\"ft-link ft-link--decoration\" href=\"https:\/\/www.sport.es\/es\/noticias\/baloncesto\/real-madrid-tiembla-lesion-edy-129695154\" rel=\"nofollow noopener\" target=\"_blank\"> especialmente la de Eddy Tavares, hizo mucho da\u00f1o al conjunto blanco<\/a>, que a\u00fan as\u00ed, se qued\u00f3 a un suspiro de proclamarse campe\u00f3n de la Euroliga.<\/p>\n<p class=\"ft-text ft-helper-align-justify\"><strong>Si Scariolo hubiese logrado ese t\u00edtulo europeo tan ansiado en la casa blanca, posiblemente ahora no estar\u00eda libre<\/strong> para iniciar una nueva etapa en otro de los grandes de Europa. Aunque el final de temporada en Liga Endesa, con siete derrotas consecutivas y la eliminaci\u00f3n en cuartos de final de la Liga Endesa, acab\u00f3 por condenarle.<\/p>\n<p class=\"ft-text ft-helper-align-justify\"><strong>Cuando parec\u00eda que Florentino P\u00e9rez le hab\u00eda \u2018indultado\u2019 para continuar en el banquillo del Madrid, <\/strong>apareci\u00f3 la figura de Juan Carlos S\u00e1nchez, como nuevo responsable de la secci\u00f3n y p<a class=\"ft-link ft-link--decoration\" href=\"https:\/\/www.sport.es\/es\/noticias\/baloncesto\/oficial-sergio-rodriguez-dimite-director-131613922\" rel=\"nofollow noopener\" target=\"_blank\">rovoc\u00f3 un \u2018terremoto\u2019 que se ha llevado por delante al director deportivo, Sergio Rodr\u00edguez, y al mismo Scariolo<\/a>, que vio rescindido su contrato millonario y deja el Madrid con una buena idemnizaci\u00f3n.<\/p>\n<p>Ya mira hacia el futuro<\/p>\n<p class=\"ft-text ft-helper-align-justify\">El ex seleccionador espa\u00f1ol que marc<strong>\u00f3 una \u00e9poca de \u00e9xitos con \u2018La Familia\u2019, ya mira hacia el futuro y su intenci\u00f3n es volver a entrenar en un proyecto que le motive<\/strong> y que pueda luchar por t\u00edtulos.<\/p>\n<p><img decoding=\"async\" src=\"https:\/\/www.europesays.com\/es\/wp-content\/uploads\/2026\/07\/13c03572-ae58-488e-90fd-d1dbd1449ab4_alta-libre-aspect-ratio_default_0_x600y225.jpg\" width=\"1200\" height=\"675\" alt=\"Sergio Scariolo no daba cr\u00e9dito a lo que ve\u00eda en la pista\" class=\"ft-helper-img-rd\" loading=\"lazy\" fetchpriority=\"auto\"\/><\/p>\n<p class=\"ft-helper-fontColor-quaternary ft-helper-fontSize-body-S ft-helper-spacer-t-xxs\">Sergio Scariolo ha vivido una experiencia amarga aunque est\u00e1 dispuesto a volver a un gran banquillo europeo  \/ EFE<\/p>\n<p class=\"ft-text ft-helper-align-justify\">De hecho,<strong> tras conocerse que dejaba el banquillo el Madrid, ya le han llegado propuestas para dirigir a los dos equipos de Roma, aunque considera que no es el momento de irse a Italia<\/strong>. Tambi\u00e9n ten\u00eda muy avanzado su marcha al Hapoel Tel Aviv, aunque finalmente todo indica que Dimitris Itoudis seguir\u00e1 otro a\u00f1o m\u00e1s.<\/p>\n<p class=\"ft-text ft-helper-align-justify\">En ese escenario, <strong>el italiano no tiene prisa por volver a dirigir a un equipo, aunque si llega una propuesta del Bar\u00e7a, que todav\u00eda no ha contactado directamente con su agente, Misko Raznatovic<\/strong>, estar\u00e1 dispuesta a escucharla con mucha atenci\u00f3n.<\/p>\n<p>Una opci\u00f3n que gusta al cul\u00e9<\/p>\n<p class=\"ft-text ft-helper-align-justify\">Para el de Brescia, <strong>entrenar al Bar\u00e7a despu\u00e9s de dejar el Madrid no supondr\u00eda ning\u00fan problema y tendr\u00eda la oportunidad de tratar de resarcirse ante los blancos<\/strong> despu\u00e9s de decidir que ya no val\u00eda para el proyecto un a\u00f1o despu\u00e9s de llegar.<\/p>\n<p><img decoding=\"async\" src=\"https:\/\/www.europesays.com\/es\/wp-content\/uploads\/2026\/07\/29679d63-de1f-4820-bfbc-45ccd04035b2_alta-libre-aspect-ratio_default_0_x600y225.jpg\" width=\"1200\" height=\"675\" alt=\"Sergio Scariolo, en el \u00faltimo Cl\u00e1sico de Liga Endesa ante el Bar\u00e7a\" class=\"ft-helper-img-rd\" loading=\"lazy\" fetchpriority=\"auto\"\/><\/p>\n<p class=\"ft-helper-fontColor-quaternary ft-helper-fontSize-body-S ft-helper-spacer-t-xxs\">Sergio Scariolo cuenta con el apoyo de los aficionados del Bar\u00e7a para que llegue al Palau  \/ Dani Barbeito<\/p>\n<p class=\"ft-text ft-helper-align-justify\">Para el Bar\u00e7a, <strong>significar\u00eda la llegada de un entrenador de mucho prestigio, capaz de sacar el mayor provecho a la plantilla y con la experiencia necesaria en Europa<\/strong>, y que cuenta con el respeto de \u00e1rbitros y Euroliga. Esta pasada semana fue nombrado vicepresidente de la Asociaci\u00f3n de Entrenadores europeos junto a Xavi Pascual.<\/p>\n<p class=\"ft-text ft-helper-align-justify\">De momento, Scariolo se va a tomar un peque\u00f1o descanso y marcha a Estados Unidos junto a la familia para seguir de cerca la \u2018Summer League\u2019 aunque con un ojo en lo que puede suceder en Europa, y <strong>atento a si el Bar\u00e7a se acaba por decidir por su opci\u00f3n, que ser\u00eda, sin duda, muy bien vista por el aficionado cul\u00e9.<\/strong><\/p>\n","protected":false},"excerpt":{"rendered":"El Bar\u00e7a ha entrado en un \u2018casting\u2019 de posibles candidatos a ocupar el banquillo blaugrana de cara a&hellip;\n","protected":false},"author":2,"featured_media":634818,"comment_status":"","ping_status":"","sticky":false,"template":"","format":"standard","meta":{"footnotes":""},"categories":[93],"tags":[117325,119071,119073,168,119072,25,24,119070,3049,23,167],"class_list":["post-647655","post","type-post","status-publish","format-standard","has-post-thumbnail","category-deportes","tag-contrastado","tag-de-un-barca","tag-de-un-tecnico","tag-deportes","tag-en-busca","tag-es","tag-espana","tag-se-pone-a-tiro","tag-sergio-scariolo","tag-spain","tag-sports"],"share_on_mastodon":{"url":"https:\/\/pubeurope.com\/@es\/116884157212336125","error":""},"_links":{"self":[{"href":"https:\/\/www.europesays.com\/es\/wp-json\/wp\/v2\/posts\/647655","targetHints":{"allow":["GET"]}}],"collection":[{"href":"https:\/\/www.europesays.com\/es\/wp-json\/wp\/v2\/posts"}],"about":[{"href":"https:\/\/www.europesays.com\/es\/wp-json\/wp\/v2\/types\/post"}],"author":[{"embeddable":true,"href":"https:\/\/www.europesays.com\/es\/wp-json\/wp\/v2\/users\/2"}],"replies":[{"embeddable":true,"href":"https:\/\/www.europesays.com\/es\/wp-json\/wp\/v2\/comments?post=647655"}],"version-history":[{"count":0,"href":"https:\/\/www.europesays.com\/es\/wp-json\/wp\/v2\/posts\/647655\/revisions"}],"wp:featuredmedia":[{"embeddable":true,"href":"https:\/\/www.europesays.com\/es\/wp-json\/wp\/v2\/media\/634818"}],"wp:attachment":[{"href":"https:\/\/www.europesays.com\/es\/wp-json\/wp\/v2\/media?parent=647655"}],"wp:term":[{"taxonomy":"category","embeddable":true,"href":"https:\/\/www.europesays.com\/es\/wp-json\/wp\/v2\/categories?post=647655"},{"taxonomy":"post_tag","embeddable":true,"href":"https:\/\/www.europesays.com\/es\/wp-json\/wp\/v2\/tags?post=647655"}],"curies":[{"name":"wp","href":"https:\/\/api.w.org\/{rel}","templated":true}]}}