{"id":647689,"date":"2026-07-08T12:02:20","date_gmt":"2026-07-08T12:02:20","guid":{"rendered":"https:\/\/www.europesays.com\/es\/647689\/"},"modified":"2026-07-08T12:02:20","modified_gmt":"2026-07-08T12:02:20","slug":"pablo-lopez-en-concierto-en-alcala-de-guadaira-en-el-iii-festival-del-patio-metropolis","status":"publish","type":"post","link":"https:\/\/www.europesays.com\/es\/647689\/","title":{"rendered":"Pablo L\u00f3pez en concierto en Alcal\u00e1 de Guada\u00edra en el III Festival del Patio + Metr\u00f3polis"},"content":{"rendered":"<p> Alcal\u00e1 de Guada\u00edra se suma un a\u00f1o m\u00e1s a la red de ciudades que formar\u00e1n parte del Festival del Patio + Metr\u00f3polis, la propuesta cultural de la Diputaci\u00f3n de Sevilla, que recorre la provincia de la mano de grandes artistas del panorama musical espa\u00f1ol.   <\/p>\n<p>Se trata de una apuesta por la m\u00fasica intergeneracional, a precios asequibles y en directo. La tercera edici\u00f3n del Festival del Patio + Metr\u00f3polis reunir\u00e1 del 11 de septiembre al 3 de octubre nueve actuaciones en el Patio de la Diputaci\u00f3n y en cinco municipios de la provincia. As\u00ed, Abraham Mateo, Caf\u00e9 Quijano, Pablo L\u00f3pez, Luz Casal, Tanxugueiras, Morgan, Los Planetas, Ginebras y La Plazuela protagonizar\u00e1n un cartel que apuesta por una oferta musical diversa, con entradas a precios populares y el objetivo de acercar la cultura a todos.\n <\/p>\n<p> La alcaldesa de la ciudad, Ana Isabel Jim\u00e9nez, acompa\u00f1ada de una amplia representaci\u00f3n del  Equipo de Gobierno, ha asistido a esta presentaci\u00f3n del Festival en el Patio de la Diputaci\u00f3n y ha resaltado que \u201c Alcal\u00e1 se suma a esta red de ciudades que siguen apostando por la m\u00fasica, y lo hacemos por la puerta grande con el concierto de Pablo L\u00f3pez (5 euros la entrada) potenciando la m\u00fasica en directo, la cultura viva y al alcance de todos, reflejo tambi\u00e9n de la apuesta de la Diputaci\u00f3n como motor de la cultura en toda la provincia, ha concluido.   <\/p>\n<p>Por su parte, municipal de Cultura, Christopher Rivas, ha se\u00f1alado  que \u201cel concierto de Pablo L\u00f3pez supone una importante cita con la m\u00fasica m\u00e1s actual para la ciudad\u201d. Ha explicado que \u201cdesde la delegaci\u00f3n municipal de Cultura ya est\u00e1n trabajando para toda la log\u00edstica y el apoyo a la organizaci\u00f3n de este Festival de la Diputaci\u00f3n de Sevilla, en un fin de semana en el que Alcal\u00e1 y la cultura van a ser capital, ya que al d\u00eda siguiente, el d\u00eda 26 de septiembre el Castillo de Alcal\u00e1 acoger\u00e1 el Festival Famenco Joaqu\u00edn el de la Paula\u201d.\n <\/p>\n<p>Las encargadas de inaugurar el III Festival del Patio + Metr\u00f3polis en la sede de la Diputaci\u00f3n ser\u00e1n Tanxugueiras, el 16 de septiembre, seguidas de Morgan, el 17, Los Planetas, el 18, y Ginebras, que pondr\u00e1 el broche al ciclo del Patio el d\u00eda 19.\n <\/p>\n<p>Por su parte, el recorrido por la provincia comenzar\u00e1 el d\u00eda 11 en La Rinconada con Abraham Mateo, y continuar\u00e1 al d\u00eda siguiente en Utrera con Caf\u00e9 Quijano. El 25 de septiembre llegar\u00e1 a la explanada del Auditorio Riberas del Guada\u00edra en Alcal\u00e1 de Guada\u00edra, donde actuar\u00e1 Pablo L\u00f3pez, mientras que el 26 ser\u00e1 el turno de Luz Casal en el Auditorio Los del R\u00edo de Dos Hermanas. Finalmente, concluir\u00e1 el 3 de octubre en el Recinto H\u00edpico de Mairena del Aljarafe, con el concierto de La Plazuela.\n <\/p>\n<p>El cartel de esta edici\u00f3n, lleva la firma del dise\u00f1ador Javier Infante del Rosal, quien ha creado un colorido cartel en el que se distinguen una noche estrellada, el verde de los \u00e1rboles, instrumentos musicales como una guitarra o un piano. El autor quiso dedicar al desaparecido Manolo Cuervo un dise\u00f1o \u201csugerente, que da libertad al espectador y que entienden los humanos, pero no las m\u00e1quinas\u201d.\n <\/p>\n<p> Las entradas para todos los conciertos estar\u00e1n disponibles en las siguientes fechas: lunes 27, para las actuaciones programadas en el Patio; martes 28, para el concierto de Abraham Mateo (La Rinconada) y Caf\u00e9 Quijano (Utrera); mi\u00e9rcoles 29 para los conciertos de Pablo L\u00f3pez (Alcal\u00e1 de Guada\u00edra) y Luz Casal (Dos Hermanas); y el jueves 30 para la actuaci\u00f3n de La Plazuela (Mairena del Aljarafe) y podr\u00e1n adquirirse en la web oficial de esta cita con la m\u00fasica en directo: <a href=\"http:\/\/www.festivaldelpatio.es\/\" class=\"western\" rel=\"nofollow noopener\" target=\"_blank\">www.festivaldelpatio.es<\/a>. Los conciertos del Festival del Patio tendr\u00e1n un precio \u00fanico de 10 euros, mientras que las actuaciones de Metr\u00f3polis podr\u00e1n disfrutarse por 5 euros, manteniendo la apuesta de la Diputaci\u00f3n Provincial de Sevilla por una programaci\u00f3n musical de calidad, abierta a todos los p\u00fablicos y con precios asequibles.   <\/p>\n","protected":false},"excerpt":{"rendered":"Alcal\u00e1 de Guada\u00edra se suma un a\u00f1o m\u00e1s a la red de ciudades que formar\u00e1n parte del Festival&hellip;\n","protected":false},"author":2,"featured_media":647690,"comment_status":"","ping_status":"","sticky":false,"template":"","format":"standard","meta":{"footnotes":""},"categories":[91],"tags":[24471,24470,24478,24469,1250,777,209,24474,168,24489,2026,24491,146,147,24480,25,24,24488,24487,24490,24492,24473,2178,3624,15235,891,6850,6688,24483,24054,24497,4044,24493,10,24477,24482,24415,24472,12365,24496,1922,24485,24481,24479,24475,24484,19497,24486,1171,23,24494,24476,4664,24495],"class_list":["post-647689","post","type-post","status-publish","format-standard","has-post-thumbnail","category-entretenimiento","tag-accesibilidad","tag-administracion-electronica","tag-agenda-de-actividades","tag-alcala-de-guadaira","tag-ayuntamiento","tag-ciudad","tag-cultura","tag-datos-abiertos","tag-deportes","tag-desarrollo-economico","tag-educacion","tag-edusi","tag-entertainment","tag-entretenimiento","tag-equipamientos","tag-es","tag-espana","tag-feria-de-alcala","tag-fiestas-mayores","tag-formacion-y-empleo","tag-gestion-tributaria","tag-gobierno-abierto","tag-igualdad","tag-infancia","tag-infraestructura","tag-inmigrantes","tag-juventud","tag-medio-ambiente","tag-molinos","tag-movilidad-urbana","tag-movilidad-y-transporte","tag-mujeres","tag-museo-de-alcala","tag-noticias","tag-oferta-de-empleo","tag-oromana","tag-participacion-ciudadana","tag-personas-con-discapacidad","tag-personas-mayores","tag-punto-limpio","tag-redes-sociales","tag-secretaria","tag-sede-electronica","tag-servicio-de-quejas-y-sugerencias","tag-servicios-destacados","tag-servicios-municipales","tag-servicios-sociales","tag-servicios-urbanos","tag-sevilla","tag-spain","tag-teatro-auditorio-riberas-del-guadaira","tag-tramites-y-servicios","tag-turismo","tag-universidad-popular"],"share_on_mastodon":{"url":"","error":"Validation failed: Text character limit of 500 exceeded"},"_links":{"self":[{"href":"https:\/\/www.europesays.com\/es\/wp-json\/wp\/v2\/posts\/647689","targetHints":{"allow":["GET"]}}],"collection":[{"href":"https:\/\/www.europesays.com\/es\/wp-json\/wp\/v2\/posts"}],"about":[{"href":"https:\/\/www.europesays.com\/es\/wp-json\/wp\/v2\/types\/post"}],"author":[{"embeddable":true,"href":"https:\/\/www.europesays.com\/es\/wp-json\/wp\/v2\/users\/2"}],"replies":[{"embeddable":true,"href":"https:\/\/www.europesays.com\/es\/wp-json\/wp\/v2\/comments?post=647689"}],"version-history":[{"count":0,"href":"https:\/\/www.europesays.com\/es\/wp-json\/wp\/v2\/posts\/647689\/revisions"}],"wp:featuredmedia":[{"embeddable":true,"href":"https:\/\/www.europesays.com\/es\/wp-json\/wp\/v2\/media\/647690"}],"wp:attachment":[{"href":"https:\/\/www.europesays.com\/es\/wp-json\/wp\/v2\/media?parent=647689"}],"wp:term":[{"taxonomy":"category","embeddable":true,"href":"https:\/\/www.europesays.com\/es\/wp-json\/wp\/v2\/categories?post=647689"},{"taxonomy":"post_tag","embeddable":true,"href":"https:\/\/www.europesays.com\/es\/wp-json\/wp\/v2\/tags?post=647689"}],"curies":[{"name":"wp","href":"https:\/\/api.w.org\/{rel}","templated":true}]}}