{"id":647699,"date":"2026-07-08T12:07:13","date_gmt":"2026-07-08T12:07:13","guid":{"rendered":"https:\/\/www.europesays.com\/es\/647699\/"},"modified":"2026-07-08T12:07:13","modified_gmt":"2026-07-08T12:07:13","slug":"el-juez-peinado-dice-que-no-pretendia-ofender-a-los-escoltas-de-begona-gomez-pero-insiste-en-que-hay-policias-que-no-cumplen-la-ley","status":"publish","type":"post","link":"https:\/\/www.europesays.com\/es\/647699\/","title":{"rendered":"El juez Peinado dice que no pretend\u00eda \u00abofender\u00bb a los escoltas de Bego\u00f1a G\u00f3mez pero insiste en que hay polic\u00edas que no cumplen la ley"},"content":{"rendered":"<p class=\"article-text\">\n        El juez Juan Carlos Peinado ha remitido un escrito a la Audiencia Provincial de Madrid para responder al <a href=\"https:\/\/www.eldiario.es\/politica\/begona-gomez-recurrira-decision-peinado-retirarle-pasaporte-cree-frase-escolta-especulativa_1_13322471.html\" target=\"_blank\" data-mrf-recirculation=\"links-noticia\" class=\"link\" rel=\"nofollow noopener\">recurso de queja de Bego\u00f1a G\u00f3mez contra las medidas cautelares<\/a> en el que asegura que no quiso \u201cofender o menospreciar\u201d la labor de la escolta policial cuando dijo que podr\u00edan colaborar en la fuga de la esposa del presidente del Gobierno. Peinado tambi\u00e9n se reafirma en su decisi\u00f3n de retirarle el pasaporte y argumenta que hay antecedentes de presidentes que consiguieron huir de sus pa\u00edses para evitar la acci\u00f3n de la Justicia.\n    <\/p>\n<p class=\"article-text\">\n        En el informe, fechado del 30 de junio, el magistrado rebaja a hip\u00f3tesis la posibilidad de que la escolta de G\u00f3mez pudiera ayudar en la huida e insiste en que \u00e9l no dijo en su auto que eso \u201csea probable o previsible\u201d. \u201cEn modo alguno se ha tratado de ofender o menospreciar la labor de esos funcionarios\u201d, explica, y a\u00f1ade que realizan su trabajo de forma \u201cabnegada\u201d y \u201cejemplar\u201d. Para rebatir la alegaci\u00f3n del letrado de G\u00f3mez de que no existe riesgo de huida porque est\u00e1 siempre acompa\u00f1ada por los agentes, Peinado sostiene que \u201cno debe olvidarse\u201d que la misi\u00f3n de la escolta \u201ces la de proteger frente a terceros de posibles ataques\u201d y no \u201cevitar los movimientos o desplazamientos que estime conveniente\u201d.\n    <\/p>\n<p class=\"article-text\">\n        A continuaci\u00f3n, el juez Peinado incide en que hay miembros de los cuerpos de seguridad del Estado que no cumplen con sus obligaciones. \u201cSi no existiera la posibilidad de que haya elementos individuales que no cumplen adecuadamente con sus obligaciones carecer\u00eda de sentido la existencia de la Unidad de Asuntos Internos, creada precisamente por este motivo\u201d, argumenta. Y suma el hecho de que en la Audiencia Nacional hay sentencias condenatorias por conductas de miembros de la Polic\u00eda.\n    <\/p>\n<p>    <a href=\"https:\/\/www.eldiario.es\/politica\/begona-gomez-recurrira-decision-peinado-retirarle-pasaporte-cree-frase-escolta-especulativa_1_13322471.html\" data-mrf-recirculation=\"saber-mas-abajo\" data-dl-event=\"saber-mas-abajo\" rel=\"nofollow noopener\" target=\"_blank\"><\/p>\n<p class=\"know-more__title\">Bego\u00f1a G\u00f3mez recurre la decisi\u00f3n de Peinado de retirarle el pasaporte y cree que su frase sobre la escolta es especulativa\n<\/p>\n<p>            <img decoding=\"async\" class=\"lazy\" loading=\"lazy\" data-src=\"https:\/\/static.eldiario.es\/clip\/3d93c199-d4c9-49bd-9adf-6418521c3a4d_16-9-aspect-ratio_default_0.jpg\" src=\"data:image\/svg+xml,%3Csvg xmlns=\" http:=\"\" viewbox=\"0 0 880 495\" alt=\"Bego\u00f1a G\u00f3mez recurre la decisi\u00f3n de Peinado de retirarle el pasaporte y cree que su frase sobre la escolta es especulativa\"\/><\/p>\n<p>                        <\/a><\/p>\n<p class=\"article-text\">\n         \u201cNo ser\u00eda la primera ocasi\u00f3n en la que un presidente del Gobierno de un Estado Miembro de la Uni\u00f3n Europea, de un pa\u00eds mediterr\u00e1neo (Italia), se fuga ante un procedimiento de una trama de corrupci\u00f3n a un pa\u00eds del continente africano (T\u00fanez), quien sin duda dispondr\u00eda de toda la escolta oportuna\u201d, afirma. El ejemplo que utiliza, sin citarlo expresamente, es el del ex primer ministro italiano Bettino Craxi, que huy\u00f3 de la justicia en 1994, aunque cuando abandon\u00f3 el pa\u00eds ya no era primer ministro.\n    <\/p>\n","protected":false},"excerpt":{"rendered":"El juez Juan Carlos Peinado ha remitido un escrito a la Audiencia Provincial de Madrid para responder al&hellip;\n","protected":false},"author":2,"featured_media":647700,"comment_status":"","ping_status":"","sticky":false,"template":"","format":"standard","meta":{"footnotes":""},"categories":[5],"tags":[7421,17,18,21594,6727,25,119080,24,13,14,4190,1634,11,715,1664,19,20,1464,9,689,10,15,16,119079,24182,10788,119078,23,12,21,22],"class_list":["post-647699","post","type-post","status-publish","format-standard","has-post-thumbnail","category-titulares","tag-begona","tag-breaking-news","tag-breakingnews","tag-cumplen","tag-dice","tag-es","tag-escoltas","tag-espana","tag-featured-news","tag-featurednews","tag-gomez","tag-hay","tag-headlines","tag-insiste","tag-juez","tag-latest-news","tag-latestnews","tag-ley","tag-news","tag-no","tag-noticias","tag-noticias-destacadas","tag-noticiasdestacadas","tag-ofender","tag-peinado","tag-policias","tag-pretendia","tag-spain","tag-titulares","tag-ultimas-noticias","tag-ultimasnoticias"],"share_on_mastodon":{"url":"https:\/\/pubeurope.com\/@es\/116884277974654175","error":""},"_links":{"self":[{"href":"https:\/\/www.europesays.com\/es\/wp-json\/wp\/v2\/posts\/647699","targetHints":{"allow":["GET"]}}],"collection":[{"href":"https:\/\/www.europesays.com\/es\/wp-json\/wp\/v2\/posts"}],"about":[{"href":"https:\/\/www.europesays.com\/es\/wp-json\/wp\/v2\/types\/post"}],"author":[{"embeddable":true,"href":"https:\/\/www.europesays.com\/es\/wp-json\/wp\/v2\/users\/2"}],"replies":[{"embeddable":true,"href":"https:\/\/www.europesays.com\/es\/wp-json\/wp\/v2\/comments?post=647699"}],"version-history":[{"count":0,"href":"https:\/\/www.europesays.com\/es\/wp-json\/wp\/v2\/posts\/647699\/revisions"}],"wp:featuredmedia":[{"embeddable":true,"href":"https:\/\/www.europesays.com\/es\/wp-json\/wp\/v2\/media\/647700"}],"wp:attachment":[{"href":"https:\/\/www.europesays.com\/es\/wp-json\/wp\/v2\/media?parent=647699"}],"wp:term":[{"taxonomy":"category","embeddable":true,"href":"https:\/\/www.europesays.com\/es\/wp-json\/wp\/v2\/categories?post=647699"},{"taxonomy":"post_tag","embeddable":true,"href":"https:\/\/www.europesays.com\/es\/wp-json\/wp\/v2\/tags?post=647699"}],"curies":[{"name":"wp","href":"https:\/\/api.w.org\/{rel}","templated":true}]}}