{"id":647727,"date":"2026-07-08T12:27:23","date_gmt":"2026-07-08T12:27:23","guid":{"rendered":"https:\/\/www.europesays.com\/es\/647727\/"},"modified":"2026-07-08T12:27:23","modified_gmt":"2026-07-08T12:27:23","slug":"lavacolla-entra-en-la-expansion-de-wizz-air-y-tendra-enlaces-con-madrid-valencia-y-bilbao-la-voz-de-galicia","status":"publish","type":"post","link":"https:\/\/www.europesays.com\/es\/647727\/","title":{"rendered":"Lavacolla entra en la expansi\u00f3n de Wizz Air y tendr\u00e1 enlaces con Madrid, Valencia y Bilbao &#8211; La Voz de Galicia"},"content":{"rendered":"<ol>\n<li><a href=\"https:\/\/news.google.com\/rss\/articles\/CBMi7wFBVV95cUxOX2hfYUg2SlcweHNCZTNHZkw3eVRZbHE2Z3RIV1UxMW1IY2ppTzFaQU9NNWhIZ3VrbklCTmFNNTZ3MjNsRExlWmhYQS1tc2lhb0p6LUFScS1TSk9EaXdkM1BMMG9CN1Bha0owMTVjTm92M1c0UVRCeC04Qnh5SFpxUmZnaWVzMXlPUHowR0FUR1g5WUlnd2xHNzZoZ3dHbU1lVTNjalRrMXloa05WRTB3V2VnXzk4T1FJRmdveGtieGk2T2t6aEdFOUkzQm0wRUxqNG00S3hYM2pmbzk3RzNGbVF0bmdrcjh6cHhQdm5Oa9IBiwJBVV95cUxPdENhcm9EbnN3NFJ2MTVyd0hlaGpmQ29fYlZFeHNFb1R4Sk1QNlFNOXZ6dlliU3liNmpHeVNGeFFoaUExTkRoOE1kYnpPVVZUa2JzM0dHbTFBMmF1QjFpRkpJcEgtMlFaSURlTmpxMU1QZ1BjZ2toOVFZc3BQZEtpd0t1ci1mUTczbXZwZ0F5TFEyWC1ac2poQWNscVE2TVVtOElzRTZUTVh2UnhaUm5US0JVTG8wNlAxeHg4TFhLRERXTGo1c3BwM1V5TUFBbjV0ZWU0dEhWT2NDSVpXSnNUdVN3dUdhX1VvRzFBTlFjTXk1YTdjRWhlRW9HQXZFTm9iTDE0aWttY0FBUzQ?oc=5\" target=\"_blank\" rel=\"nofollow noopener\">Lavacolla entra en la expansi\u00f3n de Wizz Air y tendr\u00e1 enlaces con Madrid, Valencia y Bilbao<\/a>&nbsp;&nbsp;La Voz de Galicia<\/li>\n<li><a href=\"https:\/\/news.google.com\/rss\/articles\/CBMirgFBVV95cUxNakJvVmZsY2RkNVc5RFNmWVpwdzhMeWU5ck9IdlBkdlRnZHo5aXZVRTU0WHpfYjNrZEU2Mm5JeHVxSVRJVm1PQlE5cFhsS0JubGFfU0IzSzBwX00ydGhPNWlUY3Q0Y3AzdE80OGtEWFNyalUxb2tfNWxnQ3VzRE1mVWJTRU5ITUc4WXlUbmN5aHlLT3UtWXFCWlU5NXdaREpRQjFPSnloa2d1RXI1cEE?oc=5\" target=\"_blank\" rel=\"nofollow noopener\">WizzAir recrudece su guerra con Vueling en Loiu y anuncia cuatro nuevos destinos de un plumazo<\/a>&nbsp;&nbsp;El Correo<\/li>\n<li><a href=\"https:\/\/news.google.com\/rss\/articles\/CBMi4AFBVV95cUxOOGJpaHI2LXZZX29WZUc5Mjc1NjZzV3ZDSGZqQmYwc2p3ZXN2SmpLeTNWSnNnLXh5T0NMVlhHc0RnNzRpSUJsSnh2bi1VNjNfSzMzLUJrdGRib3dha3ZjM2ItbDRXX1A0X20tWDJKWFVva05TS3NENS1YdEd6LV9NekZNR0JLaFR6X24wRy1VN09HVFJaM0p2S1FkM1czVjl0TTF2UVpOQXp4UG1FUFAwUUVEOWpmTnhlNjFoOWdOZUdBQnFyZkN4Ri1zdHRmQVl0MTZxX1BNZGhRVWtra2VyTA?oc=5\" target=\"_blank\" rel=\"nofollow noopener\">La aerol\u00ednea Wizz Air abre base en el aeropuerto de Val\u00e8ncia con 2 aviones y 23 rutas<\/a>&nbsp;&nbsp;Valencia Plaza<\/li>\n<li><a href=\"https:\/\/news.google.com\/rss\/articles\/CBMivAFBVV95cUxPWXNaQ2Vta2U5QTB1SEFiRzNxTzRkX1NwR1FwVG0wamVTVS1xNlR2Y3I5UTN2cWNUME5STmZPWkVSTElKeWQtQXJ4U0lqUU5waG52QUZYc0oxZmxvX2ZKMEVDVE5IdkxUcHpPMFBNM1FFX2F3ZU1RbmlKX3ZLc21UMjEtaFJNMDdrbk41bXBudzRWaDZncmV5VFlyanE3YzZ2dWlVb09Ba0ptNWotcERlRUlGS2hka1B3UHhwY9IBwgFBVV95cUxOMDhjSEgyUGVzS28zMmpjb1ZSWGJUMGI2NmZBRnFMNk1saHl5ZW1pVEJ5cEczR1lFQnFCYjBiY0NUSXVKcFpFODdoaU1Qb2hrRlp2dWlwaTA5Mkd5Tjd6VXNXZm5ZdW5OUUVNUmNLZVBtcHBBNW16X0xrd2UtOXFZcXNfb3ZWbUdWaG1JVHdGQ0dYZzFENHk0N0JuUnhfZ1lBWEtsX0RhUTVNVjVxVVBWM3ZPWkZXZEdJdDliMGh6YmN4UQ?oc=5\" target=\"_blank\" rel=\"nofollow noopener\">Wizz Air abre base en Valencia y estrena en oto\u00f1o siete rutas<\/a>&nbsp;&nbsp;Levante-EMV<\/li>\n<li><a href=\"https:\/\/news.google.com\/rss\/articles\/CBMijAFBVV95cUxORmtTR194T3ZZZV9XVjBaNWg4UEMxTEFrTGtJLVlKdXNubUI1M3N3cllKcGlOdmJCNGlaN29adlhvVDVhS1dXdEFtMzBHVlEtc25hMW8xWEVHYk5PeDRmdXBIbkluTlN5cEhoNkNiaGRyZWFoc3BPbW9kMzE3NTNXVWJOdjIwMGpxRXdBRdIBkgFBVV95cUxOUmpmSlo5RzYydmgyVnZwU01UX1pUSFVWbEIzdmpvUW5FOUlvX2xRN0lQUGNWdlRZVW1KVzJaTFA4T1VDc1BQbDQtRVNDdVJaY3QzVzByZjJlNWdldG5aVGNmS3FJdmJzRnh4MGxTb2pTZS0zek53TTdnb2Z5dTRtYkpwMHZPeGtDdlVGRVVHZEJ2Zw?oc=5\" target=\"_blank\" rel=\"nofollow noopener\">Llega una nueva aerol\u00ednea \u00ablow cost\u00bb a Asturias: operar\u00e1 la conexi\u00f3n a Londres que iba a dejar Vueling en octubre y dos m\u00e1s<\/a>&nbsp;&nbsp;La Nueva Espa\u00f1a<\/li>\n<\/ol>\n","protected":false},"excerpt":{"rendered":"Lavacolla entra en la expansi\u00f3n de Wizz Air y tendr\u00e1 enlaces con Madrid, Valencia y Bilbao&nbsp;&nbsp;La Voz de&hellip;\n","protected":false},"author":2,"featured_media":647728,"comment_status":"","ping_status":"","sticky":false,"template":"","format":"standard","meta":{"footnotes":""},"categories":[80],"tags":[1162,33532,1161,82,95,94,25,24,30524,23],"class_list":["post-647727","post","type-post","status-publish","format-standard","has-post-thumbnail","category-economia","tag-aena","tag-aeropuerto-de-lavacolla","tag-aeropuertos","tag-business","tag-economia","tag-economy","tag-es","tag-espana","tag-santiago-ciudad","tag-spain"],"share_on_mastodon":{"url":"https:\/\/pubeurope.com\/@es\/116884356970899291","error":""},"_links":{"self":[{"href":"https:\/\/www.europesays.com\/es\/wp-json\/wp\/v2\/posts\/647727","targetHints":{"allow":["GET"]}}],"collection":[{"href":"https:\/\/www.europesays.com\/es\/wp-json\/wp\/v2\/posts"}],"about":[{"href":"https:\/\/www.europesays.com\/es\/wp-json\/wp\/v2\/types\/post"}],"author":[{"embeddable":true,"href":"https:\/\/www.europesays.com\/es\/wp-json\/wp\/v2\/users\/2"}],"replies":[{"embeddable":true,"href":"https:\/\/www.europesays.com\/es\/wp-json\/wp\/v2\/comments?post=647727"}],"version-history":[{"count":0,"href":"https:\/\/www.europesays.com\/es\/wp-json\/wp\/v2\/posts\/647727\/revisions"}],"wp:featuredmedia":[{"embeddable":true,"href":"https:\/\/www.europesays.com\/es\/wp-json\/wp\/v2\/media\/647728"}],"wp:attachment":[{"href":"https:\/\/www.europesays.com\/es\/wp-json\/wp\/v2\/media?parent=647727"}],"wp:term":[{"taxonomy":"category","embeddable":true,"href":"https:\/\/www.europesays.com\/es\/wp-json\/wp\/v2\/categories?post=647727"},{"taxonomy":"post_tag","embeddable":true,"href":"https:\/\/www.europesays.com\/es\/wp-json\/wp\/v2\/tags?post=647727"}],"curies":[{"name":"wp","href":"https:\/\/api.w.org\/{rel}","templated":true}]}}