{"id":647729,"date":"2026-07-08T12:28:15","date_gmt":"2026-07-08T12:28:15","guid":{"rendered":"https:\/\/www.europesays.com\/es\/647729\/"},"modified":"2026-07-08T12:28:15","modified_gmt":"2026-07-08T12:28:15","slug":"la-primera-ministra-de-dinamarca-responde-a-trump-por-groenlandia-defenderemos-cada-centimetro-de-nuestro-territorio","status":"publish","type":"post","link":"https:\/\/www.europesays.com\/es\/647729\/","title":{"rendered":"La primera ministra de Dinamarca responde a Trump por Groenlandia: \u00abDefenderemos cada cent\u00edmetro de nuestro territorio\u00bb"},"content":{"rendered":"<p class=\"article-text\">\n        \u201cPor supuesto que defenderemos el Reino de Dinamarca\u201d. As\u00ed ha respondido este mi\u00e9rcoles la primera ministra de Dinamarca, Mette Frederiksen, a la pregunta de los periodistas si \u201cdefender\u00edan cada cent\u00edmetro de Groenlandia, incluso si quien atacara fuera un antiguo aliado\u201d, tras las incendiarias declaraciones del presidente de Estados Unidos, Donald Trump, que dijo que \u201cGroenlandia deber\u00eda estar bajo el control de Estados Unidos y no de Dinamarca\u201d, durante la cumbre de la OTAN que se est\u00e1 celebrando en la capital turca de Ankara.\n    <\/p>\n<p class=\"article-text\">\n        Frederiksen ha lamentado de la actitud de Trump: \u201cEscuch\u00e9 ayer al presidente de Estados Unidos y creo que la posici\u00f3n estadounidense, por desgracia, es muy clara sobre este asunto. Nuestra postura tambi\u00e9n ha sido clara desde el principio: Groenlandia, por supuesto, no est\u00e1 en venta\u201d.\n    <\/p>\n<p class=\"article-text\">\n        \u201cEsperamos que todos, incluidos todos nuestros aliados, respeten el derecho del pueblo groenland\u00e9s a la autodeterminaci\u00f3n. Somos un Estado soberano y necesitamos que todo el mundo respete nuestra integridad territorial y nuestra soberan\u00eda\u201d, ha reiterado la primera ministra de Dinamarca.\n    <\/p>\n<p class=\"article-text\">\n        Ante las preguntas de los periodistas sobre si Dinamarca estar\u00eda dispuesta a defender militarmente a Groenlandia, Frederiksen ha resaltado que \u201cestamos preparados para defender cada cent\u00edmetro del territorio de la OTAN, incluido nuestro propio territorio. Una de las razones por las que fundamos la OTAN hace tantas d\u00e9cadas fue precisamente que, si uno de nosotros es atacado, todos acudimos en su defensa. El art\u00edculo 5 es nuestro seguro colectivo\u201d.\n    <\/p>\n<p class=\"article-text\">\n        Apelando al art\u00edculo 5 de la OTAN, que obliga a la defensa colectiva en caso de que uno de sus miembros sea atacado, le ha mandado un mensaje a Trump sobre c\u00f3mo debe responder la Alianza Atl\u00e1ntica: \u201cSe aplic\u00f3 cuando Estados Unidos fue atacado el 11 de septiembre. Y lo mismo vale para Groenlandia: si ocurre algo que nos afecte, la Alianza responder\u00e1\u201d.\n    <\/p>\n<p class=\"article-text\">\n        Frederiksen ha contado con el respaldo de la primera ministra de Islandia, Kristr\u00fan Frostad\u00f3ttir, que ha se\u00f1alado que \u201cGroenlandia pertenece a su pueblo, no quieren ser parte de EEUU. Ocurre lo mismo con Islandia. Lo que necesitamos es unidad. Tenemos amenazas de fuera de la Alianza, la m\u00e1s fuerte es Rusia, eso tendr\u00eda que ser donde pusi\u00e9ramos el foco en esta cumbre\u201d. Trump ha confundido varias veces a Islandia con Groenlandia en sus discursos sobre anexionarse el territorio dan\u00e9s.\n    <\/p>\n<p class=\"article-text\">\n        El primer ministro de Portugal, Lu\u00eds Montenegro, el presidente de Finlandia, Alexander Stubb, y su hom\u00f3logo de Letonia, Edgars Rinkevics, tambi\u00e9n han mostrado su solidaridad con Dinamarca y la defensa de la soberan\u00eda de Groenlandia ante las amenazas de Trump.\n    <\/p>\n<p class=\"article-text\">\n        Totalmente diferente ha sido la posici\u00f3n del secretario general de la OTAN, Mark Rutte, que no ha querido criticar a Trump y ni siquiera ha entrado a comentar sus pol\u00e9micas palabras sobre Groenlandia. Rutte se ha limitado a se\u00f1alar que \u201cel compromiso de Estados Unidos con la OTAN es total. Tambi\u00e9n porque la OTAN responde al inter\u00e9s nacional de Estados Unidos: por ejemplo, para impedir que loha ss submarinos nucleares rusos acaben frente a las costas estadounidenses y para garantizar la seguridad de Estados Unidos. La OTAN mantiene seguro el Atl\u00e1ntico, Europa y el \u00c1rtico\u201d.\n    <\/p>\n<p class=\"article-text\">\n        No es la primera vez que Trump amenaza con anexionarse este territorio perteneciente a la corona danesa, que es rica en minerales cr\u00edticos y tierras raras, materias esenciales para la industria tecnol\u00f3gica y de defensa. El presidente de EEUU lleg\u00f3 a decir en varias ocasiones que se conseguir\u00eda quedar con Groenlandia, incluso utilizando la fuerza militar, y tambi\u00e9n amenaz\u00f3 con aranceles contra la UE si no se ced\u00eda el territorio dan\u00e9s.\n    <\/p>\n<p>    <a href=\"https:\/\/www.eldiario.es\/internacional\/trump-vuelve-incendiar-relacion-europa-groenlandia-deberia-control-eeuu-no-dinamarca_1_13362736.html\" data-mrf-recirculation=\"saber-mas-abajo\" data-dl-event=\"saber-mas-abajo\" rel=\"nofollow noopener\" target=\"_blank\"><\/p>\n<p class=\"know-more__title\">Trump vuelve a incendiar su relaci\u00f3n con Europa: \u201cGroenlandia deber\u00eda estar bajo el control de EEUU y no de Dinamarca\u201d\n<\/p>\n<p>            <img decoding=\"async\" class=\"lazy\" loading=\"lazy\" data-src=\"https:\/\/static.eldiario.es\/clip\/34858ee8-2d0f-4895-a9aa-dcece5b12fc7_16-9-aspect-ratio_default_0_x1031y384.jpg\" src=\"data:image\/svg+xml,%3Csvg xmlns=\" http:=\"\" viewbox=\"0 0 880 495\" alt=\"Trump vuelve a incendiar su relaci\u00f3n con Europa: &quot;Groenlandia deber\u00eda estar bajo el control de EEUU y no de Dinamarca&quot;\"\/><\/p>\n<p>                        <\/a><\/p>\n<p class=\"article-text\">\n        El pasado enero, tras meses de tensiones entre Europa y Estados Unidos por la soberan\u00eda de la isla, que llev\u00f3 a varios pa\u00edses europeos a mandar tropas a Groenlandia como medida de presi\u00f3n, Trump dio su brazo a torcer ante los avisos velados de la UE de utilizar medidas econ\u00f3micas contra EEUU.\n    <\/p>\n","protected":false},"excerpt":{"rendered":"\u201cPor supuesto que defenderemos el Reino de Dinamarca\u201d. As\u00ed ha respondido este mi\u00e9rcoles la primera ministra de Dinamarca,&hellip;\n","protected":false},"author":2,"featured_media":647730,"comment_status":"","ping_status":"","sticky":false,"template":"","format":"standard","meta":{"footnotes":""},"categories":[42],"tags":[17,18,119084,119083,2496,13,14,29392,11,61,62,63,64,19,20,1740,9,10,15,16,1078,1259,702,12,936,21,22,65,66,67],"class_list":["post-647729","post","type-post","status-publish","format-standard","has-post-thumbnail","category-internacional","tag-breaking-news","tag-breakingnews","tag-centimetro","tag-defenderemos","tag-dinamarca","tag-featured-news","tag-featurednews","tag-groenlandia","tag-headlines","tag-internacional","tag-international","tag-international-news","tag-internationalnews","tag-latest-news","tag-latestnews","tag-ministra","tag-news","tag-noticias","tag-noticias-destacadas","tag-noticiasdestacadas","tag-primera","tag-responde","tag-territorio","tag-titulares","tag-trump","tag-ultimas-noticias","tag-ultimasnoticias","tag-world","tag-world-news","tag-worldnews"],"share_on_mastodon":{"url":"","error":""},"_links":{"self":[{"href":"https:\/\/www.europesays.com\/es\/wp-json\/wp\/v2\/posts\/647729","targetHints":{"allow":["GET"]}}],"collection":[{"href":"https:\/\/www.europesays.com\/es\/wp-json\/wp\/v2\/posts"}],"about":[{"href":"https:\/\/www.europesays.com\/es\/wp-json\/wp\/v2\/types\/post"}],"author":[{"embeddable":true,"href":"https:\/\/www.europesays.com\/es\/wp-json\/wp\/v2\/users\/2"}],"replies":[{"embeddable":true,"href":"https:\/\/www.europesays.com\/es\/wp-json\/wp\/v2\/comments?post=647729"}],"version-history":[{"count":0,"href":"https:\/\/www.europesays.com\/es\/wp-json\/wp\/v2\/posts\/647729\/revisions"}],"wp:featuredmedia":[{"embeddable":true,"href":"https:\/\/www.europesays.com\/es\/wp-json\/wp\/v2\/media\/647730"}],"wp:attachment":[{"href":"https:\/\/www.europesays.com\/es\/wp-json\/wp\/v2\/media?parent=647729"}],"wp:term":[{"taxonomy":"category","embeddable":true,"href":"https:\/\/www.europesays.com\/es\/wp-json\/wp\/v2\/categories?post=647729"},{"taxonomy":"post_tag","embeddable":true,"href":"https:\/\/www.europesays.com\/es\/wp-json\/wp\/v2\/tags?post=647729"}],"curies":[{"name":"wp","href":"https:\/\/api.w.org\/{rel}","templated":true}]}}