{"id":647743,"date":"2026-07-08T12:40:21","date_gmt":"2026-07-08T12:40:21","guid":{"rendered":"https:\/\/www.europesays.com\/es\/647743\/"},"modified":"2026-07-08T12:40:21","modified_gmt":"2026-07-08T12:40:21","slug":"leire-martinez-rompe-a-llorar-en-la-voz-kids","status":"publish","type":"post","link":"https:\/\/www.europesays.com\/es\/647743\/","title":{"rendered":"Leire Mart\u00ednez rompe a llorar en &#8216;La Voz Kids&#8217;"},"content":{"rendered":"<p>\n        <a href=\"https:\/\/www.noticiasdegipuzkoa.eus\/tags\/leire-martinez\/\" title=\"Leire Mart\u00ednez\" class=\"link copy\" rel=\"nofollow noopener\" target=\"_blank\"><strong>Leire Mart\u00ednez<\/strong><\/a><strong> contin\u00faa como asesora de Edurne en &#8216;La Voz Kids&#8217;, <\/strong>donde los coaches del talent siguen buscando a la mejor voz junto a invitados como la cantante guipuzcoana, Melody, Becky G y Anto\u00f1ito Molina.\n<\/p>\n<p class=\"article-body__text \">\n        La cuenta de Instagram del programa comparti\u00f3 este martes <strong>uno de los momentos m\u00e1s destacados de la \u00faltima entrega, donde Leire no pudo evitar emocionarse tras la actuaci\u00f3n de Dani con el tema &#8216;Never enough&#8217;.<\/strong>\n<\/p>\n<p class=\"article-body__text \">\n        <strong>\u00abLeire no para de llorar\u00bb,<\/strong> se\u00f1alaba la presentadora, Eva Gonz\u00e1lez, tras la actuaci\u00f3n.\n<\/p>\n<p class=\"article-body__text \">\n        <strong>\u00abQu\u00e9 te digo yo, Dani? Si no puedo dejar de moquear\u00bb,<\/strong> dijo la guipuzcoana.\n<\/p>\n<p class=\"article-body__text \">\n        Tras saber que el joven ten\u00eda 10 a\u00f1os, Leire no pudo evitar mostrar su admiraci\u00f3n hacia el concursante:<strong> \u00ab\u00a1Qu\u00e9 manera de moverme por dentro! \u00a1Qu\u00e9 bonito cuentas! \u00a1Qu\u00e9 bonito cantas! Enhorabuena\u00bb.<\/strong>\n<\/p>\n<p class=\"article-body__text \">\n        En ese instante, tanto la cantante vasca como <a href=\"https:\/\/www.noticiasdenavarra.com\/tags\/melody\/\" title=\"Melody\" class=\"link copy\" rel=\"nofollow noopener\" target=\"_blank\">Melody<\/a>, que es asesora de Luis Fonsi, <strong>pidieron pa\u00f1uelos para secarse las l\u00e1grimas.<\/strong>\n<\/p>\n<p class=\"article-body__text \">\n        Durante su participaci\u00f3n en &#8216;La Voz Kids&#8217;,<strong> Leire no ha dejado de mostrar su asombro al ver la seguridad con la que los j\u00f3venes afrontan sus actuaciones a pesar de la edad.<\/strong>\n<\/p>\n<p class=\"article-body__text \">\n        <strong>\u00a1Qu\u00e9 manera de pisar el escenario! Que tienen nueve a\u00f1os algunos&#8230; Yo la primera vez que me sub\u00ed a un escenario (&#8230;) recuerdo mi primera actuaci\u00f3n mirando al suelo\u00bb, <\/strong>se\u00f1al\u00f3 en su primer programa mientras explicaba que ella no era capaz ni de mirar al frente cuando se subi\u00f3 a un escenario por primera vez.\n<\/p>\n<p class=\"article-body__text \">\n        <strong>\u00abLe ped\u00eda al t\u00e9cnico de sonido que me acompa\u00f1ara a las escaleras\u00bb<\/strong>, a\u00f1adi\u00f3, mostrando su admiraci\u00f3n hac\u00eda los concursantes de &#8216;La Voz Kids&#8217;.\n<\/p>\n<p class=\"article-body__text \">\n        En otra de sus intervenciones en el talent, <strong>la cantante quiso hablar sobre su trayectoria c\u00f3mo cantante y las tablas que ha adquirido durante sus a\u00f1os al frente de &#8216;LOVG&#8217;: \u00abDurante 17 a\u00f1os he formado parte de &#8216;La Oreja de Van Gogh&#8217;, uno de los grupos m\u00e1s importantes de este pa\u00eds\u00bb.<\/strong>\n<\/p>\n<p class=\"article-body__text \">\n        Seg\u00fan subray\u00f3, <strong>su etapa al frente del grupo fue \u00abfundamental\u00bb en su crecimiento, tanto art\u00edstico como personal.<\/strong>\n<\/p>\n<p class=\"article-body__text \">\n        <strong>\u00abTodo lo que he vivido en grupo y todo lo que he aprendido me parece incre\u00edble. Cuando est\u00e1s en grupo, las alegr\u00edas se multiplican, pero es que las tristezas se dividen; con lo cual, todo es mucho mejor\u00bb, <\/strong>sentenci\u00f3.\n<\/p>\n<p>  Su mejor momento<\/p>\n<p class=\"article-body__text \">\n        <strong>Aunque su carrera en solitario acaba de empezar, Leire Mart\u00ednez ya se ha consagrado como una de las artistas del momento.<\/strong>\n<\/p>\n<p class=\"article-body__text \">\n        <strong>&#8216;Historias de aquella ni\u00f1a&#8217;, su \u00e1lbum debut, ya es todo un \u00e9xito. <\/strong>En su primera semana de lanzamiento, <strong>el \u00e1lbum entr\u00f3 directo a las listas de ventas como el tercer disco m\u00e1s vendido.<\/strong>\n<\/p>\n<p class=\"article-body__text \">\n        <strong>Despu\u00e9s de triunfar como jurado de &#8216;<\/strong><a href=\"https:\/\/www.noticiasdegipuzkoa.eus\/tags\/operacion-triunfo\/\" title=\"OT 2025\" class=\"link copy\" rel=\"nofollow noopener\" target=\"_blank\"><strong>OT 2025<\/strong><\/a><strong>&#8216; o como actriz en la serie &#8216;Desaparecido&#8217;, la cantante anunci\u00f3 que su gira ser\u00e1 internacional.<\/strong>\n<\/p>\n<p class=\"article-body__text \">\n        <strong>A los conciertos ya anunciados en el Estado, la vasca a\u00f1adi\u00f3 varias ciudades de Chile, Argentina, Colombia, Costa Rica, Guatemala, EEUU y <\/strong><a href=\"https:\/\/www.noticiasdegipuzkoa.eus\/tags\/mexico\/\" title=\"M\u00e9xico\" class=\"link copy\" rel=\"nofollow noopener\" target=\"_blank\"><strong>M\u00e9xico<\/strong><\/a><strong>.<\/strong>\n<\/p>\n<p class=\"article-body__text \">\n        <strong>\u00abNo sab\u00e9is la ilusi\u00f3n que tengo por contaros lo siguiente. Este 2026 vuelvo a los escenarios de Estados Unidos y Latinoam\u00e9rica. \u00bfC\u00f3mo lo veis? Para comprar entradas, a trav\u00e9s de los recintos donde vaya a ir a tocar tendr\u00e9is toda la informaci\u00f3n\u00bb<\/strong>, desvel\u00f3 en su perfil de Instagram.\n<\/p>\n<p class=\"article-body__text \">\n        Dichos directos se est\u00e1n desarrollando en el marco de su<strong> primera gira en solitario, donde presenta el disco &#8216;Historias de aquella ni\u00f1a&#8217;, adem\u00e1s de repasar sus mayores hits con &#8216;La Oreja de Van Gogh&#8217;.<\/strong>\n<\/p>\n<p class=\"article-photo__footer\">\n            Leire Mart\u00ednez, en una imagen de archivo            EP        <\/p>\n<p>            <a href=\"https:\/\/www.noticiasdenavarra.com\/gente\/2026\/05\/27\/demoledor-mensaje-leire-martinez-isabel-diaz-ayuso-11122226.html\" title=\"El demoledor mensaje de Leire Mart\u00ednez contra Isabel D\u00edaz Ayuso: &quot;No me representa&quot;\" class=\"new__media\" rel=\"nofollow noopener\" target=\"_blank\"><\/p>\n<p>                <img alt=\"El demoledor mensaje de Leire Mart\u00ednez contra Isabel D\u00edaz Ayuso: &quot;No me representa&quot;\" data-src=\"https:\/\/www.europesays.com\/es\/wp-content\/uploads\/2026\/05\/1779939803_e25c10b0-c0c2-483b-ba6b-408d6d80ea4f_16-9-aspect-ratio_default_0_x981y0.jpg\" class=\"lozad\"\/><\/p>\n<p>        <\/a><\/p>\n<p>        <a href=\"https:\/\/www.noticiasdenavarra.com\/gente\/2026\/05\/27\/demoledor-mensaje-leire-martinez-isabel-diaz-ayuso-11122226.html\" title=\"El demoledor mensaje de Leire Mart\u00ednez contra Isabel D\u00edaz Ayuso: &quot;No me representa&quot;\" class=\"new__headline\" rel=\"nofollow noopener\" target=\"_blank\"><br \/>\n            El demoledor mensaje de Leire Mart\u00ednez contra Isabel D\u00edaz Ayuso: \u00abNo me representa\u00bb<br \/>\n        <\/a><\/p>\n<p>  Disco de oro con &#8216;Mi nombre&#8217;<\/p>\n<p class=\"article-body__text \">\n        M\u00e1s all\u00e1 de las ventas f\u00edsicas de su \u00e1lbum,<strong> la cantante recibi\u00f3 una inesperada sorpresa en la final de OT.\u00a0<\/strong>\n<\/p>\n<p class=\"article-body__text \">\n        Todo ocurri\u00f3 cuando <strong>de repente <\/strong><a href=\"https:\/\/www.noticiasdegipuzkoa.eus\/tags\/chenoa\/\" title=\"Chenoa\" class=\"link copy\" rel=\"nofollow noopener\" target=\"_blank\"><strong>Chenoa<\/strong><\/a><strong> par\u00f3 la gala para lanzar este mensaje: \u00abTienes que saber que una canci\u00f3n como &#8216;Mi nombre&#8217; lo ha reventado este a\u00f1o, y es Disco de Oro\u00bb.<\/strong>\n<\/p>\n<p class=\"article-body__text \">\n        <strong>\u00abMila esker\u00bb, dec\u00eda la vasca al recoger su Disco de Oro<\/strong> y antes de dirigirse a los concursantes: <strong>\u00abSe puede. Es todo lo que os voy a decir\u00bb.<\/strong>\n<\/p>\n<p class=\"article-body__text \">\n        <strong>\u00abMuchos a\u00f1os de lucha y de pelea. Conseguir esto a estas alturas es muy dif\u00edcil, pero &#8216;Mi nombre&#8217; te ha dado una gran alegr\u00eda, y te lo mereces con creces. Enhorabuena de coraz\u00f3n\u00bb, <\/strong>a\u00f1adi\u00f3 Chenoa. <strong>\u00abMe voy con el coraz\u00f3n super llenito. Me hab\u00e9is hecho tan feliz&#8230;\u00bb<\/strong> sentenci\u00f3 una Leire <strong>visiblemente emocionada.<\/strong><\/p>\n","protected":false},"excerpt":{"rendered":"Leire Mart\u00ednez contin\u00faa como asesora de Edurne en &#8216;La Voz Kids&#8217;, donde los coaches del talent siguen buscando&hellip;\n","protected":false},"author":2,"featured_media":647744,"comment_status":"","ping_status":"","sticky":false,"template":"","format":"standard","meta":{"footnotes":""},"categories":[174],"tags":[255,146,147,25,24,256,25809,18868,825,5135,45081,105,23,1447],"class_list":["post-647743","post","type-post","status-publish","format-standard","has-post-thumbnail","category-famosos","tag-celebrities","tag-entertainment","tag-entretenimiento","tag-es","tag-espana","tag-famosos","tag-leire","tag-llorar","tag-martinez","tag-motivo","tag-quebrado","tag-rompe","tag-spain","tag-voz"],"share_on_mastodon":{"url":"https:\/\/pubeurope.com\/@es\/116884408055174671","error":""},"_links":{"self":[{"href":"https:\/\/www.europesays.com\/es\/wp-json\/wp\/v2\/posts\/647743","targetHints":{"allow":["GET"]}}],"collection":[{"href":"https:\/\/www.europesays.com\/es\/wp-json\/wp\/v2\/posts"}],"about":[{"href":"https:\/\/www.europesays.com\/es\/wp-json\/wp\/v2\/types\/post"}],"author":[{"embeddable":true,"href":"https:\/\/www.europesays.com\/es\/wp-json\/wp\/v2\/users\/2"}],"replies":[{"embeddable":true,"href":"https:\/\/www.europesays.com\/es\/wp-json\/wp\/v2\/comments?post=647743"}],"version-history":[{"count":0,"href":"https:\/\/www.europesays.com\/es\/wp-json\/wp\/v2\/posts\/647743\/revisions"}],"wp:featuredmedia":[{"embeddable":true,"href":"https:\/\/www.europesays.com\/es\/wp-json\/wp\/v2\/media\/647744"}],"wp:attachment":[{"href":"https:\/\/www.europesays.com\/es\/wp-json\/wp\/v2\/media?parent=647743"}],"wp:term":[{"taxonomy":"category","embeddable":true,"href":"https:\/\/www.europesays.com\/es\/wp-json\/wp\/v2\/categories?post=647743"},{"taxonomy":"post_tag","embeddable":true,"href":"https:\/\/www.europesays.com\/es\/wp-json\/wp\/v2\/tags?post=647743"}],"curies":[{"name":"wp","href":"https:\/\/api.w.org\/{rel}","templated":true}]}}