{"id":647747,"date":"2026-07-08T12:43:11","date_gmt":"2026-07-08T12:43:11","guid":{"rendered":"https:\/\/www.europesays.com\/es\/647747\/"},"modified":"2026-07-08T12:43:11","modified_gmt":"2026-07-08T12:43:11","slug":"suenos-de-libertad-avance-del-capitulo-de-hoy-miercoles-8-de-julio-gabriel-amenaza-a-don-agustin-para-defender-a-begona","status":"publish","type":"post","link":"https:\/\/www.europesays.com\/es\/647747\/","title":{"rendered":"\u2018Sue\u00f1os de libertad\u2019, avance del cap\u00edtulo de hoy mi\u00e9rcoles 8 de julio: Gabriel amenaza a don Agust\u00edn para defender a Bego\u00f1a"},"content":{"rendered":"<p class=\"ft-text ft-helper-closenews\">\u2018Sue\u00f1os de libertad\u2019 emite este mi\u00e9rcoles 8 de julio, a las 15:45h, un nuevo cap\u00edtulo en Antena 3, que tambi\u00e9n estar\u00e1 disponible en atresplayer y Disney+. La entrega situar\u00e1 a Gabriel en el centro de la tensi\u00f3n despu\u00e9s de tomar medidas para frenar los rumores sobre Bego\u00f1a y Eduardo.<\/p>\n<p class=\"ft-text\">El abogado citar\u00e1 a don Agust\u00edn con la excusa de invitarle a la fiesta de la cantina, pero aprovechar\u00e1 el encuentro para exigirle que defienda p\u00fablicamente el honor de Bego\u00f1a en su pr\u00f3xima homil\u00eda. Gabriel no dudar\u00e1 en amenazar al p\u00e1rroco con convencer a los franceses de cerrar la iglesia si no obedece. Finalmente, don Agust\u00edn acabar\u00e1 cumpliendo con su petici\u00f3n.<\/p>\n<p class=\"ft-text\">El gesto no pasar\u00e1 desapercibido para Beatriz, que estallar\u00e1 de celos al comprobar hasta d\u00f3nde est\u00e1 dispuesto a llegar Gabriel por proteger a su esposa. La joven montar\u00e1 en c\u00f3lera, pero \u00e9l le dejar\u00e1 claro que har\u00e1 todo lo necesario por su familia y le recordar\u00e1 cu\u00e1l es el lugar que ocupa.<\/p>\n<p class=\"ft-text\">Mientras tanto, Marta confesar\u00e1 a Digna sus inseguridades con Fina. La De La Reina teme estar perdiendo al amor de su vida por su actitud y por la forma en que est\u00e1 encajando los cambios de su relaci\u00f3n. Poco despu\u00e9s, Fina la llamar\u00e1 para invitarla a su casa y poder aclarar lo ocurrido.<\/p>\n<p class=\"ft-text\">Nieves y Pablo tambi\u00e9n intentar\u00e1n sostener su matrimonio tras conocer el embarazo de Marisol. Ella le pedir\u00e1 que mantengan el secreto y que sus hijos no sepan nada por ahora, mientras \u00e9l insistir\u00e1 en que quiere seguir a su lado y que lo mejor para todos es que Marisol se marche de Toledo.<\/p>\n<p class=\"ft-text\">En la f\u00e1brica, Miguel tomar\u00e1 medidas al ver que los problemas de Paula empeoran. El m\u00e9dico hablar\u00e1 con Tasio para pedirle que cambie de puesto a la joven, ya que su salud corre peligro si contin\u00faa expuesta a los productos qu\u00edmicos. Despu\u00e9s, el doctor aceptar\u00e1 tener una cita con Claudia, mientras Bego\u00f1a descubrir\u00e1 en la tienda que Valentina y Andr\u00e9s han roto su relaci\u00f3n.<\/p>\n<p data-close=\"closedContent\" class=\"subscribeHideForDisplay\">Suscr\u00edbete para seguir leyendo<\/p>\n","protected":false},"excerpt":{"rendered":"\u2018Sue\u00f1os de libertad\u2019 emite este mi\u00e9rcoles 8 de julio, a las 15:45h, un nuevo cap\u00edtulo en Antena 3,&hellip;\n","protected":false},"author":2,"featured_media":647748,"comment_status":"","ping_status":"","sticky":false,"template":"","format":"standard","meta":{"footnotes":""},"categories":[171],"tags":[6835,30423,4213,4040,7377,7421,10515,11358,14801,146,147,25,24,35871,315,888,5085,295,23,12108,214],"class_list":["post-647747","post","type-post","status-publish","format-standard","has-post-thumbnail","category-tv","tag-6835","tag-agustin","tag-amenaza","tag-antena-3","tag-avance","tag-begona","tag-capitulo","tag-defender","tag-don","tag-entertainment","tag-entretenimiento","tag-es","tag-espana","tag-gabriel","tag-hoy","tag-julio","tag-libertad","tag-miercoles","tag-spain","tag-suenos","tag-tv"],"share_on_mastodon":{"url":"https:\/\/pubeurope.com\/@es\/116884419753126130","error":""},"_links":{"self":[{"href":"https:\/\/www.europesays.com\/es\/wp-json\/wp\/v2\/posts\/647747","targetHints":{"allow":["GET"]}}],"collection":[{"href":"https:\/\/www.europesays.com\/es\/wp-json\/wp\/v2\/posts"}],"about":[{"href":"https:\/\/www.europesays.com\/es\/wp-json\/wp\/v2\/types\/post"}],"author":[{"embeddable":true,"href":"https:\/\/www.europesays.com\/es\/wp-json\/wp\/v2\/users\/2"}],"replies":[{"embeddable":true,"href":"https:\/\/www.europesays.com\/es\/wp-json\/wp\/v2\/comments?post=647747"}],"version-history":[{"count":0,"href":"https:\/\/www.europesays.com\/es\/wp-json\/wp\/v2\/posts\/647747\/revisions"}],"wp:featuredmedia":[{"embeddable":true,"href":"https:\/\/www.europesays.com\/es\/wp-json\/wp\/v2\/media\/647748"}],"wp:attachment":[{"href":"https:\/\/www.europesays.com\/es\/wp-json\/wp\/v2\/media?parent=647747"}],"wp:term":[{"taxonomy":"category","embeddable":true,"href":"https:\/\/www.europesays.com\/es\/wp-json\/wp\/v2\/categories?post=647747"},{"taxonomy":"post_tag","embeddable":true,"href":"https:\/\/www.europesays.com\/es\/wp-json\/wp\/v2\/tags?post=647747"}],"curies":[{"name":"wp","href":"https:\/\/api.w.org\/{rel}","templated":true}]}}