{"id":647791,"date":"2026-07-08T13:15:21","date_gmt":"2026-07-08T13:15:21","guid":{"rendered":"https:\/\/www.europesays.com\/es\/647791\/"},"modified":"2026-07-08T13:15:21","modified_gmt":"2026-07-08T13:15:21","slug":"el-heredero-de-los-castro-el-cangrejo-se-muestra-dispuesto-a-negociar-con-trump","status":"publish","type":"post","link":"https:\/\/www.europesays.com\/es\/647791\/","title":{"rendered":"El heredero de los Castro, &#8216;El Cangrejo&#8217;, se muestra dispuesto a negociar con Trump"},"content":{"rendered":"<p style=\"\">Con camiseta Hugo Boss de 113 euros, deportivas Herm\u00e8s cuyo precio oscila entre 960 y 1.465 euros, y un reloj de la marca Rolex de entre 7.000 y 13.130 euros. As\u00ed asisti\u00f3 a su primera entrevista con un medio estadounidense <a href=\"https:\/\/www.abc.es\/internacional\/nieto-raul-castro-heredero-gaesa-advierte-estados-20260622185810-nt.html\" target=\"_self\" data-voc-vtm-id=\"in-text-traffic\" rel=\"nofollow noopener\">Ra\u00fal Guillermo Rodr\u00edguez Castro<\/a> &#8230; , conocido como &#8216;El Cangrejo&#8217; y considerado el nieto preferido del dictador cubano Ra\u00fal Castro. <\/p>\n<p class=\"v-d-p\" style=\"\">\u00abMe duele mucho que las personas no puedan vivir como yo. Mi mayor pesar es que la gente pase trabajo (dificultades)\u00bb, declar\u00f3 al peri\u00f3dico &#8216;USA Today&#8217; en una entrevista publicada este lunes. La frase ha causado indignaci\u00f3n por exponer la amplia brecha entre una \u00e9lite llena de privilegios y una mayor\u00eda de la poblaci\u00f3n sumida en la pobreza extrema (el 89% seg\u00fan el Observatorio Cubano de Derechos Humanos) y que sobrevive entre prolongados apagones y escasez de suministros b\u00e1sicos.<\/p>\n<p class=\"v-d-p\" style=\"\">Rodr\u00edguez Castro es hijo del fallecido zar de Gaesa, <strong>Luis Alberto Rodr\u00edguez L\u00f3pez-Calleja y de D\u00e9borah Castro Esp\u00edn.<\/strong> Durante a\u00f1os, apenas fue conocido por ser el jefe de la escolta personal de su abuelo, adem\u00e1s de por su vida lujosa marcada por viajes en yates y aviones privados, privilegios inaccesibles para la mayor\u00eda de los cubanos.<\/p>\n<ul class=\"v-cmp-rld__u\">\n<li class=\"v-cmp-rld__l\">\n<p><a class=\"v-a-lnk\" href=\"http:\/\/www.abc.es\/internacional\/nieto-raul-castro-heredero-gaesa-advierte-estados-20260622185810-nt.html#vtm_modulosEngag=noticiasrelacionadas-cmp-uno:internacional:noticia:1\" data-voc-vtm-id=\"in-text-traffic\" rel=\"nofollow noopener\" target=\"_blank\"><br \/>\n<img decoding=\"async\" loading=\"lazy\" src=\"https:\/\/www.europesays.com\/es\/wp-content\/uploads\/2026\/07\/KG8AX_EP-U51537001385vEI-366x256@diario_abc.jpg\" class=\"v-a-img\" width=\"258\" height=\"180\" alt=\"El nieto de Ra\u00fal Castro marca el rumbo: \u00abCuba no debe volver a cometer errores del pasado\u00bb\"\/><br \/>\n<\/a><\/p>\n<\/li>\n<\/ul>\n<p class=\"v-d-p\" style=\"\">\u00abHabla con entusiasmo del ritmo incesante de Nueva York, donde asist\u00eda a partidos de los Yankees desde asientos cerca del terreno de juego. Tambi\u00e9n admira el romanticismo y la gastronom\u00eda de Par\u00eds (\u2026). De Mosc\u00fa destaca su opulencia\u00bb, describe el medio. <\/p>\n<p class=\"v-d-p\" style=\"\">Para demostrar su admiraci\u00f3n por su abuelo y t\u00edo abuelo, muestra una cadena con un medall\u00f3n de oro con las iniciales de Fidel y Ra\u00fal Castro Ruz: \u00abSi hay algo en lo que yo creo, es en estos dos hombres\u00bb. El Cangrejo asegura que sus lujos son financiados por<strong> \u00abamigos adinerados y admiradores\u00bb.<\/strong><\/p>\n<p>\nEl heredero\n<\/p>\n<p class=\"v-d-p\" style=\"\">&#8216;USA Today&#8217; asegur\u00f3 que actualmente Rodr\u00edguez Castro ocupa la antigua oficina de su abuelo en el Palacio de Convenciones de La Habana, sede del Parlamento cubano, desde donde mueve los hilos del pa\u00eds desde la sombra. Pese a no ostentar cargos p\u00fablicos, diariamente revisa informes clasificados del Ministerio del Interior, del Ministerio de Relaciones Exteriores y del Ministerio de las Fuerzas Armadas, que luego comunica a su abuelo, de 95 a\u00f1os. <\/p>\n<p class=\"v-d-p\" style=\"\">\u00abEn las reuniones con altos funcionarios cubanos, todos le ceden la palabra. Cuando recorre un pasillo, quienes lo ven se ponen de pie. En un restaurante, su mesa es la \u00fanica ocupada\u00bb, detalle el medio. <\/p>\n<p class=\"v-d-p\" style=\"\">Asimismo, act\u00faa como enlace entre Gaesa, el conglomerado empresarial que controla sectores estrat\u00e9gicos de la econom\u00eda cubana, y su abuelo. Por ese motivo, sus privilegios no solo est\u00e1n asociados a su apellido, sino tambi\u00e9n a una estructura militar-empresarial considerada como uno de los pilares del r\u00e9gimen cubano. Seg\u00fan las estimaciones<strong>, Gaesa posee un capital de m\u00e1s de 18.000 millones de d\u00f3lares (15.760 millones de euros).<\/strong> Mientras tanto, el pa\u00eds ha estado sumido en una crisis cada vez m\u00e1s grave y los servicios b\u00e1sicos colapsan, el emporio no ha parado de construir hoteles de lujo. <\/p>\n<p class=\"v-d-p\" style=\"\">Rodr\u00edguez Castro, seg\u00fan &#8216;USA Today&#8217;, \u00abayuda a supervisar Gaesa y participa en algunas de sus operaciones\u00bb. <\/p>\n<p>\nInterlocutor en Washington\n<\/p>\n<p class=\"v-d-p\" style=\"\">Recientemente, El Cangrejo fue se\u00f1alado como interlocutor entre La Habana y Washington en las negociaciones que tienen lugar en medio de las presiones de Estados Unidos para provocar un cambio pol\u00edtico en la isla. <\/p>\n<p class=\"v-d-p\" style=\"\">Rodr\u00edguez Castro, de 42 a\u00f1os, manifest\u00f3 estar dispuesto a negociar con el presidente de Estados Unidos, Donald Trump: \u00abSi me designan puedo negociar con cualquiera seleccionado por el Gobierno de Estados Unidos. Dada la oportunidad, claro que con Trump\u00bb. Asimismo, destac\u00f3 que su abuelo fue quien lo eligi\u00f3 para asumir ese papel.<\/p>\n<p class=\"v-d-p\" style=\"\">La administraci\u00f3n Trump ha impuesto sanciones contra decenas de empresas vinculadas al r\u00e9gimen, incluida Gaesa, as\u00ed como contra altos funcionarios y sus familiares, entre ellos su t\u00edo, Alejandro Castro Esp\u00edn, quien fuera una figura clave del deshielo con Obama. Sin embargo, &#8216;Raulito&#8217;, como lo llaman en las altas esferas, no ha sido sancionado hasta el momento.<\/p>\n<p class=\"v-d-p\" style=\"\">El Cangrejo se esfuerza por mostrarse como el hombre capaz de promover los cambios en Cuba. Para ello afirma que, \u00abbajo las condiciones adecuadas\u00bb, el r\u00e9gimen \u00abestar\u00eda dispuesto a liberar a personas consideradas presos pol\u00edticos\u00bb. Los prisioneros pol\u00edticos han sido instrumentalizados durante d\u00e9cadas por la dictadura cubana a cambio de concesiones. Actualmente, m\u00e1s de 1.200 presos pol\u00edticos permanecen tras las rejas. <\/p>\n<p class=\"v-d-p\" style=\"\">En las \u00faltimas semanas, el r\u00e9gimen anunci\u00f3 un amplio paquete de medidas econ\u00f3micas y administrativas que representan una apertura de la isla al sector privado y la inversi\u00f3n extranjera. Seg\u00fan El Cangrejo, \u00e9l utiliz\u00f3 su influencia para sacar adelante esas reformas. <\/p>\n<p class=\"v-d-p\" style=\"\">Su visi\u00f3n para Cuba es alcanzar \u00abtanta prosperidad que es dif\u00edcil imaginarla\u00bb. \u00abPronto\u00bb, asever\u00f3, \u00ablos cubanos podr\u00e1n encontrar en Cuba todo aquello que buscan en otros pa\u00edses\u00bb.<\/p>\n<p class=\"v-d-p\" style=\"\">No obstante, el heredero del imperio castrista afirma que \u00abnunca sacrificar\u00eda los principios de la Revoluci\u00f3n Cubana de 1959 ni la soberan\u00eda del pa\u00eds\u00bb, dejando claro que los cambios ser\u00e1n cosm\u00e9ticos, econ\u00f3micos y no pol\u00edticos, y que la \u00e9lite seguir\u00e1 moviendo los hilos del pa\u00eds.<\/p>\n","protected":false},"excerpt":{"rendered":"Con camiseta Hugo Boss de 113 euros, deportivas Herm\u00e8s cuyo precio oscila entre 960 y 1.465 euros, y&hellip;\n","protected":false},"author":2,"featured_media":647792,"comment_status":"","ping_status":"","sticky":false,"template":"","format":"standard","meta":{"footnotes":""},"categories":[42],"tags":[17,18,40992,14982,12249,13,14,11,15125,61,62,63,64,19,20,1156,14799,9,10,15,16,12,936,21,22,65,66,67],"class_list":["post-647791","post","type-post","status-publish","format-standard","has-post-thumbnail","category-internacional","tag-breaking-news","tag-breakingnews","tag-cangrejo","tag-castro","tag-dispuesto","tag-featured-news","tag-featurednews","tag-headlines","tag-heredero","tag-internacional","tag-international","tag-international-news","tag-internationalnews","tag-latest-news","tag-latestnews","tag-muestra","tag-negociar","tag-news","tag-noticias","tag-noticias-destacadas","tag-noticiasdestacadas","tag-titulares","tag-trump","tag-ultimas-noticias","tag-ultimasnoticias","tag-world","tag-world-news","tag-worldnews"],"share_on_mastodon":{"url":"https:\/\/pubeurope.com\/@es\/116884546530644593","error":""},"_links":{"self":[{"href":"https:\/\/www.europesays.com\/es\/wp-json\/wp\/v2\/posts\/647791","targetHints":{"allow":["GET"]}}],"collection":[{"href":"https:\/\/www.europesays.com\/es\/wp-json\/wp\/v2\/posts"}],"about":[{"href":"https:\/\/www.europesays.com\/es\/wp-json\/wp\/v2\/types\/post"}],"author":[{"embeddable":true,"href":"https:\/\/www.europesays.com\/es\/wp-json\/wp\/v2\/users\/2"}],"replies":[{"embeddable":true,"href":"https:\/\/www.europesays.com\/es\/wp-json\/wp\/v2\/comments?post=647791"}],"version-history":[{"count":0,"href":"https:\/\/www.europesays.com\/es\/wp-json\/wp\/v2\/posts\/647791\/revisions"}],"wp:featuredmedia":[{"embeddable":true,"href":"https:\/\/www.europesays.com\/es\/wp-json\/wp\/v2\/media\/647792"}],"wp:attachment":[{"href":"https:\/\/www.europesays.com\/es\/wp-json\/wp\/v2\/media?parent=647791"}],"wp:term":[{"taxonomy":"category","embeddable":true,"href":"https:\/\/www.europesays.com\/es\/wp-json\/wp\/v2\/categories?post=647791"},{"taxonomy":"post_tag","embeddable":true,"href":"https:\/\/www.europesays.com\/es\/wp-json\/wp\/v2\/tags?post=647791"}],"curies":[{"name":"wp","href":"https:\/\/api.w.org\/{rel}","templated":true}]}}