{"id":647817,"date":"2026-07-08T13:40:16","date_gmt":"2026-07-08T13:40:16","guid":{"rendered":"https:\/\/www.europesays.com\/es\/647817\/"},"modified":"2026-07-08T13:40:16","modified_gmt":"2026-07-08T13:40:16","slug":"le-pen-lider-de-la-extrema-derecha-francesa-arranca-campana-presidencial-pese-a-su-condena","status":"publish","type":"post","link":"https:\/\/www.europesays.com\/es\/647817\/","title":{"rendered":"Le Pen, l\u00edder de la extrema derecha francesa, arranca campa\u00f1a presidencial pese a su condena"},"content":{"rendered":"<p>    <img src=\"https:\/\/www.europesays.com\/es\/wp-content\/uploads\/2026\/07\/2026-07-08T123A343A05Z-91716875.jpg\" width=\"1024\" height=\"682\" alt=\"\" loading=\"eager\" decoding=\"sync\" fetchpriority=\"high\"\/><\/p>\n<p>            afp_tickers        <\/p>\n<p>        Este contenido fue publicado en    <\/p>\n<p>        08 julio 2026 &#8211; 14:34\n<\/p>\n<p>La l\u00edder de la extrema derecha francesa, Marine Le Pen, inici\u00f3 este mi\u00e9rcoles la campa\u00f1a electoral apenas un d\u00eda despu\u00e9s de anunciar que se presentar\u00e1 a las elecciones presidenciales, pese a su condena por malversaci\u00f3n de fondos.<\/p>\n<p>Rodeada de simpatizantes y periodistas en la localidad de La Fl\u00e8che, en el oeste de Francia, conquistada por su partido, la Agrupaci\u00f3n Nacional (RN), en las elecciones municipales, Le Pen rest\u00f3 importancia a las cr\u00edticas por su candidatura.<\/p>\n<p>Condenada nuevamente en apelaci\u00f3n el martes por el caso de los empleos ficticios en el Parlamento Europeo, fue autorizada a presentarse a las elecciones, aunque anunci\u00f3 que recurrir\u00e1 el fallo ante el Tribunal de Casaci\u00f3n de Francia, lo que le permite evitar el uso de un dispositivo electr\u00f3nico de vigilancia durante la campa\u00f1a.<\/p>\n<p>\u00abEl tribunal ha restablecido mi elegibilidad. Soy inocente y he presentado un recurso ante el Tribunal de Casaci\u00f3n para demostrar mi inocencia\u00bb, declar\u00f3.<\/p>\n<p>\u00abHay que asumir riesgos para ganar\u00bb, a\u00f1adi\u00f3.<\/p>\n<p>La dirigente, de 57 a\u00f1os, se prepara para presentarse por cuarta vez a la presidencia en las elecciones del pr\u00f3ximo a\u00f1o, que su partido antiinmigraci\u00f3n considera su mejor oportunidad hasta ahora para alcanzar el poder.<\/p>\n<p>Le Pen minimiz\u00f3 el riesgo de que el Tribunal de Casaci\u00f3n rechace su recurso antes de los comicios y desestim\u00f3 las cr\u00edticas a su candidatura, centrando el debate en las propuestas pol\u00edticas con las que espera conquistar el Palacio del El\u00edseo.<\/p>\n<p>\u00abNo voy a pasar la campa\u00f1a presidencial ofreci\u00e9ndoles an\u00e1lisis jur\u00eddicos\u00bb, afirm\u00f3.<\/p>\n<p>\u00abSi mis adversarios pol\u00edticos no tienen otros argumentos que esos, significa que, en el fondo, no tienen absolutamente nada que ofrecer a los franceses\u00bb, agreg\u00f3.<\/p>\n<p>Aunque fue recibida con entusiasmo por sus seguidores, tambi\u00e9n fue abucheada por varias decenas de activistas de izquierda que portaban pancartas con el lema \u00abLe Pen, condenada\u00bb.<\/p>\n<p>Durante el acto estuvo junto a su compa\u00f1ero de f\u00f3rmula, Jordan Bardella, de 30 a\u00f1os, quien permanec\u00eda como posible candidato alternativo en caso de que Le Pen hubiera quedado inhabilitada para concurrir a las elecciones. En caso de victoria de Le Pen, Bardella es considerado el principal favorito para ocupar el cargo de primer ministro.<\/p>\n<p>Muy popular entre el electorado de derecha, Bardella asegur\u00f3 que no siente \u00abni alivio ni decepci\u00f3n\u00bb por no ser el candidato de su partido.<\/p>\n<p>burs-sw\/ah\/tw\/mab\/pb<\/p>\n","protected":false},"excerpt":{"rendered":"afp_tickers Este contenido fue publicado en 08 julio 2026 &#8211; 14:34 La l\u00edder de la extrema derecha francesa,&hellip;\n","protected":false},"author":2,"featured_media":647818,"comment_status":"","ping_status":"","sticky":false,"template":"","format":"standard","meta":{"footnotes":""},"categories":[42],"tags":[17,18,6654,13,14,11,61,62,63,64,19,20,9,10,15,16,88,90,12,21,22,65,66,67],"class_list":["post-647817","post","type-post","status-publish","format-standard","has-post-thumbnail","category-internacional","tag-breaking-news","tag-breakingnews","tag-election","tag-featured-news","tag-featurednews","tag-headlines","tag-internacional","tag-international","tag-international-news","tag-internationalnews","tag-latest-news","tag-latestnews","tag-news","tag-noticias","tag-noticias-destacadas","tag-noticiasdestacadas","tag-politics","tag-ticker","tag-titulares","tag-ultimas-noticias","tag-ultimasnoticias","tag-world","tag-world-news","tag-worldnews"],"share_on_mastodon":{"url":"https:\/\/pubeurope.com\/@es\/116884644845517080","error":""},"_links":{"self":[{"href":"https:\/\/www.europesays.com\/es\/wp-json\/wp\/v2\/posts\/647817","targetHints":{"allow":["GET"]}}],"collection":[{"href":"https:\/\/www.europesays.com\/es\/wp-json\/wp\/v2\/posts"}],"about":[{"href":"https:\/\/www.europesays.com\/es\/wp-json\/wp\/v2\/types\/post"}],"author":[{"embeddable":true,"href":"https:\/\/www.europesays.com\/es\/wp-json\/wp\/v2\/users\/2"}],"replies":[{"embeddable":true,"href":"https:\/\/www.europesays.com\/es\/wp-json\/wp\/v2\/comments?post=647817"}],"version-history":[{"count":0,"href":"https:\/\/www.europesays.com\/es\/wp-json\/wp\/v2\/posts\/647817\/revisions"}],"wp:featuredmedia":[{"embeddable":true,"href":"https:\/\/www.europesays.com\/es\/wp-json\/wp\/v2\/media\/647818"}],"wp:attachment":[{"href":"https:\/\/www.europesays.com\/es\/wp-json\/wp\/v2\/media?parent=647817"}],"wp:term":[{"taxonomy":"category","embeddable":true,"href":"https:\/\/www.europesays.com\/es\/wp-json\/wp\/v2\/categories?post=647817"},{"taxonomy":"post_tag","embeddable":true,"href":"https:\/\/www.europesays.com\/es\/wp-json\/wp\/v2\/tags?post=647817"}],"curies":[{"name":"wp","href":"https:\/\/api.w.org\/{rel}","templated":true}]}}