{"id":647848,"date":"2026-07-08T14:04:10","date_gmt":"2026-07-08T14:04:10","guid":{"rendered":"https:\/\/www.europesays.com\/es\/647848\/"},"modified":"2026-07-08T14:04:10","modified_gmt":"2026-07-08T14:04:10","slug":"garamendi-coincide-con-feijoo-en-trabajar-sobre-un-acuerdo-para-acabar-con-el-absentismo","status":"publish","type":"post","link":"https:\/\/www.europesays.com\/es\/647848\/","title":{"rendered":"Garamendi coincide con Feij\u00f3o en trabajar sobre un acuerdo para acabar con el absentismo"},"content":{"rendered":"<p><img decoding=\"async\" class=\"v-ath__i\" loading=\"lazy\" src=\"https:\/\/www.europesays.com\/es\/wp-content\/uploads\/2026\/06\/1782829099_559_autor-5497-foto-3.jpeg\" alt=\"Agencia Europa Press\"\/><\/p>\n<p>08\/07\/2026 a las 13:55h.<\/p>\n<p class=\"v-d-p\" style=\"\">El presidente de la CEOE, Antonio Garamendi, ha coincidido con los datos aportados por del presidente del Partido Popular, Alberto N\u00fa\u00f1ez Feij\u00f3o, sobre las bajas  &#8230; laborales y el absentismo y ha explicado que es necesario acabar con este problema y alcanzar un acuerdo porque \u00abafecta a la productividad del pa\u00eds\u00bb, ha recalcado.<\/p>\n","protected":false},"excerpt":{"rendered":"08\/07\/2026 a las 13:55h. El presidente de la CEOE, Antonio Garamendi, ha coincidido con los datos aportados por&hellip;\n","protected":false},"author":2,"featured_media":647849,"comment_status":"","ping_status":"","sticky":false,"template":"","format":"standard","meta":{"footnotes":""},"categories":[8],"tags":[50540,11490,945,17,18,100446,25,24,13,14,119091,44245,11,19,20,9,10,15,16,2078,57,23,12,4710,21,22],"class_list":["post-647848","post","type-post","status-publish","format-standard","has-post-thumbnail","category-espana","tag-absentismo","tag-acabar","tag-acuerdo","tag-breaking-news","tag-breakingnews","tag-coincide","tag-es","tag-espana","tag-featured-news","tag-featurednews","tag-feijo","tag-garamendi","tag-headlines","tag-latest-news","tag-latestnews","tag-news","tag-noticias","tag-noticias-destacadas","tag-noticiasdestacadas","tag-para","tag-sobre","tag-spain","tag-titulares","tag-trabajar","tag-ultimas-noticias","tag-ultimasnoticias"],"share_on_mastodon":{"url":"https:\/\/pubeurope.com\/@es\/116884739216955118","error":""},"_links":{"self":[{"href":"https:\/\/www.europesays.com\/es\/wp-json\/wp\/v2\/posts\/647848","targetHints":{"allow":["GET"]}}],"collection":[{"href":"https:\/\/www.europesays.com\/es\/wp-json\/wp\/v2\/posts"}],"about":[{"href":"https:\/\/www.europesays.com\/es\/wp-json\/wp\/v2\/types\/post"}],"author":[{"embeddable":true,"href":"https:\/\/www.europesays.com\/es\/wp-json\/wp\/v2\/users\/2"}],"replies":[{"embeddable":true,"href":"https:\/\/www.europesays.com\/es\/wp-json\/wp\/v2\/comments?post=647848"}],"version-history":[{"count":0,"href":"https:\/\/www.europesays.com\/es\/wp-json\/wp\/v2\/posts\/647848\/revisions"}],"wp:featuredmedia":[{"embeddable":true,"href":"https:\/\/www.europesays.com\/es\/wp-json\/wp\/v2\/media\/647849"}],"wp:attachment":[{"href":"https:\/\/www.europesays.com\/es\/wp-json\/wp\/v2\/media?parent=647848"}],"wp:term":[{"taxonomy":"category","embeddable":true,"href":"https:\/\/www.europesays.com\/es\/wp-json\/wp\/v2\/categories?post=647848"},{"taxonomy":"post_tag","embeddable":true,"href":"https:\/\/www.europesays.com\/es\/wp-json\/wp\/v2\/tags?post=647848"}],"curies":[{"name":"wp","href":"https:\/\/api.w.org\/{rel}","templated":true}]}}