{"id":64788,"date":"2025-08-22T14:05:06","date_gmt":"2025-08-22T14:05:06","guid":{"rendered":"https:\/\/www.europesays.com\/es\/64788\/"},"modified":"2025-08-22T14:05:06","modified_gmt":"2025-08-22T14:05:06","slug":"netanyahu-advierte-contra-quienes-quieren-apaciguar-a-hamas-como-se-hizo-con-hitler-mientras-la-onu-declara-oficialmente-la-situacion-de-hambruna-en-gaza-y-la-considera-crimen-de-guerra","status":"publish","type":"post","link":"https:\/\/www.europesays.com\/es\/64788\/","title":{"rendered":"Netanyahu advierte contra quienes quieren apaciguar a Hamas como se hizo con Hitler mientras la ONU declara oficialmente la situaci\u00f3n de hambruna en Gaza y la considera &quot;crimen de guerra&quot; &#8211; El Mundo"},"content":{"rendered":"<ol>\n<li><a href=\"https:\/\/news.google.com\/rss\/articles\/CBMigwFBVV95cUxQVzR5cTNqTEU2N1owRVNkQlVwcDFKX3A3cmtLekNqT2REdzRGQlBFLU5rNFJCTG5DbXAwUzJPejVHR09SNE54SDJFTEFTTDJ4ckFiQXpBb0ZOX2EwUHJSbS1PR3o3cFN2Tk5yYWM1ajQzUlV1WnZSc040VHVhcE53V0p1SdIBgwFBVV95cUxPeC1wajlUQXpXM2stUFJQUW9zckhud2NheWVUczYxY0czaGs1ck00YnhpUkdSam9GWjZJRHhoOVJwRmJ0aW0wdFFQdmEwR0ZMZk11ZnQ1LWU1ZUVEUFp1bTZBZEtsY3RxTFlrMmRvcjNrMDVVODRPTFI2MXdKeS05QXlycw?oc=5\" target=\"_blank\" rel=\"nofollow noopener\">Netanyahu advierte contra quienes quieren apaciguar a Hamas como se hizo con Hitler mientras la ONU declara oficialmente la situaci\u00f3n de hambruna en Gaza y la considera \u00abcrimen de guerra\u00bb<\/a>&nbsp;&nbsp;El Mundo<\/li>\n<li><a href=\"https:\/\/news.google.com\/rss\/articles\/CBMidEFVX3lxTE95dVZNUnNWYXhyUzZMb0h5SjJraGxUTVhhMWxuZ2wzN1gxaS1TQkpfM0xpNHVXOGRORGpLTFhzUzlCWmJwbC1CWUVocW9VQ2xhV09UUTg4MThRM0dpaERhbGxBTDN0QVdlSFJIMmw0dkg0N29V?oc=5\" target=\"_blank\" rel=\"nofollow noopener\">El desaf\u00edo de Netanyahu<\/a>&nbsp;&nbsp;EL PA\u00cdS<\/li>\n<li><a href=\"https:\/\/news.google.com\/rss\/articles\/CBMijwFBVV95cUxOcXZaLUtnOHk4MGZQZVpfdHBzTjNsWl93R2VJcXdGT1plUUh2SGZlOWdhckFyUFdMVkxLT1F2cEhSR1Vrczl4TXdlSVRaUEFEMVpTNXpHMXVoQmZ5NklDUV9fbzF5Q0pCSUVWemVYdGEtOE9VaUJXZGVnSHp3aFVSUEN0V1lLM2ZYLXg3UUJ1NA?oc=5\" target=\"_blank\" rel=\"nofollow noopener\">El ministro de Defensa israel\u00ed amenaza con destruir la Ciudad de Gaza si Ham\u00e1s no acepta las condiciones israel\u00edes<\/a>&nbsp;&nbsp;RTVE.es<\/li>\n<li><a href=\"https:\/\/news.google.com\/rss\/articles\/CBMi7gFBVV95cUxQMTNEZGltQzRXZUNpbmxFOE5HUDNhUGhZbWFVekpxVDRvQzFSMkxxZ2dYUDVOc1Bjb21XUzNpN0w3Wjg0dGJWcXdWRl9CLXAtajNjS3Y0ZnZGejJNOWprUUxZbFpHcHFzdHVqQXBYa0JmUWNLbl9weGpmMVpCdTVXbllGVll3QnlDdkZTSUVHYzAxOEhUN2pMTXFnS3ZXSHFZRFVaTW40NzJoemcyOWpPWUxoaW1VNDVNOXhnX0dUTV9kVkN4dWRadnA1SHkzU3hSU1hPU2pDWTZFeWQtX3A3M3JnRVRtNV9rdm4zY0d30gHzAUFVX3lxTFAxTk9Tdm5zeEZta0o3T29BZnAyOTBqRm9jemRwSVRTTTJoU2VzcnVLRE9rWEtHWjRIWnNVbmJHWXRFMWN2RS1Ia0liSENiV2o0NzhKLTd5eVJweC1YYUt2TVdUeE93STd3YmNFeHVwblgtOGlHeVR5UUxRMVBDS2h1UENYUWJ2aEpDWWFkZkNOcDRhcEdwMUJVSWpja0NDN0hmelg0Q1EwWm1pMEJGZ1FaZUNGWWUwWDNteE84ODd2YlNPdGRYVVJydDZYNldseEtaM0NGY1RPZDNwQlk2ZEczYXJkOWo1ZXlmYy1uYXI1bUJQTQ?oc=5\" target=\"_blank\" rel=\"nofollow noopener\">\u00abSe abrir\u00e1n las puertas del infierno\u00bb: Israel aumenta su amenaza en la ciudad de Gaza<\/a>&nbsp;&nbsp;El Confidencial<\/li>\n<li><a href=\"https:\/\/news.google.com\/rss\/articles\/CBMipgFBVV95cUxPZzlqQ3I2b21WWERJTlFPbXc4YnNkNXN2dXU1Q0d0NzBhTzFEQ3BVMm92VHpyZFdfcjBOZy1ZMTZ0WFloNHpUZ2ZRMVpfVHFMQ1d2NklQM1R4Q0RlT2RndnZ1TkdOVWZWQ2FyS21yWDFhbUIwZmhRYWhHUS1Mc2xPeS1zVzlkdzlPLV9aNUFYY2FIcmEwYzB5XzBYb2xQRWhaUTRSOFdR?oc=5\" target=\"_blank\" rel=\"nofollow noopener\">Netanyahu da luz verde a la invasi\u00f3n de Ciudad de Gaza al tiempo que ordena negociar con Ham\u00e1s<\/a>&nbsp;&nbsp;ABC<\/li>\n<\/ol>\n","protected":false},"excerpt":{"rendered":"Netanyahu advierte contra quienes quieren apaciguar a Hamas como se hizo con Hitler mientras la ONU declara oficialmente&hellip;\n","protected":false},"author":2,"featured_media":64789,"comment_status":"","ping_status":"","sticky":false,"template":"","format":"standard","meta":{"footnotes":""},"categories":[42],"tags":[17,18,13,14,1256,11,61,62,63,64,74,19,20,9,10,15,16,12,21,22,65,66,67],"class_list":{"0":"post-64788","1":"post","2":"type-post","3":"status-publish","4":"format-standard","5":"has-post-thumbnail","7":"category-internacional","8":"tag-breaking-news","9":"tag-breakingnews","10":"tag-featured-news","11":"tag-featurednews","12":"tag-franja-de-gaza","13":"tag-headlines","14":"tag-internacional","15":"tag-international","16":"tag-international-news","17":"tag-internationalnews","18":"tag-israel","19":"tag-latest-news","20":"tag-latestnews","21":"tag-news","22":"tag-noticias","23":"tag-noticias-destacadas","24":"tag-noticiasdestacadas","25":"tag-titulares","26":"tag-ultimas-noticias","27":"tag-ultimasnoticias","28":"tag-world","29":"tag-world-news","30":"tag-worldnews"},"share_on_mastodon":{"url":"","error":""},"_links":{"self":[{"href":"https:\/\/www.europesays.com\/es\/wp-json\/wp\/v2\/posts\/64788","targetHints":{"allow":["GET"]}}],"collection":[{"href":"https:\/\/www.europesays.com\/es\/wp-json\/wp\/v2\/posts"}],"about":[{"href":"https:\/\/www.europesays.com\/es\/wp-json\/wp\/v2\/types\/post"}],"author":[{"embeddable":true,"href":"https:\/\/www.europesays.com\/es\/wp-json\/wp\/v2\/users\/2"}],"replies":[{"embeddable":true,"href":"https:\/\/www.europesays.com\/es\/wp-json\/wp\/v2\/comments?post=64788"}],"version-history":[{"count":0,"href":"https:\/\/www.europesays.com\/es\/wp-json\/wp\/v2\/posts\/64788\/revisions"}],"wp:featuredmedia":[{"embeddable":true,"href":"https:\/\/www.europesays.com\/es\/wp-json\/wp\/v2\/media\/64789"}],"wp:attachment":[{"href":"https:\/\/www.europesays.com\/es\/wp-json\/wp\/v2\/media?parent=64788"}],"wp:term":[{"taxonomy":"category","embeddable":true,"href":"https:\/\/www.europesays.com\/es\/wp-json\/wp\/v2\/categories?post=64788"},{"taxonomy":"post_tag","embeddable":true,"href":"https:\/\/www.europesays.com\/es\/wp-json\/wp\/v2\/tags?post=64788"}],"curies":[{"name":"wp","href":"https:\/\/api.w.org\/{rel}","templated":true}]}}