{"id":648104,"date":"2026-07-08T17:10:19","date_gmt":"2026-07-08T17:10:19","guid":{"rendered":"https:\/\/www.europesays.com\/es\/648104\/"},"modified":"2026-07-08T17:10:19","modified_gmt":"2026-07-08T17:10:19","slug":"nacho-abad-justifica-el-despido-de-marta-nebot-de-en-boca-de-todos-no-quiero-compartir-plato-con-alguien-que-se-averguenza-de-estar-aqui","status":"publish","type":"post","link":"https:\/\/www.europesays.com\/es\/648104\/","title":{"rendered":"Nacho Abad justifica el despido de Marta Nebot de &#8216;En boca de todos&#8217;: \u00abNo quiero compartir plat\u00f3 con alguien que se averg\u00fcenza de estar aqu\u00ed\u00bb"},"content":{"rendered":"<p class=\"article-text\">\n        <strong>Nacho Abad <\/strong>arranc\u00f3 este mi\u00e9rcoles la emisi\u00f3n de <strong>En boca de todos<\/strong> respondiendo a <strong>Marta Nebot<\/strong>, periodista que este martes anunci\u00f3 a trav\u00e9s de sus redes sociales que ha sido<a href=\"https:\/\/www.eldiario.es\/vertele\/noticias\/marta-nebot-anuncia-sido-despedida-en-boca-de-todos-cuatro-nacho-abad-no-tomarmelo_1_13361865.html\" target=\"_blank\" data-mrf-recirculation=\"links-noticia\" class=\"link\" rel=\"nofollow noopener\"> despedida del programa<\/a> de <strong>Cuatro<\/strong>. Seg\u00fan deslizaba, su destituci\u00f3n como colaboradora se habr\u00eda producido debido a su posicionamiento ideol\u00f3gico y por sus opiniones, algo que el presentador de <strong>Mediaset <\/strong>ha querido negar, explicando el motivo del cese.\n    <\/p>\n<p>    <a href=\"https:\/\/www.eldiario.es\/vertele\/noticias\/marta-nebot-anuncia-sido-despedida-en-boca-de-todos-cuatro-nacho-abad-no-tomarmelo_1_13361865.html\" data-mrf-recirculation=\"saber-mas\" data-dl-event=\"saber-mas\" rel=\"nofollow noopener\" target=\"_blank\"><\/p>\n<p class=\"know-more__title\">Marta Nebot anuncia que ha sido despedida de &#8216;En boca de todos&#8217; de Nacho Abad: \u00abNo s\u00e9 c\u00f3mo tom\u00e1rmelo\u00bb<\/p>\n<p>            <img decoding=\"async\" class=\"lazy\" loading=\"lazy\" data-src=\"https:\/\/static.eldiario.es\/clip\/01a66a9a-dd4e-4f9e-b9e1-5bba9160bddd_16-9-aspect-ratio_default_0.jpg\" src=\"data:image\/svg+xml,%3Csvg xmlns=\" http:=\"\" viewbox=\"0 0 880 495\" alt=\"Marta Nebot anuncia que ha sido despedida de 'En boca de todos' de Nacho Abad: &quot;No s\u00e9 c\u00f3mo tom\u00e1rmelo&quot;\"\/><\/p>\n<p>                        <\/a><\/p>\n<p class=\"article-text\">\n        El periodista comenz\u00f3 aludiendo a las palabras de Nebot, leyendo ante las c\u00e1maras el mensaje en X en el que la tertuliana contaba su versi\u00f3n de lo ocurrido: \u201cEn boca de todos, el programa presentado por Nacho Abad en Cuatro, ha decidido prescindir de mis palabras. <strong>Se ve que esa boca no era tan de todos y, quiz\u00e1 por eso, no s\u00e9 c\u00f3mo tom\u00e1rmelo<\/strong>\u201d, escribi\u00f3 la aludida junto a un emoticono de una boca censurada.\n    <\/p>\n<p class=\"article-text\">\n        \u201cQuerida Marta, <strong>en este programa nos gusta el pluralismo, nos gusta el debate contradictorio y damos voz a todas las ideolog\u00edas, a todos los colores<\/strong>. Les pongo un ejemplo, desde Pablo Fern\u00e1ndez a Santiago Abascal, unos en las ant\u00edpodas ideol\u00f3gicas de otros\u201d, dijo Abad, citando a los pol\u00edticos de Podemos y Vox, invitados habituales del espacio de actualidad de Mediaset.\n    <\/p>\n<p class=\"article-text\">\n        \u201cEsto es justamente lo que enriquece el debate, ese debate que se basa en el pluralismo pol\u00edtico que sostiene el estado democr\u00e1tico. Conceptos que en este programa tenemos grabados a conciencia y a fuego, porque nos definen y <strong>no censuramos a nadie por sus ideas<\/strong>\u201d, ha defendido el televisivo, visiblemente molesto.\n    <\/p>\n<p class=\"article-text\">\n        El presentador de <strong>En boca de todos<\/strong> reiter\u00f3 que esto es algo que \u201cjam\u00e1s hemos hecho y jam\u00e1s lo vamos a hacer\u201d: \u201cNo es tu caso y lo sabes porque cuando decidimos suspender nuestra colaboraci\u00f3n mutua laboral,<strong> te llamamos para darte explicaciones<\/strong>. En otros sitios no se llama a nadie a nadie, nosotros nos comportamos con educaci\u00f3n y con elegancia y te llamamos en media hora de conversaci\u00f3n\u201d, asegur\u00f3 el presentador, indicando que \u201cnosotros no suspendimos nuestra colaboraci\u00f3n por tus ideas\u201d.\n    <\/p>\n<p>            <img decoding=\"async\" class=\"lazy\" loading=\"lazy\" data-src=\"https:\/\/static.eldiario.es\/clip\/50d2c1ee-0fee-4970-919b-a41140705680_16-9-discover-aspect-ratio_default_0.jpg\" src=\"data:image\/svg+xml,%3Csvg xmlns=\" http:=\"\" viewbox=\"0 0 1200 675\" alt=\"Nacho Abad y el tuit de Marta Nebot\"\/><\/p>\n<p>    Nacho Abad justifica el despido de Marta Nebot<\/p>\n<p class=\"article-text\">\n        \u201cNo hicimos eso, <strong>no quisimos cerrar la voz a una periodista que se define como progresista<\/strong>, lo hicimos porque ocurri\u00f3 esto en el programa\u201d, continu\u00f3 Nacho Abad dando paso a unas im\u00e1genes del programa del pasado 26 de junio en las que Marta Nebot, en medio de un acalorado debate, fue preguntada aparentemente [el programa no mostr\u00f3 de d\u00f3nde ven\u00eda la conversaci\u00f3n] sobre si no le daba \u201cverg\u00fcenza\u201d defender uno de sus plantamientos.<strong> <\/strong>\n    <\/p>\n<p class=\"article-text\">\n        <strong>\u201c\u00bfVerg\u00fcenza? A m\u00ed no me da verg\u00fcenza nada, si acaso estar aqu\u00ed. Si acaso&#8230;\u201d<\/strong>, respondi\u00f3 la periodista en una frase sin m\u00e1s contexto ni explicaci\u00f3n por su parte y que<strong> Andrea Levy <\/strong>utiliz\u00f3 en varias ocasiones como reproche. \u201cSi te da verg\u00fcenza estar aqu\u00ed vete, no te puede dar verg\u00fcenza estar en un programa\u201d, le ech\u00f3 en cara la politica del PP de Madrid al tiempo que el presentador les ped\u00eda que no se interrumpieran.\n    <\/p>\n<p>    <a href=\"https:\/\/www.eldiario.es\/vertele\/audiencias-tv\/martes-7-julio-2026-remontada-argentina-mundial-barre-rtve-condiciona-segunda-tarde-de-lunes-a-viernes_1_13364091.html\" data-mrf-recirculation=\"saber-mas-abajo\" data-dl-event=\"saber-mas-abajo\" rel=\"nofollow noopener\" target=\"_blank\"><\/p>\n<p class=\"know-more__title\">La remontada de Argentina en el Mundial (39%) barre en RTVE y condiciona la segunda tarde de &#8216;De lunes a viernes&#8217;\n<\/p>\n<p>            <img decoding=\"async\" class=\"lazy\" loading=\"lazy\" data-src=\"https:\/\/static.eldiario.es\/clip\/34830352-97f9-4810-b8e4-5988cc04c108_16-9-aspect-ratio_default_0.jpg\" src=\"data:image\/svg+xml,%3Csvg xmlns=\" http:=\"\" viewbox=\"0 0 880 495\" alt=\"La remontada de Argentina en el Mundial (39%) barre en RTVE y condiciona la segunda tarde de 'De lunes a viernes'\"\/><\/p>\n<p>                        <\/a><\/p>\n<p class=\"article-text\">\n        Bas\u00e1ndose ahora en esas breves im\u00e1genes, Nacho Abad justific\u00f3 su despido: \u201cMarta, estar\u00e1s conmigo en que estar en este programa que te da verg\u00fcenza es incoherente. En boca de todos lo forma un equipo en el que la m\u00e1xima es el respeto, el compa\u00f1erismo, la pluralidad, y <strong>yo no quiero compartir plat\u00f3 con alguien que siente verg\u00fcenza de sentarse aqu\u00ed. <\/strong>No hay m\u00e1s, lo dem\u00e1s es mentir\u201d, sentenci\u00f3 el presentador, lamentando que \u201cuna cuesti\u00f3n interna\u201d la hubiese hecho p\u00fablica. \u201cHe tenido que salir a responder y lo hago desde el conocimiento\u201d, concluy\u00f3 antes de dirigirse al ministro \u00d3scar Puente, que respald\u00f3 a Nebot a trav\u00e9s de las redes tras su publicaci\u00f3n.\n    <\/p>\n<blockquote class=\"twitter-tweet\" data-media-max-width=\"560\">\n<p lang=\"es\" dir=\"ltr\">\ud83d\udd34URGENTE| Nacho Abad RESPONDE a Marta Nebot y explica por qu\u00e9 ya no colabora en el programa <a href=\"https:\/\/x.com\/EnBocaDe_Todos?ref_src=twsrc%5Etfw\" rel=\"nofollow\">@EnBocaDe_Todos<\/a>: \u201cAqu\u00ed NO censuramos a nadie por sus ideas. JAM\u00c1S lo hemos hecho y JAM\u00c1S lo vamos a hacer\u201d. <a href=\"https:\/\/t.co\/6kJ4J06mvJ\" rel=\"nofollow\">pic.twitter.com\/6kJ4J06mvJ<\/a><\/p>\n<p>\u2014 Pedro Pineda Celis (@pedropcelis) <a href=\"https:\/\/x.com\/pedropcelis\/status\/2074803806366314770?ref_src=twsrc%5Etfw\" rel=\"nofollow\">July 8, 2026<\/a><\/p><\/blockquote>\n<p>                                        <script async src=\"https:\/\/platform.twitter.com\/widgets.js\" charset=\"utf-8\"><\/script><\/p>\n","protected":false},"excerpt":{"rendered":"Nacho Abad arranc\u00f3 este mi\u00e9rcoles la emisi\u00f3n de En boca de todos respondiendo a Marta Nebot, periodista que&hellip;\n","protected":false},"author":2,"featured_media":648105,"comment_status":"","ping_status":"","sticky":false,"template":"","format":"standard","meta":{"footnotes":""},"categories":[5],"tags":[8974,20948,43214,17,18,18635,5702,9262,25,24,13,14,11,3192,19,20,14494,3300,32005,9,689,10,15,16,9721,10474,23,12,21,22],"class_list":["post-648104","post","type-post","status-publish","format-standard","has-post-thumbnail","category-titulares","tag-abad","tag-alguien","tag-averguenza","tag-breaking-news","tag-breakingnews","tag-compartir","tag-despido","tag-en-boca-de-todos","tag-es","tag-espana","tag-featured-news","tag-featurednews","tag-headlines","tag-justifica","tag-latest-news","tag-latestnews","tag-marta","tag-nacho","tag-nebot","tag-news","tag-no","tag-noticias","tag-noticias-destacadas","tag-noticiasdestacadas","tag-plato","tag-quiero","tag-spain","tag-titulares","tag-ultimas-noticias","tag-ultimasnoticias"],"share_on_mastodon":{"url":"https:\/\/pubeurope.com\/@es\/116885469732046800","error":""},"_links":{"self":[{"href":"https:\/\/www.europesays.com\/es\/wp-json\/wp\/v2\/posts\/648104","targetHints":{"allow":["GET"]}}],"collection":[{"href":"https:\/\/www.europesays.com\/es\/wp-json\/wp\/v2\/posts"}],"about":[{"href":"https:\/\/www.europesays.com\/es\/wp-json\/wp\/v2\/types\/post"}],"author":[{"embeddable":true,"href":"https:\/\/www.europesays.com\/es\/wp-json\/wp\/v2\/users\/2"}],"replies":[{"embeddable":true,"href":"https:\/\/www.europesays.com\/es\/wp-json\/wp\/v2\/comments?post=648104"}],"version-history":[{"count":0,"href":"https:\/\/www.europesays.com\/es\/wp-json\/wp\/v2\/posts\/648104\/revisions"}],"wp:featuredmedia":[{"embeddable":true,"href":"https:\/\/www.europesays.com\/es\/wp-json\/wp\/v2\/media\/648105"}],"wp:attachment":[{"href":"https:\/\/www.europesays.com\/es\/wp-json\/wp\/v2\/media?parent=648104"}],"wp:term":[{"taxonomy":"category","embeddable":true,"href":"https:\/\/www.europesays.com\/es\/wp-json\/wp\/v2\/categories?post=648104"},{"taxonomy":"post_tag","embeddable":true,"href":"https:\/\/www.europesays.com\/es\/wp-json\/wp\/v2\/tags?post=648104"}],"curies":[{"name":"wp","href":"https:\/\/api.w.org\/{rel}","templated":true}]}}