{"id":648145,"date":"2026-07-08T17:43:19","date_gmt":"2026-07-08T17:43:19","guid":{"rendered":"https:\/\/www.europesays.com\/es\/648145\/"},"modified":"2026-07-08T17:43:19","modified_gmt":"2026-07-08T17:43:19","slug":"marta-penate-ingresada-en-el-hospital-por-una-hemorragia-vaginal-estas-malas-epocas-acaban-y-volveran-las-buenas","status":"publish","type":"post","link":"https:\/\/www.europesays.com\/es\/648145\/","title":{"rendered":"Marta Pe\u00f1ate, ingresada en el hospital por una hemorragia vaginal: \u00abEstas malas \u00e9pocas acaban y volver\u00e1n las buenas\u00bb"},"content":{"rendered":"<p class=\"c-paragraph\">Sigue la preocupaci\u00f3n en torno a la salud de <a href=\"https:\/\/www.20minutos.es\/tags\/personas\/marta-penate.html\" title=\"Marta Pe\u00f1ate\" rel=\"nofollow noopener\" target=\"_blank\">Marta Pe\u00f1ate<\/a>. La creadora de contenido sigue manteniendo al d\u00eda a sus seguidores sobre sus vainenes de salud.<\/p>\n<p class=\"c-paragraph\">La que fuera concursante de\u00a0Gran Hermano\u00a0hizo hace unos d\u00edas un directo en Instagram donde explicaba\u00a0<b>c\u00f3mo se sent\u00eda tras recibir el tratamiento a causa de su embarazo ect\u00f3pico<\/b>\u00a0que sufri\u00f3 hace menos de un mes y por el que fue <a href=\"https:\/\/www.20minutos.es\/gente\/marta-penate-derivada-oncologia-por-su-embarazo-ectopico-me-van-dar-quimioterapia_7008615_0.html\" rel=\"nofollow noopener\" target=\"_blank\">derivada a oncolog\u00eda<\/a>.<\/p>\n<p class=\"c-paragraph\"><b>\u00abMe sent\u00f3 muy mal, estuve vomitando toda la tarde.<\/b>\u00a0No quer\u00eda ni moverme de mi casa, estuve en el coche con una bolsa, llegu\u00e9 al hospital y estuvieron tres horas pinch\u00e1ndome\u00bb, relataba Pe\u00f1ate, que acababa de recibir su <a href=\"https:\/\/www.20minutos.es\/gente\/marta-penate-reaparece-tras-someterse-su-primera-sesion-quimioterapia-por-su-embarazo-ectopico-fue-horrible_7010730_0.html\" rel=\"nofollow noopener\" target=\"_blank\">primera sesi\u00f3n de quimioterapia<\/a>: \u00abSon medicamentos muy tochos, aunque no sean tan fuertes para tratar un c\u00e1ncer\u00bb.<\/p>\n<p class=\"c-paragraph\">Asimismo, contaba que el tratamiento est\u00e1 haciendo efecto: \u00abMe ha bajado la hormona del embarazo. O sea que est\u00e1 funcionando y est\u00e1 bajando todo, pero si que es verdad que ayer me encontr\u00e9 hiper mega mal\u00bb.<\/p>\n<p class=\"c-paragraph\">Ahora, la influencer ha preocupar a su comunidad de seguidores tras reaparecer desde el hospital, donde est\u00e1 <b>ingresada por \u00abuna hemorragia vaginal\u00bb<\/b>.<\/p>\n<p class=\"c-paragraph\">\u00abLa verdad es que me he dado cuenta de que oculto mucho por mi Instagram. Como que solamente tengo derecho a subir por esta red social alegr\u00eda o felicidad\u00bb, ha empezado contando en sus stories.<\/p>\n<p class=\"c-paragraph\">\u00abY, como llevaba un mes y medio contando tristezas que me estaban pasando, pues hab\u00eda decidido como no subir nada. <b>Hoy me han ingresado porque he tenido una hemorragia vaginal<\/b>. Estoy aqu\u00ed porque <b>me quieren controlar<\/b>\u00ab, ha revelado.<\/p>\n<p class=\"c-paragraph\">\u00abLa verdad es que no tengo por qu\u00e9 estar rayada por estar pasando una mala \u00e9poca. <b>Estas malas \u00e9pocas acaban y volver\u00e1n las buenas<\/b>. No siempre puedo estar superfeliz y subir contenido como el que a m\u00ed me gusta de felicidad. No s\u00e9 por qu\u00e9 me desahogo contando esto, pero necesitaba hacerlo\u00bb, ha zanjado la canaria.<\/p>\n","protected":false},"excerpt":{"rendered":"Sigue la preocupaci\u00f3n en torno a la salud de Marta Pe\u00f1ate. La creadora de contenido sigue manteniendo al&hellip;\n","protected":false},"author":2,"featured_media":648146,"comment_status":"","ping_status":"","sticky":false,"template":"","format":"standard","meta":{"footnotes":""},"categories":[174],"tags":[255,146,147,25,24,256,3345,23511,14494,32154,5043,23],"class_list":["post-648145","post","type-post","status-publish","format-standard","has-post-thumbnail","category-famosos","tag-celebrities","tag-entertainment","tag-entretenimiento","tag-es","tag-espana","tag-famosos","tag-hospital","tag-ingresada","tag-marta","tag-penate","tag-por","tag-spain"],"share_on_mastodon":{"url":"https:\/\/pubeurope.com\/@es\/116885599420837841","error":""},"_links":{"self":[{"href":"https:\/\/www.europesays.com\/es\/wp-json\/wp\/v2\/posts\/648145","targetHints":{"allow":["GET"]}}],"collection":[{"href":"https:\/\/www.europesays.com\/es\/wp-json\/wp\/v2\/posts"}],"about":[{"href":"https:\/\/www.europesays.com\/es\/wp-json\/wp\/v2\/types\/post"}],"author":[{"embeddable":true,"href":"https:\/\/www.europesays.com\/es\/wp-json\/wp\/v2\/users\/2"}],"replies":[{"embeddable":true,"href":"https:\/\/www.europesays.com\/es\/wp-json\/wp\/v2\/comments?post=648145"}],"version-history":[{"count":0,"href":"https:\/\/www.europesays.com\/es\/wp-json\/wp\/v2\/posts\/648145\/revisions"}],"wp:featuredmedia":[{"embeddable":true,"href":"https:\/\/www.europesays.com\/es\/wp-json\/wp\/v2\/media\/648146"}],"wp:attachment":[{"href":"https:\/\/www.europesays.com\/es\/wp-json\/wp\/v2\/media?parent=648145"}],"wp:term":[{"taxonomy":"category","embeddable":true,"href":"https:\/\/www.europesays.com\/es\/wp-json\/wp\/v2\/categories?post=648145"},{"taxonomy":"post_tag","embeddable":true,"href":"https:\/\/www.europesays.com\/es\/wp-json\/wp\/v2\/tags?post=648145"}],"curies":[{"name":"wp","href":"https:\/\/api.w.org\/{rel}","templated":true}]}}