{"id":648149,"date":"2026-07-08T17:47:22","date_gmt":"2026-07-08T17:47:22","guid":{"rendered":"https:\/\/www.europesays.com\/es\/648149\/"},"modified":"2026-07-08T17:47:22","modified_gmt":"2026-07-08T17:47:22","slug":"suffocation-de-nuevo-en-espana-concierto-acustico-de-the-pretty-reckless-reedicion-de-autopsy","status":"publish","type":"post","link":"https:\/\/www.europesays.com\/es\/648149\/","title":{"rendered":"SUFFOCATION de nuevo en Espa\u00f1a. Concierto ac\u00fastico de THE PRETTY RECKLESS. Reedici\u00f3n de AUTOPSY."},"content":{"rendered":"<p>\u00a0<\/p>\n<p style=\"text-align: center;\"><strong><a href=\"#SUFFOCATION\">SUFFOCATION de nuevo en Espa\u00f1a<\/a> \u2013 <a href=\"#PRETTY\">Concierto ac\u00fastico de THE PRETTY RECKLESS<\/a> \u2013 <a href=\"#AUTOPSY\">Reedici\u00f3n de AUTOPSY<\/a>.<\/strong><\/p>\n<p><a href=\"https:\/\/www.suffocationofficial.com\/\" target=\"_blank\" rel=\"noopener nofollow\"><strong>SUFFOCATION<\/strong><\/a> nos visitar\u00e1n en oto\u00f1o acompa\u00f1ados por I<strong>NGESTED, UNDEATH e ETERNAL<\/strong>. Estas son las citas:<\/p>\n<p><strong>Mi\u00e9rcoles 21 de octubre 2026<\/strong><br \/><strong>Santana 27 (Bilbao)<\/strong><br \/><strong>Anticipada: 35\u20ac \/ Taquilla: 40\u20ac<\/strong><br \/><a href=\"https:\/\/www.madnesslive.es\/es\/conciertos-en-pais-vasco\/2034-comprar-entrada-suffocation-ingested-undeath-eternal-bilbao.html\" target=\"_blank\" rel=\"noopener nofollow\">Comprar Entrada<\/a><\/p>\n<p><strong>Jueves 22 de octubre 2026<\/strong><br \/><strong>Revi Live (Madrid)<\/strong><br \/><strong>Anticipada: 35\u20ac \/ Taquilla: 40\u20ac<\/strong><br \/><a href=\"https:\/\/www.madnesslive.es\/es\/conciertos-en-madrid\/2035-comprar-entrada-suffocation-ingested-undeath-eternal-madrid.html\" target=\"_blank\" rel=\"noopener nofollow\">Comprar Entrada<\/a><\/p>\n<p><strong>S\u00e1bado 24 de octubre 2026<\/strong><br \/><strong>The One (Alicante)<\/strong><br \/><strong>Anticipada: 35\u20ac \/ Taquilla: 40\u20ac<\/strong><br \/><a href=\"https:\/\/www.madnesslive.es\/es\/conciertos-en-comunidad-valenciana\/2036-comprar-entrada-suffocation-ingested-undeath-eternal-alicante.html\" target=\"_blank\" rel=\"noopener nofollow\">Comprar Entrada<\/a><\/p>\n<p><strong>Domingo 25 de octubre 2026<\/strong><br \/><strong>Razzmatazz 2 (Barcelona)<\/strong><br \/><strong>Anticipada: 35\u20ac \/ Taquilla: 40\u20ac<\/strong><br \/><a href=\"https:\/\/www.madnesslive.es\/es\/conciertos-en-barcelona\/2037-comprar-entrada-suffocation-ingested-undeath-eternal-barcelona.html\" target=\"_blank\" rel=\"noopener nofollow\">Comprar Entrada<\/a><\/p>\n<p><img fetchpriority=\"high\" decoding=\"async\" src=\"https:\/\/www.europesays.com\/es\/wp-content\/uploads\/2026\/07\/cartel_gita_oct26.jpg\" alt=\"SUFFOCATION\" width=\"500\" height=\"500\"\/><\/p>\n<p>El \u00faltimo disco de <a href=\"https:\/\/www.suffocationofficial.com\/\" target=\"_blank\" rel=\"noopener nofollow\"><strong>SUFFOCATION<\/strong><\/a> \u201cHymns From The Apocrypha\u201d sali\u00f3 el 3 de noviembre de 2023 a trav\u00e9s de Nuclear Blast.<\/p>\n<p>Todos los detalles en esta <a href=\"https:\/\/www.rafabasa.com\/2023\/09\/13\/suffocation-lordi-lillian-axe\/#SUFFOCATION\" target=\"_blank\" rel=\"noopener nofollow\">noticia<\/a> y los singles aparecidos en <a href=\"https:\/\/www.rafabasa.com\/2023\/11\/06\/skid-row-ya-piensan-en-su-proxima-obra-lyric-video-de-suffocation-voodoo-circle-estrenan-single-y-anuncian-recopilatorio\/#SUFFOCATION\" target=\"_blank\" rel=\"noopener nofollow\">esta<\/a>.<\/p>\n<p>M\u00e1s sobre la banda en esta <a href=\"https:\/\/www.rafabasa.com\/2025\/12\/07\/avenged-sevenfold-dirkschneider-and-the-old-gang-testament-suffocation\/#SUFFOCATION\" rel=\"nofollow noopener\" target=\"_blank\">noticia<\/a>.<\/p>\n<p>\u00a0<\/p>\n<p>A continuaci\u00f3n pod\u00e9is ver \u00edntegro el concierto ac\u00fastico ofrecido por <a href=\"https:\/\/deathbyrockandroll.com\/\" target=\"_blank\" rel=\"noopener nofollow\"><strong>THE PRETTY RECKLESS<\/strong><\/a> el pasado 1 de julio en la tienda de discos de Hollywood Amoeba.<\/p>\n<p>Este fue el repertorio interpretado:<\/p>\n<ol>\n<li>Going To Hell<\/li>\n<li>Make Me Wanna Die<\/li>\n<li>Harley Darling<\/li>\n<li>When I Wake Up<\/li>\n<li>For I Am Death<\/li>\n<li>About You<\/li>\n<li>(What\u2019s So Funny \u2018Bout) Peace, Love And Understanding (versi\u00f3n de Brinsley Schwarz)<\/li>\n<\/ol>\n<p><a href=\"https:\/\/deathbyrockandroll.com\/\" target=\"_blank\" rel=\"noopener nofollow\"><strong>THE PRETTY RECKLESS<\/strong><\/a> editaron el 26 de junio a trav\u00e9s de Concord Records un nuevo disco titulado \u201cDear God\u201d.<\/p>\n<p>Todos los detalles en esta <a href=\"https:\/\/www.rafabasa.com\/2026\/03\/13\/sabaton-the-pretty-reckless-teksuo\/#RECKLESS\" rel=\"nofollow noopener\" target=\"_blank\">noticia<\/a> y los v\u00eddeos aparecidos en <a href=\"https:\/\/www.rafabasa.com\/2026\/06\/30\/last-in-line-the-pretty-reckless-xentrix\/#RECKLESS\" rel=\"nofollow noopener\" target=\"_blank\">esta<\/a>.<\/p>\n<p>\u00a0<\/p>\n<p>\u00a0<\/p>\n<p>El disco de <strong>AUTOPSY<\/strong> \u201cMental Funeral\u201d ser\u00e1 reeditado el 12 de agosto a trav\u00e9s de Peaceville Records.<\/p>\n<p>Estos son los temas que incluye:<\/p>\n<ol>\n<li>Twisted Mass Of Burnt Decay<\/li>\n<li>In The Grip Of Winter<\/li>\n<li>Fleshcrawl<\/li>\n<li>Torn From The Womb<\/li>\n<li>Slaughterday<\/li>\n<li>Dead<\/li>\n<li>Robbing The Grave<\/li>\n<li>Hole In The Head<\/li>\n<li>Destined To Fester<\/li>\n<li>Bonesaw<\/li>\n<li>Dark Crusade<\/li>\n<li>Mental Funeral<\/li>\n<\/ol>\n<p>El disco sale en vinilo rojo y negro fundido y en doble CD; el segundo CD incluye el disco con comentarios de la banda.<\/p>\n<p>En principio la banda est\u00e1 preparando un <a href=\"https:\/\/www.rafabasa.com\/2026\/04\/30\/rachel-bolan-type-o-negative-autopsy\/#AUTOPSY\" rel=\"nofollow noopener\" target=\"_blank\">nuevo disco<\/a>.<\/p>\n<p><strong>AUTOPSY<\/strong> editaron el 27 de octubre de 2023 a trav\u00e9s de Peaceville Records su \u00faltimo disco \u00abAshes, Organs, Blood and Crypts\u00bb.<\/p>\n<p>Todos los detalles en esta <a href=\"https:\/\/www.rafabasa.com\/2023\/09\/28\/evanescence-autopsy-rockpelsxuklis\/#AUTOPSY\" target=\"_blank\" rel=\"noopener nofollow\">noticia<\/a> y su \u00faltimo v\u00eddeo en <a href=\"https:\/\/www.rafabasa.com\/2023\/10\/30\/judas-priest-armored-saint-autopsy\/#AUTOPSY\" target=\"_blank\" rel=\"noopener nofollow\">este<\/a>.<\/p>\n<p>M\u00e1s sobre la banda en esta <a href=\"https:\/\/www.rafabasa.com\/2024\/05\/12\/motley-crue-tienen-dos-temas-mas-preparados-reedicion-de-ufo-autopsy-celebran-el-aniversario-de-severed-survival\/#AUTOPSY\" rel=\"nofollow noopener\" target=\"_blank\">bloque<\/a>.<\/p>\n<p>\u00a0<\/p>\n<p align=\"center\"><strong>Sigue el\u00a0<a href=\"https:\/\/whatsapp.com\/channel\/0029VaCprxVBA1f555USvT2O\" target=\"_blank\" rel=\"nofollow noopener\">Canal de RAFABASA.COM en WhatsApp<\/a>, donde encontrar\u00e1s todas nuestras novedades al instante<\/strong><\/p>\n","protected":false},"excerpt":{"rendered":"\u00a0 SUFFOCATION de nuevo en Espa\u00f1a \u2013 Concierto ac\u00fastico de THE PRETTY RECKLESS \u2013 Reedici\u00f3n de AUTOPSY. SUFFOCATION&hellip;\n","protected":false},"author":2,"featured_media":648150,"comment_status":"","ping_status":"","sticky":false,"template":"","format":"standard","meta":{"footnotes":""},"categories":[170],"tags":[103599,146,147,25,24,184,185,23,67341,30490],"class_list":["post-648149","post","type-post","status-publish","format-standard","has-post-thumbnail","category-musica","tag-autopsy","tag-entertainment","tag-entretenimiento","tag-es","tag-espana","tag-music","tag-musica","tag-spain","tag-suffocation","tag-the-pretty-reckless"],"share_on_mastodon":{"url":"https:\/\/pubeurope.com\/@es\/116885615645457582","error":""},"_links":{"self":[{"href":"https:\/\/www.europesays.com\/es\/wp-json\/wp\/v2\/posts\/648149","targetHints":{"allow":["GET"]}}],"collection":[{"href":"https:\/\/www.europesays.com\/es\/wp-json\/wp\/v2\/posts"}],"about":[{"href":"https:\/\/www.europesays.com\/es\/wp-json\/wp\/v2\/types\/post"}],"author":[{"embeddable":true,"href":"https:\/\/www.europesays.com\/es\/wp-json\/wp\/v2\/users\/2"}],"replies":[{"embeddable":true,"href":"https:\/\/www.europesays.com\/es\/wp-json\/wp\/v2\/comments?post=648149"}],"version-history":[{"count":0,"href":"https:\/\/www.europesays.com\/es\/wp-json\/wp\/v2\/posts\/648149\/revisions"}],"wp:featuredmedia":[{"embeddable":true,"href":"https:\/\/www.europesays.com\/es\/wp-json\/wp\/v2\/media\/648150"}],"wp:attachment":[{"href":"https:\/\/www.europesays.com\/es\/wp-json\/wp\/v2\/media?parent=648149"}],"wp:term":[{"taxonomy":"category","embeddable":true,"href":"https:\/\/www.europesays.com\/es\/wp-json\/wp\/v2\/categories?post=648149"},{"taxonomy":"post_tag","embeddable":true,"href":"https:\/\/www.europesays.com\/es\/wp-json\/wp\/v2\/tags?post=648149"}],"curies":[{"name":"wp","href":"https:\/\/api.w.org\/{rel}","templated":true}]}}