{"id":648169,"date":"2026-07-08T18:01:13","date_gmt":"2026-07-08T18:01:13","guid":{"rendered":"https:\/\/www.europesays.com\/es\/648169\/"},"modified":"2026-07-08T18:01:13","modified_gmt":"2026-07-08T18:01:13","slug":"reed-confirma-que-ya-cuenta-con-invitaciones-para-el-pga","status":"publish","type":"post","link":"https:\/\/www.europesays.com\/es\/648169\/","title":{"rendered":"Reed confirma que ya cuenta con invitaciones para el PGA"},"content":{"rendered":"<p>La suspensi\u00f3n de Reed en la gira finaliza el pr\u00f3ximo 25 de agosto, por lo que llegar\u00eda incluso a tiempo de ser elegible para la Presidents<img fetchpriority=\"high\" decoding=\"async\" class=\"wp-image-327557 size-full\" src=\"https:\/\/www.europesays.com\/es\/wp-content\/uploads\/2026\/07\/Patrick-Reed.jpg\" alt=\"Patrick Reed,\" width=\"1500\" height=\"1000\"  \/>El estadounidense cuenta las semanas para volver a Estados Unidos. Foto: @PGATour<\/p>\n<p style=\"text-align: justify;\">Las <strong>dos victorias<\/strong> pr\u00e1cticamente consecutivas en el <strong>Hero Dubai Desert Classic<\/strong> y el <strong>Qatar Masters<\/strong> de comienzos de a\u00f1o le han posibilitado a <strong>Patrick Reed<\/strong> situarse a estas alturas como el <strong>jugador a batir<\/strong> en la orden del m\u00e9rito del <strong>DP World Tour<\/strong>. Una grand\u00edsima trayectoria que, a menos que se tuerza mucho la historia, le llevar\u00e1 a partir del pr\u00f3ximo a\u00f1o al <strong>PGA Tour<\/strong>. Un circuito que abandon\u00f3 hace un tiempo para emprender rumbo a la <strong>LIV Golf League<\/strong>, lo que le ocasion\u00f3 una <strong>suspensi\u00f3n<\/strong> en la gira americana hasta el pr\u00f3ximo <strong>25 de agosto<\/strong>.<\/p>\n<p style=\"text-align: justify;\">\u00bfSignifica esto que el ganador de <strong>nueve eventos<\/strong> en el <strong>PGA Tour <\/strong>podr\u00eda jugar este mismo a\u00f1o en la gira americana? Pues lo cierto es que s\u00ed. Y es que, tal y como el propio jugador ha reconocido en la rueda de prensa previa al <strong>Genesis Scottish Open<\/strong>, ya cuenta con <strong>invitaciones<\/strong> para poder formar parte de los torneos de este oto\u00f1o. En concreto, son los mismos <strong>directores<\/strong> de los torneos quienes se han acercado a <strong>Reed<\/strong> para ofrecerle la oportunidad de disputar estos eventos.<\/p>\n<p style=\"text-align: justify;\">Un ofrecimiento que el golfista de San Antonio <strong>aceptar\u00e1 gustoso<\/strong> con el \u00fanico objetivo de volver a la senda del triunfo en la gira. De esta manera, el deportista del pa\u00eds de las barras y las estrellas, podr\u00eda participar en los <strong>ocho eventos<\/strong> de la temporada de oto\u00f1o, comenzando por el <strong>Baltimore Championship<\/strong> del 17 al 20 de septiembre. De hecho, incluso podr\u00eda ser <strong>elegible<\/strong> como una de las selecciones de capit\u00e1n para la pr\u00f3xima <strong>Presidents Cup<\/strong>.<\/p>\n<p style=\"text-align: justify;\">Un reto que <strong>Reed<\/strong> afronta con gusto pese al <strong>cansancio<\/strong> acumulado: \u201cSab\u00eda que, desde el <strong>US Open<\/strong> hasta el <strong>Open<\/strong> ser\u00edan <strong>cinco semanas<\/strong> seguidas de competici\u00f3n. Luego tendr\u00e9 tres semanas de descanso y ah\u00ed es cuando ultimar\u00e9 el resto del calendario\u201d, sentenci\u00f3.<\/p>\n<blockquote class=\"twitter-tweet\">\n<p dir=\"ltr\" lang=\"en\">While this week didn\u2019t end how I\u2019d hoped and prepared for, I want to thank the fans and volunteers and my sponsors @planwithoath <a href=\"https:\/\/x.com\/vistajet?ref_src=twsrc%5Etfw\" rel=\"nofollow\">@vistajet<\/a> and @turvoinc for all their support this week at Shinnecock. On to Europe and see y\u2019all out there on <a href=\"https:\/\/x.com\/DPWorldTour?ref_src=twsrc%5Etfw\" rel=\"nofollow\">@dpworldtour<\/a> and at the Open\u2026 <a href=\"https:\/\/t.co\/8hWk44QDyO\" rel=\"nofollow\">pic.twitter.com\/8hWk44QDyO<\/a><\/p>\n<p>\u2014 Patrick Reed (@PReedGolf) <a href=\"https:\/\/x.com\/PReedGolf\/status\/2068783939880190051?ref_src=twsrc%5Etfw\" rel=\"nofollow\">June 21, 2026<\/a><\/p>\n<\/blockquote>\n<p style=\"text-align: justify;\"><strong>Puede seguir a OpenGolf en\u00a0<\/strong><a style=\"color: #008000;\" href=\"https:\/\/www.facebook.com\/opengolfes.es\/\" rel=\"nofollow noopener\" target=\"_blank\"><strong>Facebook<\/strong><\/a><strong>;\u00a0<\/strong><a style=\"color: #008000;\" href=\"https:\/\/twitter.com\/opengolf_news\" rel=\"nofollow noopener\" target=\"_blank\"><strong>Twitter<\/strong><\/a><strong>;\u00a0<\/strong><a style=\"color: #008000;\" href=\"https:\/\/www.linkedin.com\/in\/fernando-molina-b1455a14\/\" rel=\"nofollow noopener\" target=\"_blank\"><strong>LinkedIn<\/strong><\/a><strong>\u00a0y suscribi\u00e9ndose a trav\u00e9s de este enlace a nuestra\u00a0<\/strong><a style=\"color: #008000;\" href=\"https:\/\/opengolf.es\/newsletters.php\" rel=\"nofollow noopener\" target=\"_blank\"><strong>Newsletter Semanal<\/strong><\/a><\/p>\n<p><script async src=\"https:\/\/platform.twitter.com\/widgets.js\" charset=\"utf-8\"><\/script><\/p>\n","protected":false},"excerpt":{"rendered":"La suspensi\u00f3n de Reed en la gira finaliza el pr\u00f3ximo 25 de agosto, por lo que llegar\u00eda incluso&hellip;\n","protected":false},"author":2,"featured_media":648170,"comment_status":"","ping_status":"","sticky":false,"template":"","format":"standard","meta":{"footnotes":""},"categories":[275],"tags":[168,7316,25,24,117938,329,21479,1960,23,167,119038],"class_list":["post-648169","post","type-post","status-publish","format-standard","has-post-thumbnail","category-golf","tag-deportes","tag-dp-world-tour","tag-es","tag-espana","tag-genesis-scottish-open","tag-golf","tag-patrick-reed","tag-pga-tour","tag-spain","tag-sports","tag-the-renaissance-club"],"share_on_mastodon":{"url":"https:\/\/pubeurope.com\/@es\/116885671286513562","error":""},"_links":{"self":[{"href":"https:\/\/www.europesays.com\/es\/wp-json\/wp\/v2\/posts\/648169","targetHints":{"allow":["GET"]}}],"collection":[{"href":"https:\/\/www.europesays.com\/es\/wp-json\/wp\/v2\/posts"}],"about":[{"href":"https:\/\/www.europesays.com\/es\/wp-json\/wp\/v2\/types\/post"}],"author":[{"embeddable":true,"href":"https:\/\/www.europesays.com\/es\/wp-json\/wp\/v2\/users\/2"}],"replies":[{"embeddable":true,"href":"https:\/\/www.europesays.com\/es\/wp-json\/wp\/v2\/comments?post=648169"}],"version-history":[{"count":0,"href":"https:\/\/www.europesays.com\/es\/wp-json\/wp\/v2\/posts\/648169\/revisions"}],"wp:featuredmedia":[{"embeddable":true,"href":"https:\/\/www.europesays.com\/es\/wp-json\/wp\/v2\/media\/648170"}],"wp:attachment":[{"href":"https:\/\/www.europesays.com\/es\/wp-json\/wp\/v2\/media?parent=648169"}],"wp:term":[{"taxonomy":"category","embeddable":true,"href":"https:\/\/www.europesays.com\/es\/wp-json\/wp\/v2\/categories?post=648169"},{"taxonomy":"post_tag","embeddable":true,"href":"https:\/\/www.europesays.com\/es\/wp-json\/wp\/v2\/tags?post=648169"}],"curies":[{"name":"wp","href":"https:\/\/api.w.org\/{rel}","templated":true}]}}