{"id":648428,"date":"2026-07-08T21:05:13","date_gmt":"2026-07-08T21:05:13","guid":{"rendered":"https:\/\/www.europesays.com\/es\/648428\/"},"modified":"2026-07-08T21:05:13","modified_gmt":"2026-07-08T21:05:13","slug":"los-emmy-2026-desvelan-sus-series-nominadas-de-las-favoritas-the-pitt-y-pluribus-a-la-sorpresa-de-el-caballero-de-los-siete-reinos","status":"publish","type":"post","link":"https:\/\/www.europesays.com\/es\/648428\/","title":{"rendered":"Los Emmy 2026 desvelan sus series nominadas: de las favoritas \u2018The Pitt\u2019 y \u2018Pluribus\u2019 a la sorpresa de \u2018El caballero de los Siete Reinos\u2019"},"content":{"rendered":"<p class=\"article-text\">\n        Los premios <strong>Emmy<\/strong> han anunciado este mi\u00e9rcoles 8 de julio su <strong>lista de nominados<\/strong> para la <strong>edici\u00f3n de 2026<\/strong>. Y <strong>The Pitt<\/strong> se pone a la cabeza con <strong>25 nominaciones<\/strong>: entre otras, a mejor serie dram\u00e1tica o mejor actor principal para <strong>Noah Wyle<\/strong>. Es especialmente llamativo que The Pitt consigue 7 de sus nominaciones en las categor\u00edas de mejor actor y mejor actriz secundarios en un drama, un hito muy llamativo. Adem\u00e1s, dos de sus episodios est\u00e1n nominados en la categor\u00eda de mejor guion para una serie de drama.\n    <\/p>\n<p class=\"article-text\">\n        La serie de <strong>HBO Max<\/strong> sobre una consulta de Urgencias sit\u00faa as\u00ed su <strong>segunda temporada como una de las principales favoritas<\/strong>, aunque precisamente por ese detalle podr\u00eda ser que otras de las m\u00e1s nominadas la superaran finalmente en la gala en cuanto a n\u00famero de premios. Porque <strong>Hacks<\/strong> no se queda atr\u00e1s y logra <strong>24 nominaciones <\/strong>para su temporada 5: entre otras, a mejor serie de comedia o a mejor actriz principal para <strong>Jean Smart<\/strong>. Cerca se han quedado la comedia de terror <strong>La maldici\u00f3n de Widow&#8217;s Bay<\/strong>, con <strong>19 nominaciones<\/strong>; y el drama dist\u00f3pico <strong>Pluribus<\/strong>, con <strong>18,<\/strong> la nueva serie de <strong>Vince Gilligan<\/strong>, creador de <strong>Breaking Bad. <\/strong>Las dos adem\u00e1s son series nuevas, pues han emitido hasta ahora tan solo su primera temporada. La tercera y \u00faltima temporada de <strong>Euphoria<\/strong> consigue <strong>7 nominaciones<\/strong>; mientras que <strong>The Bear<\/strong><strong> <\/strong>recibe <strong>dos<\/strong>: a mejor serie de comedia y a mejor actriz en una comedia para <strong>Ayo Edebiri<\/strong>.\n    <\/p>\n<p class=\"article-text\">\n        Una de las sorpresas ha sido las <strong>9 nominaciones <\/strong>para <strong>El caballero de los Siete Reinos<\/strong>: la serie ambientada en el universo de <strong>Juego de tronos<\/strong>, basada en los relatos de Dunk y Egg escritos por George R. R. Martin, consigue que su primera entrega est\u00e9 adem\u00e1s nominada en una de las categor\u00edas principales: la de <strong>mejor serie dram\u00e1tica<\/strong>. Todo un logro para un estreno que empez\u00f3 sin hacer mucho ruido y <a href=\"https:\/\/www.eldiario.es\/vertele\/analisis\/caballero-siete-reinos-serie-hbo-max-demuestra-hay-historias-contar-poniente-juego-tronos_1_12934387.html\" target=\"_blank\" data-mrf-recirculation=\"links-noticia\" class=\"link\" rel=\"nofollow noopener\">acab\u00f3 convertida en todo un fen\u00f3meno<\/a>, reivindicada por muchos seguidores de la serie original, y eso que la primera temporada cuenta solo con 6 cap\u00edtulos de apenas media hora cada uno.\n    <\/p>\n<p class=\"article-text\">\n        Entre los nombres de actores y actrices nominados destacan los de <strong>Gary Oldman <\/strong>(Slow Horses), <strong>Mark Ruffalo<\/strong> (Task) y <strong>Steve Carrell<\/strong> (Rooster); as\u00ed como <strong>Chase Infiniti <\/strong>(Los testamentos) o <strong>Zendaya<\/strong>, que recibe una de las \u00fanicas<strong> 7 nominaciones<\/strong> que se lleva la temporada 3 (y final) de <strong>Euphoria<\/strong>. Tambi\u00e9n est\u00e1 nominada a mejor actriz de drama <strong>Rhea Seehorn<\/strong>, ya hab\u00eda sido muy reconocida por su anterior trabajo con Gilligan: <strong>Better Call Saul. <\/strong>Otros nombres muy llamativos como los de <strong>Lisa Kudrow, Harrison Ford <\/strong>o<strong> Michelle Pfeiffer <\/strong>tambi\u00e9n se abren hueco en las categor\u00edas de mejores actores y actrices de reparto.\n    <\/p>\n<p>    <strong>Lista de nominados a los Emmy 2026 en las principales categor\u00edas<\/strong><\/p>\n<p class=\"article-text\">\n        <strong>Mejor serie de drama<\/strong>\n    <\/p>\n<ul>\n<li>La diplom\u00e1tica (Netflix)<\/li>\n<li>La edad dorada (HBO Max)<\/li>\n<li>El caballero de los Siete Reinos (HBO Max)<\/li>\n<li>Paradise (Hulu)<\/li>\n<li>The Pitt (HBO Max)<\/li>\n<li>Pluribus (Apple TV)<\/li>\n<li>Slow Horses (Apple TV)<\/li>\n<li>Vicios ocultos (Apple TV) <\/li>\n<\/ul>\n<p class=\"article-text\">\n        <strong>Mejor serie de comedia<\/strong>\n    <\/p>\n<ul>\n<li>Colegio Abbott (ABC \/ Disney +)<\/li>\n<li>The Bear (Hulu \/ Disney +)<\/li>\n<li>Hacks (HBO Max)<\/li>\n<li>Margo tiene problemas de dinero (Apple TV)<\/li>\n<li>Nadie quiere esto (Netflix)<\/li>\n<li>Solo asesinatos en el edificio (Hulu \/ Disney +)<\/li>\n<li>Terapia sin filtro (Apple TV)<\/li>\n<li>La maldici\u00f3n de Widow&#8217;s Bay (Apple TV)<\/li>\n<\/ul>\n<p class=\"article-text\">\n        <strong>Mejor miniserie o pel\u00edcula para televisi\u00f3n<\/strong>\n    <\/p>\n<ul>\n<li>Su peor pesadilla (Peacock)<\/li>\n<li>La bestia en m\u00ed (Netflix)<\/li>\n<li>Bronca (Netflix)<\/li>\n<li>DTF St. Louis (HBO Max) <\/li>\n<li>Love Story: John F. Kennedy Jr. &amp; Carolyn Bessette (Hulu\/Disney+)<\/li>\n<\/ul>\n<p class=\"article-text\">\n        <strong>Mejor actor en una serie de drama<\/strong>\n    <\/p>\n<ul>\n<li>Sterling K. Brown (&#8216;Paradise&#8217;)<\/li>\n<li>Gary Oldman (&#8216;Slow Horses&#8217;)<\/li>\n<li>Mark Ruffalo (&#8216;Task&#8217;)<\/li>\n<li>Rufus Sewell (&#8216;La diplom\u00e1tica&#8217;)<\/li>\n<li>Noah Wyle (&#8216;The Pitt&#8217;)<\/li>\n<\/ul>\n<p class=\"article-text\">\n        <strong>Mejor actriz en una serie de drama<\/strong>\n    <\/p>\n<ul>\n<li>Carrie Coon (&#8216;La edad dorada&#8217;)<\/li>\n<li>Chase Infiniti (&#8216;Los testamentos&#8217;)<\/li>\n<li>Keri Russell (&#8216;La diplom\u00e1tica&#8217;)<\/li>\n<li>Rhea Seehorn (&#8216;Pluribus&#8217;)<\/li>\n<li>Zendaya (&#8216;Euphoria&#8217;)<\/li>\n<\/ul>\n<p class=\"article-text\">\n        <strong>Mejor actor en una serie de comedia<\/strong>\n    <\/p>\n<ul>\n<li>Yahya Abdul-Mateen II (&#8216;Wonder Man&#8217;)<\/li>\n<li>Steve Carell (&#8216;Rooster&#8217;)<\/li>\n<li>Matthew Rhys (&#8216;La maldici\u00f3n de Widow&#8217;s Bay&#8217;)<\/li>\n<li>Jason Segel (&#8216;Terapia sin filtro&#8217;)<\/li>\n<li>Martin Short (&#8216;Solo asesinatos en el edificio&#8217;)<\/li>\n<\/ul>\n<p class=\"article-text\">\n        <strong>Mejor actriz en una serie de comedia<\/strong>\n    <\/p>\n<ul>\n<li>Quinta Brunson (&#8216;Colegio Abbott&#8217;)<\/li>\n<li>Ayo Edebiri (&#8216;The Bear&#8217;)<\/li>\n<li>Elle Fanning (&#8216;Margo tiene problemas de dinero&#8217;)<\/li>\n<li>Lisa Kudrow (&#8216;The Comeback&#8217;)<\/li>\n<li>Jean Smart (&#8216;Hacks&#8217;)<\/li>\n<\/ul>\n<p class=\"article-text\">\n        <strong>Mejor actor en una miniserie o pel\u00edcula para televisi\u00f3n<\/strong>\n    <\/p>\n<ul>\n<li>Riz Ahmed (&#8216;Bait&#8217;)<\/li>\n<li>Jason Bateman (&#8216;Black Rabbit&#8217;)<\/li>\n<li>Charlie Hunnam (&#8216;Monster: The Ed Gein Story&#8217;)<\/li>\n<li>Oscar Isaac (&#8216;Bronca&#8217;)<\/li>\n<li>Matthew Rhys (&#8216;La bestia en m\u00ed&#8217;)<\/li>\n<\/ul>\n<p class=\"article-text\">\n        <strong>Mejor actriz en una miniserie o pel\u00edcula para televisi\u00f3n<\/strong>\n    <\/p>\n<ul>\n<li>Claire Danes (&#8216;La bestia en m\u00ed&#8217;)<\/li>\n<li>Sally Field (&#8216;Criaturas luminosas&#8217;)<\/li>\n<li>Carey Mulligan (&#8216;Bronca&#8217;)<\/li>\n<li>Sarah Pidgeon (&#8216;Love Story: John F. Kennedy Jr. &amp; Carolyn Bessette&#8217;)<\/li>\n<li>Sarah Snook (&#8216;Su peor pesadilla&#8217;)<\/li>\n<\/ul>\n<p class=\"article-text\">\n        <strong>Mejor actriz secundaria en una serie de drama<\/strong>\n    <\/p>\n<ul>\n<li>Taylor Deardon (&#8216;The Pitt&#8217;)<\/li>\n<li>Fiona Dourif (&#8216;The Pitt&#8217;)<\/li>\n<li>Allison Janney (&#8216;La diplom\u00e1tica&#8217;)<\/li>\n<li>Katherine LaNasa (&#8216;The Pitt&#8217;)<\/li>\n<li>Sepideh Moafi (&#8216;The Pitt&#8217;).<\/li>\n<li>Julianne Nicholson (&#8216;Paradise&#8217;)<\/li>\n<li>Karolina Wydra (&#8216;Pluribus&#8217;)<\/li>\n<\/ul>\n<p class=\"article-text\">\n        <strong>Mejor actor secundario en una serie de drama<\/strong>\n    <\/p>\n<ul>\n<li>Patrick Ball (&#8216;The Pitt&#8217;)<\/li>\n<li>Billy Crudup (&#8216;The Morning Show&#8217;)<\/li>\n<li>Shawn Hatosy (&#8216;The Pitt&#8217;)<\/li>\n<li>Gerran Howell (&#8216;The Pitt&#8217;)<\/li>\n<li>Jack Lowden (&#8216;Slow Horses&#8217;)<\/li>\n<li>Tom Pelphrey (&#8216;Task&#8217;)<\/li>\n<li>Carlos-Manuel Vesga (&#8216;Pluribus&#8217;)<\/li>\n<\/ul>\n<p class=\"article-text\">\n        <strong>Mejor actriz secundaria en una serie de comedia<\/strong>\n    <\/p>\n<ul>\n<li>Dale Dickey (&#8216;La maldici\u00f3n de Widow\u2019s Bay&#8217;)<\/li>\n<li>Hannah Einbinder (&#8216;Hacks&#8217;)<\/li>\n<li>Janelle James (&#8216;Colegio Abbott&#8217;)<\/li>\n<li>Kate O\u2019Flynn (&#8216;La maldici\u00f3n de Widow\u2019s Bay&#8217;)<\/li>\n<li>Michelle Pfeiffer (&#8216;Margo tiene problemas de dinero&#8217;)<\/li>\n<li>Megan Stalter (&#8216;Hacks&#8217;)<\/li>\n<li>Jessica Williams (&#8216;Terapia sin filtro&#8217;)<\/li>\n<\/ul>\n<p class=\"article-text\">\n        <strong>Mejor actor secundario en una serie de comedia<\/strong>\n    <\/p>\n<ul>\n<li>Colman Domingo (&#8216;Las cuatro estaciones&#8217;)<\/li>\n<li>Paul W. Downs (&#8216;Hacks&#8217;)<\/li>\n<li>Harrison Ford (&#8216;Terapia sin filtro&#8217;)<\/li>\n<li>Nick Offerman (&#8216;Margo tiene problemas de dinero&#8217;)<\/li>\n<li>Stephen Root (&#8216;La maldici\u00f3n de Widow\u2019s Bay&#8217;)<\/li>\n<li>Michael Urie (&#8216;Terapia sin filtro&#8217;)<\/li>\n<li>Tayler James Williams (&#8216;Colegio Abbott&#8217;)<\/li>\n<\/ul>\n<p class=\"article-text\">\n        <strong>Mejor actriz secundaria en una miniserie o pel\u00edcula para televisi\u00f3n<\/strong>\n    <\/p>\n<ul>\n<li>Linda Cardellini (&#8216;DTF St. Louis&#8217;)<\/li>\n<li>Dakota Fanning (&#8216;Su peor pesadilla&#8217;)<\/li>\n<li>Laurie Metcalf (&#8216;Monster: The Ed Gein Story&#8217;)<\/li>\n<li>Joy Sunday (&#8216;DTF St. Louis&#8217;)<\/li>\n<li>Youn Yuh-jung (&#8216;Bronca&#8217;)<\/li>\n<li>Constance Zimmer (&#8216;Love Story: John F. Kennedy &amp; Carolyn Bessette&#8217;).<\/li>\n<\/ul>\n<p class=\"article-text\">\n        <strong>Mejor actor secundario en una miniserie o pel\u00edcula para televisi\u00f3n<\/strong>\n    <\/p>\n<ul>\n<li>Jason Bateman (&#8216;DTF St. Louis&#8217;)<\/li>\n<li>Richard Gadd (&#8216;Half Man&#8217;)<\/li>\n<li>David Harbour (&#8216;DTF St. Louis&#8217;)<\/li>\n<li>Richard Jenkins (&#8216;DTF St. Louis&#8217;)<\/li>\n<li>Charles Melton (&#8216;Bronca&#8217;)<\/li>\n<li>Nick Offerman (&#8216;Muerte por un rayo&#8217;)<\/li>\n<\/ul>\n<p class=\"article-text\">\n        <strong>Programas de entrevistas<\/strong>\n    <\/p>\n<p>    <a href=\"https:\/\/www.eldiario.es\/vertele\/noticias\/nacho-abad-justifica-despido-marta-nebot-en-boca-de-todos-no-quiero-compartir-plato-alguien-averguenza_1_13365457.html\" data-mrf-recirculation=\"saber-mas-abajo\" data-dl-event=\"saber-mas-abajo\" rel=\"nofollow noopener\" target=\"_blank\"><\/p>\n<p class=\"know-more__title\">Nacho Abad justifica el despido de Marta Nebot de &#8216;En boca de todos&#8217;: \u201cNo quiero compartir plat\u00f3 con alguien que se averg\u00fcenza de estar aqu\u00ed\u201d<\/p>\n<p>            <img decoding=\"async\" class=\"lazy\" loading=\"lazy\" data-src=\"https:\/\/static.eldiario.es\/clip\/b4abc1ab-2003-4bc0-b134-cfff90c0a544_16-9-aspect-ratio_default_0.jpg\" src=\"data:image\/svg+xml,%3Csvg xmlns=\" http:=\"\" viewbox=\"0 0 880 495\" alt=\"Nacho Abad justifica el despido de Marta Nebot de 'En boca de todos': &quot;No quiero compartir plat\u00f3 con alguien que se averg\u00fcenza de estar aqu\u00ed&quot;\"\/><\/p>\n<p>                        <\/a><\/p>\n<ul>\n<li>The Daily Show<\/li>\n<li>Jimmy Kimmel Live!<\/li>\n<li>The Late Show With Stephen Colbert <\/li>\n<li>Saturday Night Live<\/li>\n<\/ul>\n<p class=\"article-text\">\n        <strong>Programas de televisi\u00f3n<\/strong>\n    <\/p>\n<ul>\n<li>Dancing With The Stars <\/li>\n<li>RuPaul\u2019s Drag<\/li>\n<li>Survivor <\/li>\n<li>Top Chef<\/li>\n<li>The Traitors<\/li>\n<\/ul>\n","protected":false},"excerpt":{"rendered":"Los premios Emmy han anunciado este mi\u00e9rcoles 8 de julio su lista de nominados para la edici\u00f3n de&hellip;\n","protected":false},"author":2,"featured_media":648429,"comment_status":"","ping_status":"","sticky":false,"template":"","format":"standard","meta":{"footnotes":""},"categories":[5],"tags":[3076,17,18,15692,11071,38874,25,24,11481,13,14,11,19,20,9,28524,10,15,16,17607,59665,48732,805,5294,5785,23,3498,12,21,22],"class_list":["post-648428","post","type-post","status-publish","format-standard","has-post-thumbnail","category-titulares","tag-3076","tag-breaking-news","tag-breakingnews","tag-caballero","tag-desvelan","tag-emmy","tag-es","tag-espana","tag-favoritas","tag-featured-news","tag-featurednews","tag-headlines","tag-latest-news","tag-latestnews","tag-news","tag-nominadas","tag-noticias","tag-noticias-destacadas","tag-noticiasdestacadas","tag-pitt","tag-pluribus","tag-reinos","tag-series","tag-siete","tag-sorpresa","tag-spain","tag-the","tag-titulares","tag-ultimas-noticias","tag-ultimasnoticias"],"share_on_mastodon":{"url":"https:\/\/pubeurope.com\/@es\/116886393785670753","error":""},"_links":{"self":[{"href":"https:\/\/www.europesays.com\/es\/wp-json\/wp\/v2\/posts\/648428","targetHints":{"allow":["GET"]}}],"collection":[{"href":"https:\/\/www.europesays.com\/es\/wp-json\/wp\/v2\/posts"}],"about":[{"href":"https:\/\/www.europesays.com\/es\/wp-json\/wp\/v2\/types\/post"}],"author":[{"embeddable":true,"href":"https:\/\/www.europesays.com\/es\/wp-json\/wp\/v2\/users\/2"}],"replies":[{"embeddable":true,"href":"https:\/\/www.europesays.com\/es\/wp-json\/wp\/v2\/comments?post=648428"}],"version-history":[{"count":0,"href":"https:\/\/www.europesays.com\/es\/wp-json\/wp\/v2\/posts\/648428\/revisions"}],"wp:featuredmedia":[{"embeddable":true,"href":"https:\/\/www.europesays.com\/es\/wp-json\/wp\/v2\/media\/648429"}],"wp:attachment":[{"href":"https:\/\/www.europesays.com\/es\/wp-json\/wp\/v2\/media?parent=648428"}],"wp:term":[{"taxonomy":"category","embeddable":true,"href":"https:\/\/www.europesays.com\/es\/wp-json\/wp\/v2\/categories?post=648428"},{"taxonomy":"post_tag","embeddable":true,"href":"https:\/\/www.europesays.com\/es\/wp-json\/wp\/v2\/tags?post=648428"}],"curies":[{"name":"wp","href":"https:\/\/api.w.org\/{rel}","templated":true}]}}