{"id":648434,"date":"2026-07-08T21:11:13","date_gmt":"2026-07-08T21:11:13","guid":{"rendered":"https:\/\/www.europesays.com\/es\/648434\/"},"modified":"2026-07-08T21:11:13","modified_gmt":"2026-07-08T21:11:13","slug":"seis-amigos-de-medinaceli-se-lanzan-a-pedalear-por-los-pueblos-mas-bonitos-de-la-provincia-sorianoticias","status":"publish","type":"post","link":"https:\/\/www.europesays.com\/es\/648434\/","title":{"rendered":"Seis amigos de Medinaceli se lanzan a pedalear por los &#8216;Pueblos M\u00e1s Bonitos&#8217; de la provincia &#8211; SoriaNoticias"},"content":{"rendered":"<p class=\"prip\"><strong>Seis vecinos de Medinaceli<\/strong> se han embarcado en una aventura \u00fanica: la<strong> I Vuelta por los Pueblos M\u00e1s Bonitos de Espa\u00f1a<\/strong> de la provincia de Soria. Esta traves\u00eda ciclista tiene como objetivo completar un circuito que enlaza los <strong>seis municipios<\/strong> del territorio que cuentan con esta distinci\u00f3n de calidad patrimonial y paisaj\u00edstica.<\/p>\n<p>Por delante tienen<strong> cinco jornadas<\/strong> y cerca de <strong>370 kil\u00f3metros<\/strong> de pedaleo para enlazar Medinaceli, Monteagudo de las Vicar\u00edas, Yanguas, Vinuesa, El Burgo de Osma y Berlanga de Duero. El objetivo es regresar al punto de partida el pr\u00f3ximo domingo 12 de julio.<\/p>\n<p>La <strong>primera etapa<\/strong> ha partido esta misma ma\u00f1ana desde la <strong>Villa de Medinaceli<\/strong> con destino a <strong>Monteagudo de las Vicar\u00edas<\/strong>. A su llegada, los ciclistas han sido recibidos en la Plaza del Castillo por el alcalde y los vecinos de la localidad rayana, en un acto que busca simbolizar la uni\u00f3n y los lazos entre estos municipios.<\/p>\n<p>El calendario previsto continuar\u00e1 el <strong>jueves<\/strong> con la etapa hacia <strong>Yanguas<\/strong>, mientras que el <strong>viernes<\/strong> los ciclistas alcanzar\u00e1n <strong>Vinuesa<\/strong>, atravesando los paisajes del norte provincial. La jornada del <strong>s\u00e1bado<\/strong> unir\u00e1 la villa pinariega con <strong>Berlanga de Duero<\/strong>, realizando una parada previa en <strong>El Burgo de Osma<\/strong>, antes de encarar el tramo final de regreso a Medinaceli el domingo.<\/p>\n<p>M\u00e1s all\u00e1 del esfuerzo f\u00edsico, los seis amigos pretenden<strong> reivindicar el enorme patrimonio<\/strong> que atesora la provincia y <strong>dar visibilidad<\/strong> a estos seis municipios <strong>referentes del turismo rural de calidad en Castilla y Le\u00f3n<\/strong>. Cada una de las paradas, desde fortalezas medievales hasta villas serranas, representa una parte fundamental de la historia de Soria.<\/p>\n<p>Con esta iniciativa, se quiere demostrar que <strong>el deporte es una herramienta eficaz<\/strong> para promocionar el territorio, descubrir rincones emblem\u00e1ticos y reforzar los v\u00ednculos entre municipios que comparten una identidad rural. Durante los pr\u00f3ximos cinco d\u00edas, estos seis ciclistas demostrar\u00e1n que la belleza de Soria tambi\u00e9n se puede disfrutar plenamente sobre dos ruedas.<\/p>\n","protected":false},"excerpt":{"rendered":"Seis vecinos de Medinaceli se han embarcado en una aventura \u00fanica: la I Vuelta por los Pueblos M\u00e1s&hellip;\n","protected":false},"author":2,"featured_media":648435,"comment_status":"","ping_status":"","sticky":false,"template":"","format":"standard","meta":{"footnotes":""},"categories":[273],"tags":[19156,119156,2237,49393,119157,313,312,168,9740,25,24,1179,24349,119158,6436,8419,905,2236,246,23,167,27262,24393],"class_list":["post-648434","post","type-post","status-publish","format-standard","has-post-thumbnail","category-ciclismo","tag-amigos","tag-berlanda","tag-bici","tag-bonitos","tag-burgo-osma","tag-ciclismo","tag-cycling","tag-deportes","tag-duero","tag-es","tag-espana","tag-mas","tag-medinaceli","tag-monteagudo-vicarias","tag-provincia","tag-pueblos","tag-red","tag-ruta","tag-soria","tag-spain","tag-sports","tag-vinuesa","tag-yanguas"],"share_on_mastodon":{"url":"https:\/\/pubeurope.com\/@es\/116886417371375429","error":""},"_links":{"self":[{"href":"https:\/\/www.europesays.com\/es\/wp-json\/wp\/v2\/posts\/648434","targetHints":{"allow":["GET"]}}],"collection":[{"href":"https:\/\/www.europesays.com\/es\/wp-json\/wp\/v2\/posts"}],"about":[{"href":"https:\/\/www.europesays.com\/es\/wp-json\/wp\/v2\/types\/post"}],"author":[{"embeddable":true,"href":"https:\/\/www.europesays.com\/es\/wp-json\/wp\/v2\/users\/2"}],"replies":[{"embeddable":true,"href":"https:\/\/www.europesays.com\/es\/wp-json\/wp\/v2\/comments?post=648434"}],"version-history":[{"count":0,"href":"https:\/\/www.europesays.com\/es\/wp-json\/wp\/v2\/posts\/648434\/revisions"}],"wp:featuredmedia":[{"embeddable":true,"href":"https:\/\/www.europesays.com\/es\/wp-json\/wp\/v2\/media\/648435"}],"wp:attachment":[{"href":"https:\/\/www.europesays.com\/es\/wp-json\/wp\/v2\/media?parent=648434"}],"wp:term":[{"taxonomy":"category","embeddable":true,"href":"https:\/\/www.europesays.com\/es\/wp-json\/wp\/v2\/categories?post=648434"},{"taxonomy":"post_tag","embeddable":true,"href":"https:\/\/www.europesays.com\/es\/wp-json\/wp\/v2\/tags?post=648434"}],"curies":[{"name":"wp","href":"https:\/\/api.w.org\/{rel}","templated":true}]}}