{"id":648478,"date":"2026-07-08T21:45:18","date_gmt":"2026-07-08T21:45:18","guid":{"rendered":"https:\/\/www.europesays.com\/es\/648478\/"},"modified":"2026-07-08T21:45:18","modified_gmt":"2026-07-08T21:45:18","slug":"la-microbiota-intestinal-puede-predecir-el-riesgo-de-desarrollar-diabetes-tipo-2","status":"publish","type":"post","link":"https:\/\/www.europesays.com\/es\/648478\/","title":{"rendered":"La microbiota intestinal puede predecir el riesgo de desarrollar diabetes tipo 2"},"content":{"rendered":"<p>El n\u00famero de adultos con diabetes se ha duplicado con creces desde la d\u00e9cada de 1990. Actualmente, 800 millones de personas viven con esta enfermedad, y m\u00e1s del 90 % de los casos corresponden a diabetes tipo 2. Estudios sobre la microbiota intestinal humana, es decir, las bacterias y otros &#8230;            &#13;\n        <\/p>\n<p>El n\u00famero de adultos con diabetes se ha duplicado con creces desde la d\u00e9cada de 1990. Actualmente, 800 millones de personas viven con esta enfermedad, y m\u00e1s del 90 % de los casos corresponden a diabetes tipo 2. Estudios sobre la microbiota intestinal humana, es decir, las bacterias y otros microorganismos que habitan en el tracto intestinal han demostrado que ciertas alteraciones en la microbiota intestinal pueden observarse en personas con diabetes tipo 2.<\/p>\n<p>Ahora,\u00a0un amplio estudio sueco liderado por investigadores de la Universidad Tecnol\u00f3gica de Chalmers en Gotemburgo (Suecia) ha demostrado que\u00a0la presencia de ciertas bacterias en la microbiota intestinal y las fluctuaciones en el metabolismo de una persona pueden observarse en quienes desarrollan diabetes tipo 2.<\/p>\n<p>\u00abNuestro estudio logr\u00f3 demostrar cambios en la microbiota intestinal varios a\u00f1os antes de que se desarrollara la enfermedad. Esto podr\u00eda indicar que la composici\u00f3n del microbioma influye en el desarrollo de la diabetes, y no al rev\u00e9s\u00bb, seg\u00fan Ga\u00ebl Toubon, investigador postdoctoral en ciencia de los alimentos del Departamento de Ciencias de la Vida de Chalmers.<\/p>\n<p>El hallazgo podr\u00eda abrir el camino para identificar a las personas con riesgo de desarrollar diabetes tipo 2 en una etapa temprana, lo que permitir\u00e1 introducir medidas preventivas.<\/p>\n<p>El estudio se realiz\u00f3 con 4.685 adultos suecos, cuyos microbiomas se analizaron en muestras de heces. De todos los participantes, 383 desarrollaron diabetes tras un seguimiento promedio de cinco a\u00f1os, y se observaron denominadores comunes tempranos en su microbiota intestinal.<\/p>\n<p>\u00abObservamos nueve bacterias en el microbioma asociadas al riesgo de desarrollar la enfermedad. Un hallazgo muy interesante es que los h\u00e1bitos alimenticios de cada persona parecen influir, determinando si ciertas bacterias intestinales son beneficiosas o perjudiciales\u00bb, indic\u00f3 el prof. Toubon.<\/p>\n<p>Lo que sorprendi\u00f3 a los investigadores fue que quienes desarrollaron diabetes presentaban altos niveles de la bacteria\u00a0Akkermansia muciniphila\u00a0en su microbiota intestinal. Esta bacteria suele asociarse con beneficios para la salud.<\/p>\n<p>\u00abEn condiciones favorables, esta bacteria se alimenta de la fibra que obtenemos de nuestra dieta. Pero cuando nuestra ingesta de fibra es demasiado baja, comienza a degradar la capa protectora de moco del intestino. Esto puede provocar que otras bacterias entren en contacto con la mucosa intestinal, causando inflamaci\u00f3n y otras alteraciones metab\u00f3licas relacionadas con la resistencia a la insulina y la diabetes tipo 2\u00bb, indic\u00f3 el prof.Toubon.<\/p>\n<p>Un tipo de bacteria,\u00a0Coprococcus catus\u00a0, podr\u00eda estar relacionada con la diabetes cuando se encuentra presente en cantidades muy peque\u00f1as en la microbiota intestinal. Por encima de cierto nivel, no se observ\u00f3 este riesgo.<\/p>\n<p>\u00abLa investigaci\u00f3n sobre la microbiota intestinal ha avanzado enormemente en los \u00faltimos a\u00f1os, pero hasta ahora los nuevos conocimientos han tenido escaso impacto en la pr\u00e1ctica cl\u00ednica. En el futuro, estas bacterias podr\u00edan utilizarse como biomarcadores para identificar a las personas con riesgo de desarrollar diabetes tipo 2\u00bb, concluy\u00f3 el citado investigador.<\/p>\n","protected":false},"excerpt":{"rendered":"El n\u00famero de adultos con diabetes se ha duplicado con creces desde la d\u00e9cada de 1990. Actualmente, 800&hellip;\n","protected":false},"author":2,"featured_media":648479,"comment_status":"","ping_status":"","sticky":false,"template":"","format":"standard","meta":{"footnotes":""},"categories":[92],"tags":[3214,29148,8310,49024,7775,4807,25,24,10386,5687,3424,165,8833,30227,24704,2326,5545,3276,9760,789,7171,1288,166,23,6593,16377,1079,2606,3352],"class_list":["post-648478","post","type-post","status-publish","format-standard","has-post-thumbnail","category-salud","tag-alimentacion","tag-cada","tag-conjunto","tag-creciente","tag-desarrollar","tag-diabetes","tag-es","tag-espana","tag-estilo","tag-estudiar","tag-factores","tag-health","tag-importancia","tag-influir","tag-intestinal","tag-junto","tag-microbiota","tag-otros","tag-predecir","tag-puede","tag-pueden","tag-riesgo","tag-salud","tag-spain","tag-tipo","tag-todo","tag-vez","tag-vida","tag-ya"],"share_on_mastodon":{"url":"https:\/\/pubeurope.com\/@es\/116886551120936077","error":""},"_links":{"self":[{"href":"https:\/\/www.europesays.com\/es\/wp-json\/wp\/v2\/posts\/648478","targetHints":{"allow":["GET"]}}],"collection":[{"href":"https:\/\/www.europesays.com\/es\/wp-json\/wp\/v2\/posts"}],"about":[{"href":"https:\/\/www.europesays.com\/es\/wp-json\/wp\/v2\/types\/post"}],"author":[{"embeddable":true,"href":"https:\/\/www.europesays.com\/es\/wp-json\/wp\/v2\/users\/2"}],"replies":[{"embeddable":true,"href":"https:\/\/www.europesays.com\/es\/wp-json\/wp\/v2\/comments?post=648478"}],"version-history":[{"count":0,"href":"https:\/\/www.europesays.com\/es\/wp-json\/wp\/v2\/posts\/648478\/revisions"}],"wp:featuredmedia":[{"embeddable":true,"href":"https:\/\/www.europesays.com\/es\/wp-json\/wp\/v2\/media\/648479"}],"wp:attachment":[{"href":"https:\/\/www.europesays.com\/es\/wp-json\/wp\/v2\/media?parent=648478"}],"wp:term":[{"taxonomy":"category","embeddable":true,"href":"https:\/\/www.europesays.com\/es\/wp-json\/wp\/v2\/categories?post=648478"},{"taxonomy":"post_tag","embeddable":true,"href":"https:\/\/www.europesays.com\/es\/wp-json\/wp\/v2\/tags?post=648478"}],"curies":[{"name":"wp","href":"https:\/\/api.w.org\/{rel}","templated":true}]}}