{"id":64850,"date":"2025-08-22T14:44:10","date_gmt":"2025-08-22T14:44:10","guid":{"rendered":"https:\/\/www.europesays.com\/es\/64850\/"},"modified":"2025-08-22T14:44:10","modified_gmt":"2025-08-22T14:44:10","slug":"ni-blackpink-ni-babymonster-el-grupo-de-k-pop-del-momento-esta-a-punto-de-acabar-con-el-unico-merito-de-una-de-las-peores-peliculas-de-ryan-reynolds","status":"publish","type":"post","link":"https:\/\/www.europesays.com\/es\/64850\/","title":{"rendered":"Ni Blackpink ni BabyMonster, el grupo de K-Pop del momento est\u00e1 a punto de acabar con el \u00fanico m\u00e9rito de una de las peores pel\u00edculas de Ryan Reynolds"},"content":{"rendered":"<p class=\"\"><b>\u2018Alerta roja\u2019<\/b> es una producci\u00f3n propia y cuenta en su reparto con <b>Ryan Reynolds<\/b>, <b>Dwayne \u201cThe Rock\u201d Johnson<\/b> y <a href=\"https:\/\/as.com\/meristation\/cine\/gal-gadot-defiende-que-el-fracaso-de-blancanieves-tuvo-que-ver-con-motivos-politicos-asi-es-como-es-n\/\" target=\"_blank\" rel=\"nofollow noopener\" title=\"https:\/\/as.com\/meristation\/cine\/gal-gadot-defiende-que-el-fracaso-de-blancanieves-tuvo-que-ver-con-motivos-politicos-asi-es-como-es-n\/\">Gal Gadot<\/a>. Con esas credenciales, cab\u00eda esperar que se convirtiera en un \u00e9xito de cr\u00edtica y p\u00fablico, pero solo consigui\u00f3 lo primero, qued\u00e1ndose por ejemplo con <a href=\"https:\/\/www.rottentomatoes.com\/m\/red_notice\" target=\"_blank\" rel=\"nofollow noopener\" title=\"https:\/\/www.rottentomatoes.com\/m\/red_notice\">un mediocre 37%<\/a> en Rotten Tomatoes. \u00abComo entretenimiento sin sentido basado en chistes tontos, una trama pobre, efectos visuales y fachada, \u2018Alerta roja\u2019 es una distracci\u00f3n de 117 minutos, f\u00e1cil de olvidar en la mitad de ese tiempo\u00bb, dice una de las cr\u00edticas. Esta es la sensaci\u00f3n com\u00fan que deja esta pel\u00edcula, que a pesar de ello cuenta con <a href=\"https:\/\/as.com\/meristation\/noticias\/la-pelicula-mas-vista-de-la-historia-de-netflix-con-ryan-reinolds-dwayne-johson-y-gal-gadot-como-protagonistas-n\/\" target=\"_blank\" rel=\"nofollow noopener\" title=\"https:\/\/as.com\/meristation\/noticias\/la-pelicula-mas-vista-de-la-historia-de-netflix-con-ryan-reinolds-dwayne-johson-y-gal-gadot-como-protagonistas-n\/\">un importante logro<\/a>&#8230; que est\u00e1 a punto de perder. <\/p>\n<p class=\"\">Y es que efectivamente \u2018Alerta roja\u2019 s\u00ed fue un \u00e9xito entre los suscriptores <a href=\"https:\/\/as.com\/meristation\/series\/todos-los-estrenos-y-novedades-de-netflix-en-agosto-de-2025-n\/\" target=\"_blank\" rel=\"nofollow noopener\" title=\"https:\/\/as.com\/meristation\/series\/todos-los-estrenos-y-novedades-de-netflix-en-agosto-de-2025-n\/\">de Netflix<\/a>, siendo de hecho a\u00fan la pel\u00edcula m\u00e1s vista de la historia de la plataforma. Con 230,9 millones de visualizaciones y 454,2 millones de horas en sus primeros 3 meses, se coloca en la primera posici\u00f3n en ambas listas. Una primera posici\u00f3n que, eso s\u00ed, no va a tardar mucho en perder en beneficio del gran fen\u00f3meno de las \u00faltimas semanas. <\/p>\n<p class=\"\">Este no es sino <b>\u2018Las guerreras K-Pop\u2019<\/b>, que desde su estreno hace dos meses ha alcanzado las 210,5 millones de visualizaciones y 350,9 horas vistas. Los s\u00edntomas de fatiga tras su estreno el pasado mes de junio son inexistentes, con lo que no tardar\u00e1 en superar la mediocre pel\u00edcula de Reynolds, Johnson y Gadot. <\/p>\n<p>\u00bfDe qu\u00e9 va \u2018Las guerras K-Pop\u2019?<\/p>\n<p class=\"\">Ni que decir tiene que \u2018Las guerras K-Pop\u2019 tambi\u00e9n superan a \u2018Alerta roja\u2019 en su puntuaci\u00f3n en Rotten Tomatoes, y por mucho: <b>97%<\/b>. La cr\u00edtica ha ensalzado la pel\u00edcula por tener <b>\u201cenerg\u00eda contagiosa y colores vibrantes\u201d adem\u00e1s de, como no pod\u00eda ser de otro modo \u201cbanda sonora fabulosa\u201d<\/b>, en la que se incluyen canciones que se han hecho especialmente populares como \u2018Golden\u2019 o \u2018Soda Pop\u2019. <\/p>\n<p class=\"\">\u201cLas superestrellas del pop coreano Rumi, Mira y Zoey forman parte de la banda de K-pop HUNTR\/X de d\u00eda, pero tienen una identidad secreta como cazadoras de demonios por la noche\u201d, dice la sinopsis oficial de la pel\u00edcula. \u201cLas famosas cantantes siempre intentan proteger a la humanidad y en especial a sus fans de una oscura amenaza sobrenatural y sus demonios usurpadores de almas. La \u00faltima amenaza es una joven boyband rival llamada Saja Boys, formada por cinco emonios disfrazados con un motivo oculto\u201d. <\/p>\n<p><img decoding=\"async\" src=\"https:\/\/www.europesays.com\/es\/wp-content\/uploads\/2025\/08\/N5WU73V63JHJBBG7J5MFDZEO6M.jpg\" alt=\"Las guerreras KPop\" class=\"mm__img\"   width=\"1280\" height=\"720\" loading=\"lazy\"\/><\/p>\n<p>Ampliar<\/p>\n<p class=\"\">El \u00e9xito ha sido tal que evidentemente <b>ya se ha confirmado una secuela, la cual apunta a explorar los or\u00edgenes del grupo HUNTR\/X<\/b>. \u201c\u00bfQu\u00e9 tienen estas chicas que las atrajo a HUNTR\/X y las convirti\u00f3 en cazadoras de demonios? \u00bfCu\u00e1l es su historia de fondo? \u00bfC\u00f3mo las eligieron? \u00bfC\u00f3mo es ese viaje?\u201d, ha dicho recientemente el director de la pel\u00edcula, Chris Applehans. <\/p>\n<p>Noticias relacionadas<\/p>\n<p class=\"\">Suscr\u00edbete al <a href=\"https:\/\/www.youtube.com\/@meristation\" target=\"_self\" rel=\"nofollow noopener\" title=\"https:\/\/www.youtube.com\/@meristation\">canal de MeriStation en YouTube<\/a>, tu web de videojuegos y entretenimiento para conocer todas las noticias y novedades sobre el mundo del videojuego, cine, series, manga y anime. An\u00e1lisis, entrevistas, tr\u00e1ileres, gameplays, p\u00f3dcast y mucho m\u00e1s. Tambi\u00e9n te animamos a seguir <a href=\"https:\/\/www.tiktok.com\/@meristation\" rel=\"nofollow noopener\" title=\"https:\/\/www.tiktok.com\/@meristation\" target=\"_blank\">nuestra cuenta de TikTok<\/a>. <\/p>\n<p class=\"\">\u00a1S\u00edguenos en ambas y, si est\u00e1s interesado en licenciar este contenido, pincha <a href=\"https:\/\/profesional.elpais.com\/soluciones-sindicacion?utm_medium=interno&amp;utm_source=crosslinking&amp;utm_campaign=sindicacion_as_pie_articulos\" target=\"_blank\" rel=\"nofollow noopener\" title=\"https:\/\/profesional.elpais.com\/soluciones-sindicacion?utm_medium=interno&amp;utm_source=crosslinking&amp;utm_campaign=sindicacion_as_pie_articulos\">aqu\u00ed<\/a>!<\/p>\n<p><script async src=\"\/\/www.tiktok.com\/embed.js\"><\/script><\/p>\n","protected":false},"excerpt":{"rendered":"\u2018Alerta roja\u2019 es una producci\u00f3n propia y cuenta en su reparto con Ryan Reynolds, Dwayne \u201cThe Rock\u201d Johnson&hellip;\n","protected":false},"author":2,"featured_media":64851,"comment_status":"","ping_status":"","sticky":false,"template":"","format":"standard","meta":{"footnotes":""},"categories":[170],"tags":[146,147,25,24,184,185,23],"class_list":{"0":"post-64850","1":"post","2":"type-post","3":"status-publish","4":"format-standard","5":"has-post-thumbnail","7":"category-musica","8":"tag-entertainment","9":"tag-entretenimiento","10":"tag-es","11":"tag-espana","12":"tag-music","13":"tag-musica","14":"tag-spain"},"share_on_mastodon":{"url":"","error":""},"_links":{"self":[{"href":"https:\/\/www.europesays.com\/es\/wp-json\/wp\/v2\/posts\/64850","targetHints":{"allow":["GET"]}}],"collection":[{"href":"https:\/\/www.europesays.com\/es\/wp-json\/wp\/v2\/posts"}],"about":[{"href":"https:\/\/www.europesays.com\/es\/wp-json\/wp\/v2\/types\/post"}],"author":[{"embeddable":true,"href":"https:\/\/www.europesays.com\/es\/wp-json\/wp\/v2\/users\/2"}],"replies":[{"embeddable":true,"href":"https:\/\/www.europesays.com\/es\/wp-json\/wp\/v2\/comments?post=64850"}],"version-history":[{"count":0,"href":"https:\/\/www.europesays.com\/es\/wp-json\/wp\/v2\/posts\/64850\/revisions"}],"wp:featuredmedia":[{"embeddable":true,"href":"https:\/\/www.europesays.com\/es\/wp-json\/wp\/v2\/media\/64851"}],"wp:attachment":[{"href":"https:\/\/www.europesays.com\/es\/wp-json\/wp\/v2\/media?parent=64850"}],"wp:term":[{"taxonomy":"category","embeddable":true,"href":"https:\/\/www.europesays.com\/es\/wp-json\/wp\/v2\/categories?post=64850"},{"taxonomy":"post_tag","embeddable":true,"href":"https:\/\/www.europesays.com\/es\/wp-json\/wp\/v2\/tags?post=64850"}],"curies":[{"name":"wp","href":"https:\/\/api.w.org\/{rel}","templated":true}]}}