{"id":648604,"date":"2026-07-08T23:31:13","date_gmt":"2026-07-08T23:31:13","guid":{"rendered":"https:\/\/www.europesays.com\/es\/648604\/"},"modified":"2026-07-08T23:31:13","modified_gmt":"2026-07-08T23:31:13","slug":"nacho-arroyo-un-base-internacional-y-contrastado-en-primera-feb-para-el-caja-87","status":"publish","type":"post","link":"https:\/\/www.europesays.com\/es\/648604\/","title":{"rendered":"Nacho Arroyo, un base internacional y contrastado en Primera FEB para el Caja 87"},"content":{"rendered":"<p style=\"\">El Insolac Caja 87 est\u00e1 jugando sus bazas en el mercado para reclutar a jugadores con experiencia en la Primera FEB y armar la plantilla m\u00e1s competitiva posible para su debut en la categor\u00eda. A los fichajes contrastados de Unai Mendikote (alero) y Ram\u00f3n Vil\u00e0 ( &#8230; p\u00edvot), los dos anunciados hasta la fecha por el club verdirrojo, se unir\u00e1 tambi\u00e9n el del base <strong>Nacho Arroyo Varela<\/strong>, que tiene 26 a\u00f1os, mide 1,88 metros, es cupo de formaci\u00f3n y cuenta con una s\u00f3lida trayectoria en la segunda categor\u00eda.<\/p>\n<p class=\"v-d-p\" style=\"\"> Este chileno natural de Osorno es internacional absoluto por su pa\u00eds (nueve partidos de clasificaci\u00f3n para la Copa del Mundo ha jugado esta campa\u00f1a) y esta \u00faltima temporada milit\u00f3 en el <strong>Acunsa Gipukoa Basket<\/strong>, que se clasific\u00f3 para el play off de ascenso. En San Sebasti\u00e1n, el sudamericano promedi\u00f3 7 puntos, 2,2 rebotes y 3,5 asistencias en 23 minutos, en un global de 33 partidos, con un 35% en el tiro de campo, un 32% en el triple y un 78% en el tiro libre. Su mejor actuaci\u00f3n la rubric\u00f3 contra el Palencia: 22 puntos, 6 rebotes, 5 asistencias y 30 cr\u00e9ditos de valoraci\u00f3n. <\/p>\n<p class=\"v-d-p\" style=\"\"> La aventura espa\u00f1ola de Nacho Arroyo arranca en 2018, en la cantera del <strong>Movistar Estudiantes<\/strong>, club con el que llega a debutar en la ACB de manera testimonial y en el que permanece hasta la temporada 2021-22. Con los colegiales, en la otrora LEB Oro, juega esa campa\u00f1a 40 partidos con promedios de 5,8 puntos, 1,7 capturas y 2,1 asistencias. De la capital de Espa\u00f1a, finalizado su ciclo con los colegiales, da el salto a <strong>Menorca<\/strong> y se prueba en la LEB Plata, elevando sus cotas de rendimiento hasta las 10,6 puntos, 2,2 rebotes y 2 asistencias en 32 encuentros con los baleares.<\/p>\n<p>\nUna temporada inolvidable\n<\/p>\n<p class=\"v-d-p\" style=\"\">Una buena temporada que le permiti\u00f3 volver a la Primera FEB, donde ha competido ya sin soluci\u00f3n de continuidad los tres \u00faltimos ejercicios. Su regreso a la categor\u00eda result\u00f3 un \u00e9xito absoluto porque<strong>\u00a0<\/strong>junto a Rafa Villar pilot\u00f3 en la cancha al<strong> Lleida<\/strong>, que ganar\u00eda la Final Four por el ascenso contra todo pron\u00f3stico (venciendo al Estudiantes en la final) y se har\u00eda con el billete a la ACB. Arroy\u00f3 acredit\u00f3 7 puntos, 2,3 rebotes y 3 asistencias con s\u00f3lidos porcentajes: 35% en el triple y 82% desde el 4,60. Su siguiente reto lo llev\u00f3 hasta <strong>Santiago de Compostela<\/strong>, donde gan\u00f3 la Copa de Espa\u00f1a, en otro proyecto puntero y obligado al ascenso. Una tarjeta de 5,5 puntos, 1,4 capturas y 2 asistencias dej\u00f3 el chileno en su paso por Fontes do Sar.<\/p>\n<p class=\"v-d-p\" style=\"\"> Fue la pen\u00faltima etapa de una carrera que luego sigui\u00f3 en San Sebasti\u00e1n y ahora continuar\u00e1 en Sevilla, donde ejercer\u00e1 posiblemente un rol protagonista en la direcci\u00f3n de juego del <strong>Caja 87<\/strong>. Est\u00e1 apostando la entidad hispalense en su planificaci\u00f3n por profesionales conocedores de la categor\u00eda que han ofrecido un buen rendimiento en los \u00faltimos tiempos. De ese bloque que est\u00e1 armando el club sevillano con protagonismo nacional forman parte ya oficialmente Moody (plaza extracomunitaria), Cecilia, Dedovic, Mendikote y Ram\u00f3n Vil\u00e0.<\/p>\n","protected":false},"excerpt":{"rendered":"El Insolac Caja 87 est\u00e1 jugando sus bazas en el mercado para reclutar a jugadores con experiencia en&hellip;\n","protected":false},"author":2,"featured_media":648605,"comment_status":"","ping_status":"","sticky":false,"template":"","format":"standard","meta":{"footnotes":""},"categories":[269],"tags":[40765,299,5715,298,8221,117325,168,25,24,2612,61,3300,1078,23,167],"class_list":["post-648604","post","type-post","status-publish","format-standard","has-post-thumbnail","category-baloncesto","tag-arroyo","tag-baloncesto","tag-base","tag-basketball","tag-caja","tag-contrastado","tag-deportes","tag-es","tag-espana","tag-feb","tag-internacional","tag-nacho","tag-primera","tag-spain","tag-sports"],"share_on_mastodon":{"url":"https:\/\/pubeurope.com\/@es\/116886967906834740","error":""},"_links":{"self":[{"href":"https:\/\/www.europesays.com\/es\/wp-json\/wp\/v2\/posts\/648604","targetHints":{"allow":["GET"]}}],"collection":[{"href":"https:\/\/www.europesays.com\/es\/wp-json\/wp\/v2\/posts"}],"about":[{"href":"https:\/\/www.europesays.com\/es\/wp-json\/wp\/v2\/types\/post"}],"author":[{"embeddable":true,"href":"https:\/\/www.europesays.com\/es\/wp-json\/wp\/v2\/users\/2"}],"replies":[{"embeddable":true,"href":"https:\/\/www.europesays.com\/es\/wp-json\/wp\/v2\/comments?post=648604"}],"version-history":[{"count":0,"href":"https:\/\/www.europesays.com\/es\/wp-json\/wp\/v2\/posts\/648604\/revisions"}],"wp:featuredmedia":[{"embeddable":true,"href":"https:\/\/www.europesays.com\/es\/wp-json\/wp\/v2\/media\/648605"}],"wp:attachment":[{"href":"https:\/\/www.europesays.com\/es\/wp-json\/wp\/v2\/media?parent=648604"}],"wp:term":[{"taxonomy":"category","embeddable":true,"href":"https:\/\/www.europesays.com\/es\/wp-json\/wp\/v2\/categories?post=648604"},{"taxonomy":"post_tag","embeddable":true,"href":"https:\/\/www.europesays.com\/es\/wp-json\/wp\/v2\/tags?post=648604"}],"curies":[{"name":"wp","href":"https:\/\/api.w.org\/{rel}","templated":true}]}}