{"id":648608,"date":"2026-07-08T23:33:21","date_gmt":"2026-07-08T23:33:21","guid":{"rendered":"https:\/\/www.europesays.com\/es\/648608\/"},"modified":"2026-07-08T23:33:21","modified_gmt":"2026-07-08T23:33:21","slug":"amaia-montero-amplia-la-familia-2","status":"publish","type":"post","link":"https:\/\/www.europesays.com\/es\/648608\/","title":{"rendered":"Amaia Montero ampl\u00eda la familia"},"content":{"rendered":"<p style=\"\">La cantante Amaia Montero sorprende a sus seguidores con una gran noticia personal. La irundarra ha utilizado sus plataformas digitales para dar la bienvenida oficial  &#8230; a su nuevo compa\u00f1ero de vida. A trav\u00e9s de un breve v\u00eddeo ha presentado a su cachorro.<\/p>\n<p><img decoding=\"async\" loading=\"lazy\" src=\"https:\/\/www.europesays.com\/es\/wp-content\/uploads\/2026\/07\/cachorro-amaia-kYyB-U30711921278sd-650x455@El Correo.jpg\" class=\"v-a-img\" width=\"680\" height=\"478\" alt=\"\" data-voc-vtm-id=\"in-text-traffic\"\/><\/p>\n<p class=\"v-d-p\" style=\"\">Esta bonita revelaci\u00f3n llega justo en un momento de gran exposici\u00f3n medi\u00e1tica para la cantante. En el v\u00eddeo el perro aparece divirti\u00e9ndose alegremente con un rollo de papel sobre el suelo. El cachorro destaca por su pelo rizado canela y manchas blancas en el ocico.<\/p>\n<p class=\"v-d-p\" style=\"\">Por el momento, Amaia solo ha decidido compartir las im\u00e1genes acompa\u00f1adas de la frase \u00abnuevo miembro de la familia\u00bb, sin desvelar a\u00fan el nombre de la mascota.<\/p>\n<p class=\"v-d-p\" style=\"\">El gran momento personal de la int\u00e9rprete coincide con el \u00e9xito de su actual trayectoria musical. Tras superar las dudas iniciales, el grupo se prepara para actuar este viernes en el Gij\u00f3n Life. Despu\u00e9s se tomar\u00e1n un descanso antes de sus conciertos m\u00e1s esperados en el Illunbe Donostia Arena de San Sebastian los d\u00edas 31 de julio y 1 de agosto.<\/p>\n","protected":false},"excerpt":{"rendered":"La cantante Amaia Montero sorprende a sus seguidores con una gran noticia personal. La irundarra ha utilizado sus&hellip;\n","protected":false},"author":2,"featured_media":648609,"comment_status":"","ping_status":"","sticky":false,"template":"","format":"standard","meta":{"footnotes":""},"categories":[174],"tags":[19674,19363,4187,255,146,147,25,24,367,256,2466,2311,2312,23],"class_list":["post-648608","post","type-post","status-publish","format-standard","has-post-thumbnail","category-famosos","tag-amaia","tag-amplia","tag-anuncia","tag-celebrities","tag-entertainment","tag-entretenimiento","tag-es","tag-espana","tag-familia","tag-famosos","tag-montero","tag-redes","tag-sociales","tag-spain"],"share_on_mastodon":{"url":"https:\/\/pubeurope.com\/@es\/116886976662295365","error":""},"_links":{"self":[{"href":"https:\/\/www.europesays.com\/es\/wp-json\/wp\/v2\/posts\/648608","targetHints":{"allow":["GET"]}}],"collection":[{"href":"https:\/\/www.europesays.com\/es\/wp-json\/wp\/v2\/posts"}],"about":[{"href":"https:\/\/www.europesays.com\/es\/wp-json\/wp\/v2\/types\/post"}],"author":[{"embeddable":true,"href":"https:\/\/www.europesays.com\/es\/wp-json\/wp\/v2\/users\/2"}],"replies":[{"embeddable":true,"href":"https:\/\/www.europesays.com\/es\/wp-json\/wp\/v2\/comments?post=648608"}],"version-history":[{"count":0,"href":"https:\/\/www.europesays.com\/es\/wp-json\/wp\/v2\/posts\/648608\/revisions"}],"wp:featuredmedia":[{"embeddable":true,"href":"https:\/\/www.europesays.com\/es\/wp-json\/wp\/v2\/media\/648609"}],"wp:attachment":[{"href":"https:\/\/www.europesays.com\/es\/wp-json\/wp\/v2\/media?parent=648608"}],"wp:term":[{"taxonomy":"category","embeddable":true,"href":"https:\/\/www.europesays.com\/es\/wp-json\/wp\/v2\/categories?post=648608"},{"taxonomy":"post_tag","embeddable":true,"href":"https:\/\/www.europesays.com\/es\/wp-json\/wp\/v2\/tags?post=648608"}],"curies":[{"name":"wp","href":"https:\/\/api.w.org\/{rel}","templated":true}]}}