{"id":648696,"date":"2026-07-09T00:44:15","date_gmt":"2026-07-09T00:44:15","guid":{"rendered":"https:\/\/www.europesays.com\/es\/648696\/"},"modified":"2026-07-09T00:44:15","modified_gmt":"2026-07-09T00:44:15","slug":"aldama-se-despide-de-los-grizzlies-gracias-por-creer-en-mi-y-ayudarme-a-cumplir-el-sueno-de-mi-vida","status":"publish","type":"post","link":"https:\/\/www.europesays.com\/es\/648696\/","title":{"rendered":"Aldama se despide de los Grizzlies: \u00abGracias por creer en m\u00ed y ayudarme a cumplir el sue\u00f1o de mi vida\u00bb"},"content":{"rendered":"<p><img decoding=\"async\" class=\"v-ath__i\" loading=\"lazy\" src=\"https:\/\/www.europesays.com\/es\/wp-content\/uploads\/2026\/07\/1783340895_332_autor-3403-foto-1.jpeg\" alt=\"\u00d3liver Su\u00e1rez Armas\"\/><\/p>\n<p>08\/07\/2026<\/p>\n<p>Actualizado a las 22:38h.<\/p>\n<p class=\"v-d-p\" style=\"\">Tras <strong>cinco campa\u00f1as en los Memphis Grizzlies<\/strong>, el ala-p\u00edvot internacional grancanario <a href=\"https:\/\/www.canarias7.es\/deportes\/baloncesto\/santi-aldama-maletas-rumbo-dallas-tras-cinco-20260702094744-nt.html\" data-voc-vtm-id=\"in-text-traffic\" data-mrf-link=\"www.canarias7.es\" rel=\"nofollow noopener\" target=\"_blank\">Santi Aldama<\/a> jugar\u00e1 en los Dallas Mavericks a partir de la temporada 2026-2027 tras el acuerdo entre ambas franquicias.<\/p>\n<p class=\"v-d-p\" style=\"\">El jugador isle\u00f1o, de 25 a\u00f1os y 2,13 metros de altura, <strong>promedi\u00f3 14 puntos, 6,7 rebotes, 2,9 asistencias y 15,7 cr\u00e9ditos de valoraci\u00f3n<\/strong> en los 28 minutos que disput\u00f3 de media en 43 encuentros de la fase regular de la NBA en la \u00faltima campa\u00f1a de unos Grizzlies que este mi\u00e9rcoles quisieron despedirlo en la red social &#8216;X&#8217; con un mensaje conciso. \u00abGracias Santi Aldama por cinco grandes a\u00f1os\u00bb, indic\u00f3.<\/p>\n<p class=\"v-d-p\" style=\"\">Por su parte, Aldama escribi\u00f3 en su cuenta de Instagram que \u00ab<strong>Memphis, estoy inmensamente agradecido <\/strong>por estos \u00faltimos cinco a\u00f1os\u00bb.<\/p>\n<p class=\"v-d-p\" style=\"\">\u00abA la organizaci\u00f3n, gracias por creer en m\u00ed y ayudarme a cumplir el sue\u00f1o de mi vida. A mis compa\u00f1eros, gracias por todo lo que aprendimos juntos y por todos los grandes recuerdos que creamos. <strong>A los aficionados, gracias por su apoyo incondicional en las buenas y en las malas<\/strong>. Y a la ciudad, gracias por hacerme sentir como en casa desde el primer d\u00eda\u00bb, a\u00f1adi\u00f3.<\/p>\n<p><img decoding=\"async\" loading=\"lazy\" src=\"https:\/\/www.europesays.com\/es\/wp-content\/uploads\/2026\/07\/aldamahoy-k2TH--680x476@Canarias7.jpg\" class=\"v-a-img\" width=\"680\" height=\"478\" alt=\"\" data-voc-vtm-id=\"in-text-traffic\"\/><\/p>\n<p class=\"v-d-p\" style=\"\">Aldama ahond\u00f3 en que \u00aben Memphis no solo me convert\u00ed en jugador profesional de baloncesto, <strong>sino tambi\u00e9n en padre. Siempre ser\u00e1 nuestro hogar<\/strong>\u00ab. <\/p>\n<p class=\"v-d-p\" style=\"\">\u00abSiempre estar\u00e9 agradecido de que mi trayectoria comenzara aqu\u00ed. Gracias, Memphis\u00bb, finaliz\u00f3.<\/p>\n","protected":false},"excerpt":{"rendered":"08\/07\/2026 Actualizado a las 22:38h. Tras cinco campa\u00f1as en los Memphis Grizzlies, el ala-p\u00edvot internacional grancanario Santi Aldama&hellip;\n","protected":false},"author":2,"featured_media":648697,"comment_status":"","ping_status":"","sticky":false,"template":"","format":"standard","meta":{"footnotes":""},"categories":[269],"tags":[15778,119191,299,298,21027,5878,168,6193,25,24,2837,58883,23,167,3466,2606],"class_list":["post-648696","post","type-post","status-publish","format-standard","has-post-thumbnail","category-baloncesto","tag-aldama","tag-ayudarme","tag-baloncesto","tag-basketball","tag-creer","tag-cumplir","tag-deportes","tag-despide","tag-es","tag-espana","tag-gracias","tag-grizzlies","tag-spain","tag-sports","tag-sueno","tag-vida"],"share_on_mastodon":{"url":"https:\/\/pubeurope.com\/@es\/116887255681017134","error":""},"_links":{"self":[{"href":"https:\/\/www.europesays.com\/es\/wp-json\/wp\/v2\/posts\/648696","targetHints":{"allow":["GET"]}}],"collection":[{"href":"https:\/\/www.europesays.com\/es\/wp-json\/wp\/v2\/posts"}],"about":[{"href":"https:\/\/www.europesays.com\/es\/wp-json\/wp\/v2\/types\/post"}],"author":[{"embeddable":true,"href":"https:\/\/www.europesays.com\/es\/wp-json\/wp\/v2\/users\/2"}],"replies":[{"embeddable":true,"href":"https:\/\/www.europesays.com\/es\/wp-json\/wp\/v2\/comments?post=648696"}],"version-history":[{"count":0,"href":"https:\/\/www.europesays.com\/es\/wp-json\/wp\/v2\/posts\/648696\/revisions"}],"wp:featuredmedia":[{"embeddable":true,"href":"https:\/\/www.europesays.com\/es\/wp-json\/wp\/v2\/media\/648697"}],"wp:attachment":[{"href":"https:\/\/www.europesays.com\/es\/wp-json\/wp\/v2\/media?parent=648696"}],"wp:term":[{"taxonomy":"category","embeddable":true,"href":"https:\/\/www.europesays.com\/es\/wp-json\/wp\/v2\/categories?post=648696"},{"taxonomy":"post_tag","embeddable":true,"href":"https:\/\/www.europesays.com\/es\/wp-json\/wp\/v2\/tags?post=648696"}],"curies":[{"name":"wp","href":"https:\/\/api.w.org\/{rel}","templated":true}]}}