{"id":648879,"date":"2026-07-09T03:38:18","date_gmt":"2026-07-09T03:38:18","guid":{"rendered":"https:\/\/www.europesays.com\/es\/648879\/"},"modified":"2026-07-09T03:38:18","modified_gmt":"2026-07-09T03:38:18","slug":"rtve-presenta-lo-nuevo-de-the-floor-con-chenoa-y-sorprende-con-una-edicion-all-stars-con-32-concursantes-famosos","status":"publish","type":"post","link":"https:\/\/www.europesays.com\/es\/648879\/","title":{"rendered":"RTVE presenta lo nuevo de &#8216;The Floor&#8217; con Chenoa y sorprende con una edici\u00f3n &#8216;All Stars&#8217; con 32 concursantes famosos"},"content":{"rendered":"<p class=\"article-text\">\n        <strong>RTVE <\/strong>y <strong>Stratos Studios <\/strong>presentan la nueva temporada de <strong>The Floor<\/strong>, <strong>el quiz show de Chenoa<\/strong>, que contar\u00e1 con varias <strong>novedades <\/strong>que har\u00e1n sacar la parte m\u00e1s estrat\u00e9gica de los 100 concursantes de esta edici\u00f3n. Adem\u00e1s, hemos podido conocer el siguiente paso del concurso en La 1: <strong>una edici\u00f3n especial con 32 famosos<\/strong>.\n    <\/p>\n<p>    <a href=\"https:\/\/www.eldiario.es\/vertele\/noticias\/rtve-anuncia-renovacion-the-floor-da-continuidad-doblete-programas-chenoa-la-1_1_13196663.html\" data-mrf-recirculation=\"saber-mas\" data-dl-event=\"saber-mas\" rel=\"nofollow noopener\" target=\"_blank\"><\/p>\n<p class=\"know-more__title\">RTVE anuncia la renovaci\u00f3n de &#8216;The Floor&#8217; y da continuidad al &#8216;doblete&#8217; de programas de Chenoa en La 1<\/p>\n<p>            <img decoding=\"async\" class=\"lazy\" loading=\"lazy\" data-src=\"https:\/\/static.eldiario.es\/clip\/cb814239-e1a3-4058-9ff4-ec42c54cb184_16-9-aspect-ratio_default_0.jpg\" src=\"data:image\/svg+xml,%3Csvg xmlns=\" http:=\"\" viewbox=\"0 0 880 495\" alt=\"RTVE anuncia la renovaci\u00f3n de 'The Floor' y da continuidad al 'doblete' de programas de Chenoa en La 1\"\/><\/p>\n<p>                        <\/a><\/p>\n<p class=\"article-text\">\n        <a href=\"https:\/\/www.eldiario.es\/vertele\/\" target=\"_blank\" data-mrf-recirculation=\"links-noticia\" class=\"link\" rel=\"nofollow noopener\"><strong>verTele<\/strong><\/a><strong> <\/strong>ha asistido a la presentaci\u00f3n, realizada en el propio plat\u00f3 del programa, en la que <strong>Mar\u00eda Eizaguirre<\/strong>, directora de Comunicaci\u00f3n de RTVE, <strong>Ana Mar\u00eda Bordas<\/strong>, directora de Producci\u00f3n de Contenidos de RTVE, <strong>Bruno Pena<\/strong>, director de Producci\u00f3n de Stratos, <strong>David Gallart<\/strong>, productor ejecutivo de Stratos y la popia <strong>Chenoa<\/strong>, nos han avanzado algunas de las novedades de esta nueva etapa, que regresar\u00e1 a nuestras pantallas <strong>despu\u00e9s de vacaciones<\/strong>.\n    <\/p>\n<p class=\"article-text\">\n        Otra novedad importante es la del <strong>cambio de productora<\/strong>: la gallega <strong>Stratos Studios <\/strong>sustituye a la hasta ahora a cargo de la producci\u00f3n, <strong>Satisfaction Iberia<\/strong>, responsable de <a href=\"https:\/\/www.eldiario.es\/vertele\/noticias\/rtve-cambia-estrategia-la-2-trivial-pursuit-cifras-y-letras-miercoles_1_13161679.html\" target=\"_blank\" data-mrf-recirculation=\"links-noticia\" class=\"link\" rel=\"nofollow noopener\">Trivial Pursuit<\/a>, recientemente renovado para una segunda temporada, o de la adaptaci\u00f3n portuguesa de <strong>The Floor<\/strong>, emitida en la <strong>RTP1<\/strong>. Stratos se convierte en la <strong>tercera productora <\/strong>en asumir el formato de Talpa Studios en Espa\u00f1a, siendo <strong>Mediacrest<\/strong> la encargada en la edici\u00f3n de Antena 3, y <strong>Satisfaction<\/strong> en las dos ediciones previas en La 1.\n    <\/p>\n<p>            <img decoding=\"async\" class=\"lazy\" loading=\"lazy\" data-src=\"https:\/\/static.eldiario.es\/clip\/45fef986-97dc-4369-b954-63613692dbad_16-9-discover-aspect-ratio_default_0.jpg\" src=\"data:image\/svg+xml,%3Csvg xmlns=\" http:=\"\" viewbox=\"0 0 1200 675\" alt=\"Presentaci\u00f3n de 'The Floor'\"\/><\/p>\n<p>    Las novedades de la tercera temporada de &#8216;The Floor&#8217;<\/p>\n<p class=\"article-text\">\n        Adem\u00e1s de las modificaciones introducidas en la segunda temporada como el <strong>Randomizer voluntario <\/strong>o el <strong>duelo final <\/strong>de cada programa (sin eliminaci\u00f3n pero con un suculento <strong>premio de 5.000\u20ac<\/strong> para el ganador), en esta ocasi\u00f3n contaremos con otro cambio que har\u00e1 a los concursantes sacar su lado m\u00e1s estrat\u00e9gico: cuando ganaban tres duelos consecutivos, se les recompensaba con 5 segundos extra en un duelo a su elecci\u00f3n, pero en esta nueva temporada, podr\u00e1n tambi\u00e9n <strong>intercambiar su categor\u00eda <\/strong>por la de cualquier otro rival.\n    <\/p>\n<p class=\"article-text\">\n        <strong>Chenoa<\/strong> nos cuenta que los concursantes, pese a venir muy preparados, <strong>no tienen garantizada su victoria <\/strong>en absoluto: \u201cCuando se suben aqui arriba se produce una hecatombe de colores que cada uno tiene que gestionar, sobre todo la parte m\u00e1s importante de The Floor, <strong>los nervios\u201d.<\/strong>\n    <\/p>\n<p class=\"article-text\">\n        Nervios es lo que no se puede permitir la mallorquina con una de las agendas m\u00e1s ce\u00f1idas que conocemos. \u201c<strong>Estoy trabajando much\u00edsimo<\/strong>, estoy haciendo muchas cosas a la vez. <strong>Todo a la vez<\/strong>. Pero este trabajo tambi\u00e9n es un poco as\u00ed. Es decir, te llega una oportunidad y aparecen todas. <strong>Tienes que apretar<\/strong>, tienes que tirar, y esa escuela s\u00ed la tengo. <strong>Soy muy disciplinada <\/strong>en lo que me gusta hacer, en lo que quiero hacer. Y la oportunidad me sigue pareciendo un regalo\u201d.\n    <\/p>\n<p class=\"article-text\">\n        Toda esa entrega, explic\u00f3, le viene de sus <strong>casi 10 a\u00f1os como bailarina de ballet<\/strong> durante su infancia, desde los 5 a los 14 a\u00f1os. \u201c<strong>De ah\u00ed viene esa disciplina<\/strong>\u201d.\n    <\/p>\n<p>            <img decoding=\"async\" class=\"lazy\" loading=\"lazy\" data-src=\"https:\/\/static.eldiario.es\/clip\/921b7ec4-17f1-48f9-9e65-9d0a05f476ac_16-9-discover-aspect-ratio_default_0.jpg\" src=\"data:image\/svg+xml,%3Csvg xmlns=\" http:=\"\" viewbox=\"0 0 1200 675\" alt=\"Presentaci\u00f3n de 'The Floor' con Chenoa\"\/><\/p>\n<p>    Una nueva edici\u00f3n con famosos y m\u00e1s curiosidades de &#8216;The Floor&#8217;<\/p>\n<p class=\"article-text\">\n        Otro de los titulares de la presentaci\u00f3n, seg\u00fan ha detallado David Gallart, es la <strong>edici\u00f3n especial protagonizada por 32 famosos, que destinar\u00e1n el premio a una entidad solidaria<\/strong> a su elecci\u00f3n. Tambi\u00e9n pudimos conocer el importe del premio, que ser\u00e1 de <strong>50.000 euros.<\/strong>\n    <\/p>\n<p class=\"article-text\">\n        Tras la presentaci\u00f3n ante la prensa, <strong>Bruno Pena<\/strong>, director de producci\u00f3n de The Floor T3 adem\u00e1s de uno de los fundadores de <strong>Stratos<\/strong>, ha detallado a <strong>verTele <\/strong>algunas de las novedades y curiosidades de lo pr\u00f3ximo del programa: !Si el nivel estaba bien arriba el a\u00f1o pasado, <strong>este a\u00f1o es espectacular<\/strong>\u201c, ha garantizado.\n    <\/p>\n<p class=\"article-text\">\n        Preguntado acerca de la complejidad t\u00e9cnica de un programa con tantos concursantes, que adem\u00e1s \u201ccuchichean\u201d entre duelo y duelo, <strong>especulando<\/strong> e, incluso, <strong>confabulando<\/strong>, Bruno Pena comenta:<strong> <\/strong>\u201cPasan mucho tiempo juntos. Hay que tenerlos aqu\u00ed desde el d\u00eda anterior, que hay que hacer las fotos porque salen en las pantallas las fotos de los duelos. <strong>Pasan todo el d\u00eda juntos estos cuatro d\u00edas<\/strong>, desde que se desayunan juntos en el hotel\u201d.\n    <\/p>\n<p class=\"article-text\">\n        \u201cFue muy dif\u00edcil conseguir 100 micr\u00f3fonos, ninguna empresa (de alquiler de equipo audiovisual) tiene 100 micr\u00f3fonos iguales. De hecho, <strong>somos de los pocos pa\u00edses del mundo que ponemos los cien micros<\/strong>. \u00bfPor qu\u00e9 los ponemos? Por las escuchas. De hecho, cuando veis los duelos, antes, salen como que est\u00e1n cuchicheando esas cosas y eso es lo que hace tambi\u00e9n dar un punto m\u00e1s al programa. [&#8230;] Normalmente lo que se hace es parar y se ponen micros, pero pierdes el calor del momento y es como un poco <strong>m\u00e1s artificial<\/strong>, \u00bfsabes?\u201d, agrega el productor.\n    <\/p>\n<p>    <a href=\"https:\/\/www.eldiario.es\/vertele\/noticias\/nacho-abad-justifica-despido-marta-nebot-en-boca-de-todos-no-quiero-compartir-plato-alguien-averguenza_1_13365457.html\" data-mrf-recirculation=\"saber-mas-abajo\" data-dl-event=\"saber-mas-abajo\" rel=\"nofollow noopener\" target=\"_blank\"><\/p>\n<p class=\"know-more__title\">Nacho Abad justifica el despido de Marta Nebot de &#8216;En boca de todos&#8217;: \u201cNo quiero compartir plat\u00f3 con alguien que se averg\u00fcenza de estar aqu\u00ed\u201d<\/p>\n<p>            <img decoding=\"async\" class=\"lazy\" loading=\"lazy\" data-src=\"https:\/\/static.eldiario.es\/clip\/b4abc1ab-2003-4bc0-b134-cfff90c0a544_16-9-aspect-ratio_default_0.jpg\" src=\"data:image\/svg+xml,%3Csvg xmlns=\" http:=\"\" viewbox=\"0 0 880 495\" alt=\"Nacho Abad justifica el despido de Marta Nebot de 'En boca de todos': &quot;No quiero compartir plat\u00f3 con alguien que se averg\u00fcenza de estar aqu\u00ed&quot;\"\/><\/p>\n<p>                        <\/a><\/p>\n<p class=\"article-text\">\n        En la pasada edici\u00f3n ya pudimos ver alguna <strong>cara conocida <\/strong>en redes sociales entre los concursantes como <strong>Bronte<\/strong> (@brontesbien) o <strong>Abi Power <\/strong>(@abipower, una de las primeras youtubers en Espa\u00f1a) como nos ha confirmado que en esta tercera temporada \u201c<strong>va a haber alguna sorpresa por medio con el cast<\/strong>\u201d.\n    <\/p>\n","protected":false},"excerpt":{"rendered":"RTVE y Stratos Studios presentan la nueva temporada de The Floor, el quiz show de Chenoa, que contar\u00e1&hellip;\n","protected":false},"author":2,"featured_media":648880,"comment_status":"","ping_status":"","sticky":false,"template":"","format":"standard","meta":{"footnotes":""},"categories":[91],"tags":[12721,11286,17945,567,2197,146,147,25,24,256,22300,524,2782,518,6924,23,11287,3498],"class_list":["post-648879","post","type-post","status-publish","format-standard","has-post-thumbnail","category-entretenimiento","tag-12721","tag-all","tag-chenoa","tag-concursantes","tag-edicion","tag-entertainment","tag-entretenimiento","tag-es","tag-espana","tag-famosos","tag-floor","tag-nuevo","tag-presenta","tag-rtve","tag-sorprende","tag-spain","tag-stars","tag-the"],"share_on_mastodon":{"url":"https:\/\/pubeurope.com\/@es\/116887939073142768","error":""},"_links":{"self":[{"href":"https:\/\/www.europesays.com\/es\/wp-json\/wp\/v2\/posts\/648879","targetHints":{"allow":["GET"]}}],"collection":[{"href":"https:\/\/www.europesays.com\/es\/wp-json\/wp\/v2\/posts"}],"about":[{"href":"https:\/\/www.europesays.com\/es\/wp-json\/wp\/v2\/types\/post"}],"author":[{"embeddable":true,"href":"https:\/\/www.europesays.com\/es\/wp-json\/wp\/v2\/users\/2"}],"replies":[{"embeddable":true,"href":"https:\/\/www.europesays.com\/es\/wp-json\/wp\/v2\/comments?post=648879"}],"version-history":[{"count":0,"href":"https:\/\/www.europesays.com\/es\/wp-json\/wp\/v2\/posts\/648879\/revisions"}],"wp:featuredmedia":[{"embeddable":true,"href":"https:\/\/www.europesays.com\/es\/wp-json\/wp\/v2\/media\/648880"}],"wp:attachment":[{"href":"https:\/\/www.europesays.com\/es\/wp-json\/wp\/v2\/media?parent=648879"}],"wp:term":[{"taxonomy":"category","embeddable":true,"href":"https:\/\/www.europesays.com\/es\/wp-json\/wp\/v2\/categories?post=648879"},{"taxonomy":"post_tag","embeddable":true,"href":"https:\/\/www.europesays.com\/es\/wp-json\/wp\/v2\/tags?post=648879"}],"curies":[{"name":"wp","href":"https:\/\/api.w.org\/{rel}","templated":true}]}}