{"id":648916,"date":"2026-07-09T04:15:23","date_gmt":"2026-07-09T04:15:23","guid":{"rendered":"https:\/\/www.europesays.com\/es\/648916\/"},"modified":"2026-07-09T04:15:23","modified_gmt":"2026-07-09T04:15:23","slug":"aseguran-la-presencia-del-barca-en-la-lista-de-la-proxima-champions-pese-al-caso-negreira","status":"publish","type":"post","link":"https:\/\/www.europesays.com\/es\/648916\/","title":{"rendered":"Aseguran la presencia del Bar\u00e7a en la lista de la pr\u00f3xima Champions pese al &#8216;caso Negreira&#8217;"},"content":{"rendered":"<p class=\"ft-text\"><strong>La UEFA ha publicado la relaci\u00f3n provisional de clubes clasificados para disputar la Champions League 2026-27 y en ella figura el FC Barcelona<\/strong>. La aparici\u00f3n del conjunto blaugrana en ese listado llega en un momento en el que el &#8216;caso Negreira&#8217; contin\u00faa <strong>pendiente de resoluci\u00f3n judicial<\/strong> y despu\u00e9s de que <a class=\"ft-link ft-link--decoration\" href=\"https:\/\/www.sport.es\/es\/noticias\/real-madrid\/real-madrid-presenta-uefa-dossier-131146374\" rel=\"nofollow noopener\" target=\"_blank\">el Real Madrid trasladara al organismo europeo diversa documentaci\u00f3n<\/a> solicitando que estudiara una posible exclusi\u00f3n del club catal\u00e1n de las competiciones continentales.<\/p>\n<p class=\"ft-text\">La publicaci\u00f3n de esta lista ha reabierto el debate sobre la situaci\u00f3n del Bar\u00e7a de cara a la pr\u00f3xima edici\u00f3n del torneo y <strong>ha provocado una potente afirmaci\u00f3n de Miguel Gal\u00e1n<\/strong>. <\/p>\n<p><img decoding=\"async\" src=\"https:\/\/www.europesays.com\/es\/wp-content\/uploads\/2026\/07\/95953118-0d18-420c-a318-5173f70ea6d7_alta-libre-aspect-ratio_default_0.jpg\" width=\"1200\" height=\"800\" alt=\"Laporta y Ceferin, en el palco\" class=\"ft-helper-img-rd\" loading=\"lazy\" fetchpriority=\"auto\"\/><\/p>\n<p class=\"ft-helper-fontColor-quaternary ft-helper-fontSize-body-S ft-helper-spacer-t-xxs\">Laporta y Ceferin, en el palco  \/ Valent\u00ed Enrich<\/p>\n<p>\u00abLa denuncia del Madrid no sirve para nada\u00bb<\/p>\n<p class=\"ft-text\"><strong>El presidente del CENAFE<\/strong> ha asegurado que la inclusi\u00f3n del FC Barcelona en esa relaci\u00f3n de equipos demuestra, seg\u00fan su criterio, que <strong>el conjunto blaugrana no puede ser excluido de la m\u00e1xima competici\u00f3n continental mientras el denominado &#8216;caso Negreira&#8217; contin\u00fae pendiente de resoluci\u00f3n en los tribunales espa\u00f1oles<\/strong>.<\/p>\n<p class=\"ft-text\">A trav\u00e9s de su cuenta en X, Gal\u00e1n ha afirmado que \u00ab<strong>la UEFA acaba de confirmar que el Bar\u00e7a estar\u00e1 en la pr\u00f3xima Champions League y no ser\u00e1 sancionado por el llamado &#8216;caso Negreira<\/strong>&#8216;\u00bb, interpretando que la presencia del club en la relaci\u00f3n de participantes \u00ab<strong>desmonta cualquier intento de excluir al club por v\u00eda administrativa mientras exista un proceso penal abierto en Espa\u00f1a<\/strong>\u00ab.<\/p>\n<p class=\"ft-text\">El presidente del CENAFE tambi\u00e9n sostiene que la denuncia y la documentaci\u00f3n remitidas por el Real Madrid a la UEFA \u00ab<strong>no sirven para nada<\/strong>\u00ab, ya que, seg\u00fan su interpretaci\u00f3n, la competencia para depurar posibles responsabilidades penales corresponde exclusivamente a la jurisdicci\u00f3n espa\u00f1ola. Asimismo, ha a\u00f1adido que los hechos investigados \u00ab<strong>estar\u00edan prescritos conforme al ordenamiento jur\u00eddico espa\u00f1ol<\/strong>\u00ab.<\/p>\n<p class=\"ft-text\">En ese sentido, Gal\u00e1n considera que la UEFA se limita a aplicar el principio de presunci\u00f3n de inocencia y esperar\u00e1 a una eventual resoluci\u00f3n judicial firme antes de adoptar cualquier medida disciplinaria contra el FC Barcelona. Por ello, ha concluido que \u00ab<strong>la realidad jur\u00eddica es clara<\/strong>\u00bb y que el Bar\u00e7a disputar\u00e1 la Champions League 2026-27, adem\u00e1s de sostener que el club blaugrana \u00ab<strong>no ha cometido ning\u00fan delito de corrupci\u00f3n deportiva<\/strong>\u00ab.<\/p>\n<p>La UEFA recuerda que la lista es provisional<\/p>\n<p class=\"ft-text\">No obstante, la publicaci\u00f3n realizada por la UEFA insiste en que no supone una decisi\u00f3n definitiva sobre la participaci\u00f3n de los clubes. El propio organismo europeo especifica que la relaci\u00f3n difundida <strong>es provisional<\/strong>, ya que se basa \u00fanicamente en los resultados deportivos obtenidos durante la temporada y <strong>no tiene en cuenta posibles procedimientos disciplinarios, de licencia u otros procedimientos legales que puedan encontrarse actualmente en curso<\/strong>.<\/p>\n<p class=\"ft-text\">Por tanto, aunque el FC Barcelona figure actualmente entre los participantes de la pr\u00f3xima Champions League, <strong>la propia UEFA deja claro que esa lista no constituye una resoluci\u00f3n sobre eventuales expedientes abiertos ni limita las actuaciones que pudieran derivarse de futuros procedimientos<\/strong>.<\/p>\n","protected":false},"excerpt":{"rendered":"La UEFA ha publicado la relaci\u00f3n provisional de clubes clasificados para disputar la Champions League 2026-27 y en&hellip;\n","protected":false},"author":2,"featured_media":648917,"comment_status":"","ping_status":"","sticky":false,"template":"","format":"standard","meta":{"footnotes":""},"categories":[268],"tags":[11127,2296,40675,168,25,24,280,282,12182,2682,3850,281,23,167],"class_list":["post-648916","post","type-post","status-publish","format-standard","has-post-thumbnail","category-futbol","tag-aseguran","tag-barca","tag-caso-negreira","tag-deportes","tag-es","tag-espana","tag-football","tag-futbol","tag-lista","tag-presencia","tag-proxima","tag-soccer","tag-spain","tag-sports"],"share_on_mastodon":{"url":"https:\/\/pubeurope.com\/@es\/116888084797389489","error":""},"_links":{"self":[{"href":"https:\/\/www.europesays.com\/es\/wp-json\/wp\/v2\/posts\/648916","targetHints":{"allow":["GET"]}}],"collection":[{"href":"https:\/\/www.europesays.com\/es\/wp-json\/wp\/v2\/posts"}],"about":[{"href":"https:\/\/www.europesays.com\/es\/wp-json\/wp\/v2\/types\/post"}],"author":[{"embeddable":true,"href":"https:\/\/www.europesays.com\/es\/wp-json\/wp\/v2\/users\/2"}],"replies":[{"embeddable":true,"href":"https:\/\/www.europesays.com\/es\/wp-json\/wp\/v2\/comments?post=648916"}],"version-history":[{"count":0,"href":"https:\/\/www.europesays.com\/es\/wp-json\/wp\/v2\/posts\/648916\/revisions"}],"wp:featuredmedia":[{"embeddable":true,"href":"https:\/\/www.europesays.com\/es\/wp-json\/wp\/v2\/media\/648917"}],"wp:attachment":[{"href":"https:\/\/www.europesays.com\/es\/wp-json\/wp\/v2\/media?parent=648916"}],"wp:term":[{"taxonomy":"category","embeddable":true,"href":"https:\/\/www.europesays.com\/es\/wp-json\/wp\/v2\/categories?post=648916"},{"taxonomy":"post_tag","embeddable":true,"href":"https:\/\/www.europesays.com\/es\/wp-json\/wp\/v2\/tags?post=648916"}],"curies":[{"name":"wp","href":"https:\/\/api.w.org\/{rel}","templated":true}]}}