{"id":649000,"date":"2026-07-09T05:47:17","date_gmt":"2026-07-09T05:47:17","guid":{"rendered":"https:\/\/www.europesays.com\/es\/649000\/"},"modified":"2026-07-09T05:47:17","modified_gmt":"2026-07-09T05:47:17","slug":"mingueza-escoge-la-premier-league","status":"publish","type":"post","link":"https:\/\/www.europesays.com\/es\/649000\/","title":{"rendered":"Mingueza escoge la Premier League"},"content":{"rendered":"<p class=\"ft-text\"><strong>\u00d3scar Mingueza<\/strong> estaba llamado a ser uno de los grandes protagonistas del mercado despu\u00e9s de vivir en <strong>Vigo <\/strong>una etapa de crecimiento evidente. El defensa catal\u00e1n, formado en La Masia y <a class=\"ft-link ft-link--decoration\" href=\"https:\/\/www.sport.es\/es\/noticias\/barca\/barca-resigna-mingueza-celta-renovacion-juventus-130560170\" target=\"_blank\" rel=\"nofollow noopener\">con pasado en el primer equipo del Bar\u00e7a<\/a>, encontr\u00f3 en el <strong>Celta<\/strong> el escenario perfecto para tener continuidad y mostrarse semana tras semana al mundo.<\/p>\n<p class=\"ft-text\">En <strong>Bala\u00eddos<\/strong>, <strong>Mingueza<\/strong> dej\u00f3 de ser \u00fanicamente aquel futbolista polivalente que pod\u00eda apagar fuegos en varias posiciones para convertirse en una pieza reconocible, fiable y con influencia en el juego. Su rendimiento fue creciendo temporada tras temporada hasta alcanzar un pico que incluso le abri\u00f3 la puerta de la selecci\u00f3n espa\u00f1ola, confirmando que su evoluci\u00f3n no hab\u00eda pasado desapercibida.<\/p>\n<p><img decoding=\"async\" src=\"https:\/\/www.europesays.com\/es\/wp-content\/uploads\/2026\/07\/a815a7a9-1acf-44fc-961a-aad3345ccddf_alta-libre-aspect-ratio_default_0_x600y225.jpg\" width=\"1200\" height=\"675\" alt=\"Mingueza dejar\u00e1 el Celta con destino incierto\" class=\"ft-helper-img-rd\" loading=\"lazy\" fetchpriority=\"auto\"\/><\/p>\n<p class=\"ft-helper-fontColor-quaternary ft-helper-fontSize-body-S ft-helper-spacer-t-xxs\">Mingueza dejar\u00e1 el Celta para irse al Crystal Palace  \/ EFE<\/p>\n<p class=\"ft-text\">Aunque esta campa\u00f1a ha rendido un poco por debajo del grand\u00edsimo nivel que llam\u00f3 la atenci\u00f3n de Luis de la Fuente, Mingueza, con <strong>Claudio Gir\u00e1ldez<\/strong>, ha demostrado ser un grand\u00edsimo jugador. Cuando se supo que no iba a renovar, estaba claro que varios clubes europeos ir\u00edan tras \u00e9l.<\/p>\n<p>Pr\u00f3xima parada: Londres<\/p>\n<p class=\"ft-text\">Sin embargo, lo que sorprende es la agilidad con la que ha cerrado su pr\u00f3ximo destino. Seg\u00fan Fabrizio Romano, <strong>el Crystal Palace se har\u00e1 con los servicios del defensa espa\u00f1ol en una operaci\u00f3n discreta, r\u00e1pida<\/strong> y muy similar, por la forma, a la que llev\u00f3 a Anthony Gordon al Bar\u00e7a. De golpe y porrazo, el extremo ingl\u00e9s estaba volando a Barcelona para sellarlo todo.<\/p>\n<p class=\"ft-text\">En el caso de Mingueza, salvo giro inesperado, pondr\u00e1 rumbo a la Premier League sin haber protagonizado un culebr\u00f3n en verano. <strong>El Crystal Palace ha sabido moverse con sigilo para adelantarse al resto<\/strong> y, en cuesti\u00f3n de 48 horas, hacerse con un futbolista que llega en plena madurez competitiva, con experiencia en LaLiga, pasado azulgrana y el aval de haber alcanzado en el Celta el punto m\u00e1s alto de su carrera.<\/p>\n<p class=\"ft-text\">Su llegada coincide con un momento clave para el club &#8216;eagle&#8217;. Despu\u00e9s de hacer historia con <strong>Oliver Glasner<\/strong>, conquistando, entre otros t\u00edtulos, la Conference League ante el Rayo Vallecano, <strong>Pierre Sage <\/strong>asume el banquillo con ilusi\u00f3n.<\/p>\n","protected":false},"excerpt":{"rendered":"\u00d3scar Mingueza estaba llamado a ser uno de los grandes protagonistas del mercado despu\u00e9s de vivir en Vigo&hellip;\n","protected":false},"author":2,"featured_media":649001,"comment_status":"","ping_status":"","sticky":false,"template":"","format":"standard","meta":{"footnotes":""},"categories":[268],"tags":[1727,168,25,62237,24,280,282,1211,79826,90197,17656,281,23,167],"class_list":["post-649000","post","type-post","status-publish","format-standard","has-post-thumbnail","category-futbol","tag-celta-de-vigo","tag-deportes","tag-es","tag-escoge","tag-espana","tag-football","tag-futbol","tag-league","tag-mingueza","tag-oscar-mingueza","tag-premier","tag-soccer","tag-spain","tag-sports"],"share_on_mastodon":{"url":"https:\/\/pubeurope.com\/@es\/116888447115757150","error":""},"_links":{"self":[{"href":"https:\/\/www.europesays.com\/es\/wp-json\/wp\/v2\/posts\/649000","targetHints":{"allow":["GET"]}}],"collection":[{"href":"https:\/\/www.europesays.com\/es\/wp-json\/wp\/v2\/posts"}],"about":[{"href":"https:\/\/www.europesays.com\/es\/wp-json\/wp\/v2\/types\/post"}],"author":[{"embeddable":true,"href":"https:\/\/www.europesays.com\/es\/wp-json\/wp\/v2\/users\/2"}],"replies":[{"embeddable":true,"href":"https:\/\/www.europesays.com\/es\/wp-json\/wp\/v2\/comments?post=649000"}],"version-history":[{"count":0,"href":"https:\/\/www.europesays.com\/es\/wp-json\/wp\/v2\/posts\/649000\/revisions"}],"wp:featuredmedia":[{"embeddable":true,"href":"https:\/\/www.europesays.com\/es\/wp-json\/wp\/v2\/media\/649001"}],"wp:attachment":[{"href":"https:\/\/www.europesays.com\/es\/wp-json\/wp\/v2\/media?parent=649000"}],"wp:term":[{"taxonomy":"category","embeddable":true,"href":"https:\/\/www.europesays.com\/es\/wp-json\/wp\/v2\/categories?post=649000"},{"taxonomy":"post_tag","embeddable":true,"href":"https:\/\/www.europesays.com\/es\/wp-json\/wp\/v2\/tags?post=649000"}],"curies":[{"name":"wp","href":"https:\/\/api.w.org\/{rel}","templated":true}]}}