{"id":649146,"date":"2026-07-09T08:10:24","date_gmt":"2026-07-09T08:10:24","guid":{"rendered":"https:\/\/www.europesays.com\/es\/649146\/"},"modified":"2026-07-09T08:10:24","modified_gmt":"2026-07-09T08:10:24","slug":"una-nueva-escultura-de-maria-pita-en-a-coruna-el-museo-militar-encarga-un-proyecto-para-definir-su-diseno","status":"publish","type":"post","link":"https:\/\/www.europesays.com\/es\/649146\/","title":{"rendered":"Una nueva escultura de Mar\u00eda Pita en A Coru\u00f1a: el Museo Militar encarga un proyecto para definir su dise\u00f1o"},"content":{"rendered":"<p class=\"ft-text\"><strong>Mar\u00eda Pita multiplica su leyenda en A Coru\u00f1a<\/strong>. A la conocida <a class=\"ft-link ft-link--decoration\" href=\"https:\/\/www.laopinioncoruna.es\/coruna\/2009\/05\/22\/escultura-pudo-artistas-25323001.html\" rel=\"nofollow noopener\" target=\"_blank\">escultura de la plaza que lleva su nombre se unir\u00e1 otra<\/a>, esta vez en <strong>el interior del Museo Hist\u00f3rico Militar de A Coru\u00f1a<\/strong>, donde el Ministerio de Defensa acaba de <strong>sacar a licitaci\u00f3n el contrato para definir c\u00f3mo ser\u00e1 una nueva pieza escult\u00f3rica<\/strong> dedicada a la hero\u00edna de la ciudad. La actuaci\u00f3n formar\u00e1 parte de <strong>una renovaci\u00f3n m\u00e1s amplia de la Sala Mar\u00eda Pita, <\/strong>que tambi\u00e9n incluir\u00e1 una recreaci\u00f3n museogr\u00e1fica de la <strong>Batalla de A Coru\u00f1a de 1589, que repeli\u00f3 la agresi\u00f3n inglesa.<\/strong><\/p>\n<p class=\"ft-text\">La hero\u00edna coru\u00f1esa ya cuenta con dos representaciones en la ciudad. <a class=\"ft-link ft-link--decoration\" href=\"https:\/\/www.laopinioncoruna.es\/coruna\/2026\/05\/15\/jose-castineiras-escultor-maria-pita-surfistas-130219198.html\" rel=\"nofollow noopener\" target=\"_blank\">La m\u00e1s conocida, de Jos\u00e9 Casti\u00f1eiras, preside la plaza de Mar\u00eda Pita desde 1998<\/a>, pero no es la \u00fanica. <a class=\"ft-link ft-link--decoration\" href=\"https:\/\/museobelasartescoruna.xunta.gal\/es\/coleccion\/obras\/maria-pita?utm_source=chatgpt.com\" target=\"_blank\" rel=\"nofollow noopener\"><strong>El Museo de Belas Artes da Coru\u00f1a conserva tambi\u00e9n un peque\u00f1o modelo en barro realizado hacia 1889 por Isidoro Brocos<\/strong><\/a><strong>.<\/strong> Aunque la licitaci\u00f3n de Defensa no supone todav\u00eda la fabricaci\u00f3n de la escultura, s\u00ed constituye el primer paso para hacerla realidad.<strong> El museo busca un equipo especializado<\/strong> que \u00abdise\u00f1e toda la propuesta t\u00e9cnica, art\u00edstica e hist\u00f3rica\u00bb de la futura obra, analice su viabilidad y establezca las condiciones para poder ejecutarla posteriormente.<\/p>\n<p><img decoding=\"async\" src=\"https:\/\/www.europesays.com\/es\/wp-content\/uploads\/2026\/07\/b4941e39-1d15-461b-9ad2-b2f777595329_alta-libre-aspect-ratio_default_0_x1000y445.jpg\" width=\"1200\" height=\"801\" alt=\"Jos\u00e9 Casti\u00f1eiras posa con las maquetas de la escultura de Mar\u00eda Pita\" class=\"ft-helper-img-rd\" loading=\"lazy\" fetchpriority=\"auto\"\/><\/p>\n<p class=\"ft-helper-fontColor-quaternary ft-helper-fontSize-body-S ft-helper-spacer-t-xxs\">Jos\u00e9 Casti\u00f1eiras posa con las maquetas de la escultura de Mar\u00eda Pita  \/ Casteleiro<\/p>\n<p class=\"ft-text\">La intenci\u00f3n es que la escultura represente uno de los episodios m\u00e1s conocidos de la historia de la ciudad. Conforme el pliegue de las bases del concurso se interpretar\u00e1 \u00abla gesta heroica de Mar\u00eda Pita saeteando al alf\u00e9rez ingl\u00e9s al pie de las murallas derruidas\u00bb. Seg\u00fan la tradici\u00f3n, tras aquel gesto pronunci\u00f3 la c\u00e9lebre frase<strong> \u00abQuien tenga honra, que me siga\u00bb<\/strong>, un episodio que el museo pretende convertir en <strong>una de las piezas centrales de su recorrido expositivo.<\/strong><\/p>\n<p class=\"ft-text\">No se trata \u00fanicamente de encargar una obra art\u00edstica. <strong>El contrato exige desarrollar un estudio muy completo <\/strong>que permita comprobar que la futura escultura podr\u00e1 integrarse en el museo desde todos los puntos de vista:<strong> hist\u00f3rico, museogr\u00e1fico, t\u00e9cnico, estructural y de conservaci\u00f3n.<\/strong><\/p>\n<p class=\"ft-text\">El objetivo consiste en que la escultura no sea \u00fanicamente un elemento decorativo, sino un <strong>recurso capaz de reforzar el discurso hist\u00f3rico del museo<\/strong> y ayudar a comprender mejor la defensa de la <strong>ciudad frente al ataque ingl\u00e9s<\/strong>. El requisito principal que expone el proyecto es la \u00abcoherencia de la escultura con el relato institucional, hist\u00f3rico o museogr\u00e1fico del centro\u00bb. El trabajo tambi\u00e9n incluir\u00e1 una <strong>estimaci\u00f3n econ\u00f3mica de la futura fabricaci\u00f3n<\/strong>, un cronograma orientativo para su ejecuci\u00f3n y un an\u00e1lisis de riesgos relacionados con el transporte, la instalaci\u00f3n y la conservaci\u00f3n.<\/p>\n<p><img decoding=\"async\" src=\"https:\/\/www.europesays.com\/es\/wp-content\/uploads\/2026\/07\/b32f9425-c07f-4a6a-bee9-6d5b4430a427_alta-libre-aspect-ratio_default_0_x463y212.png\" width=\"1200\" height=\"825\" alt=\"La figura que representa a Mar\u00eda Pita en el Museo de Belas Artes\" class=\"ft-helper-img-rd\" loading=\"lazy\" fetchpriority=\"auto\"\/><\/p>\n<p class=\"ft-helper-fontColor-quaternary ft-helper-fontSize-body-S ft-helper-spacer-t-xxs\">La figura que representa a Mar\u00eda Pita en el Museo de Belas Artes  \/ LOC<\/p>\n<p class=\"ft-text\">La licitaci\u00f3n, tramitada como contrato menor,<strong> cuenta con un presupuesto base de 12.355 euros<\/strong> y un plazo m\u00e1ximo de cuatro meses \u2014<strong>o \u00abhasta el 15 de octubre\u00bb, si esa fecha llega antes<\/strong>\u2014 para entregar toda la documentaci\u00f3n.<\/p>\n<p>Un proyecto mucho m\u00e1s amplio<\/p>\n<p class=\"ft-text\">La nueva escultura constituye \u00fanicamente una parte del plan dise\u00f1ado por el <strong>Museo Hist\u00f3rico Militar para renovar el espacio dedicado a Mar\u00eda Pita<\/strong>. En paralelo, el Ministerio de Defensa ha licitado la <strong>creaci\u00f3n de un nuevo proyecto expositivo sobre <\/strong><a class=\"ft-link ft-link--decoration\" href=\"https:\/\/www.laopinioncoruna.es\/coruna\/2024\/08\/17\/batalla-naval-coruna-viaje-1589-107073049.html\" rel=\"nofollow noopener\" target=\"_blank\">la Batalla de A Coru\u00f1a de 1589<\/a>, con el objetivo de ofrecer al visitante una reconstrucci\u00f3n mucho m\u00e1s completa del episodio hist\u00f3rico.<\/p>\n<p class=\"ft-text\">Este segundo contrato contempla que \u00abdeber\u00e1 primar la investigaci\u00f3n hist\u00f3rica, el dise\u00f1o, la creaci\u00f3n art\u00edstica, la museograf\u00eda y el trabajo intelectual sobre la construcci\u00f3n de los propios recursos museol\u00f3gicos\u00bb y se deber\u00e1 llevar a cabo la producci\u00f3n e instalaci\u00f3n<strong> de dos grandes maquetas<\/strong>, <strong>dos dioramas a tama\u00f1o natural <\/strong>y un <strong>conjunto de paneles explicativos<\/strong> que recrear\u00e1n el ataque de la flota inglesa y la defensa de la ciudad.<\/p>\n<p><img decoding=\"async\" src=\"https:\/\/www.europesays.com\/es\/wp-content\/uploads\/2026\/07\/b3856fd7-ad3a-4706-b708-3d68704643c6_alta-libre-aspect-ratio_default_0_x334y142.png\" width=\"1200\" height=\"766\" alt=\"Imagen que aporta el Ministerio de Defensa sobre los modelos Ideales de dioramas\" class=\"ft-helper-img-rd\" loading=\"lazy\" fetchpriority=\"auto\"\/><\/p>\n<p class=\"ft-helper-fontColor-quaternary ft-helper-fontSize-body-S ft-helper-spacer-t-xxs\">Imagen que aporta el Ministerio de Defensa sobre los modelos Ideales de dioramas  \/ LOC<\/p>\n<p class=\"ft-text\">Las maquetas representar\u00e1n las fortificaciones, el puerto y el entorno urbano de finales del siglo XVI, mientras que los dioramas mostrar\u00e1n, mediante maniqu\u00edes caracterizados con vestimenta de \u00e9poca, a Mar\u00eda Pita y a Francis Drake. El museo<strong> tambi\u00e9n plantea utilizar t\u00e9cnicas actuales de \u00abimpresi\u00f3n 3D con apoyo de la IA \u00ab<\/strong>para fabricar edificios, embarcaciones, fortificaciones, artiller\u00eda y figuras, combin\u00e1ndolas con modelado tradicional y pintura art\u00edstica para lograr un acabado museogr\u00e1fico profesional.<\/p>\n<p class=\"ft-text\">Toda la exposici\u00f3n buscar\u00e1 trasladar al visitante al<strong> contexto de 1589 mediante una puesta en escena<\/strong> que permita comprender c\u00f3mo se desarroll\u00f3 el ataque ingl\u00e9s y cu\u00e1l fue el papel desempe\u00f1ado por los habitantes de la ciudad.<\/p>\n<p class=\"ft-text\">Con ambos contratos, el <strong>Museo Hist\u00f3rico Militar pretende reforzar el protagonismo de Mar\u00eda Pita dentro de su recorrido permanente<\/strong> y ofrecer una visi\u00f3n m\u00e1s completa de uno de los episodios que marcaron la historia de A Coru\u00f1a. Si el proyecto culmina como est\u00e1 previsto, la ciudad contar\u00e1 con una nueva representaci\u00f3n de su hero\u00edna, esta vez concebida para explicar, desde el interior del museo, <strong>el momento que convirti\u00f3 su nombre en uno de los grandes s\u00edmbolos de la historia coru\u00f1esa.<\/strong><\/p>\n","protected":false},"excerpt":{"rendered":"Mar\u00eda Pita multiplica su leyenda en A Coru\u00f1a. A la conocida escultura de la plaza que lleva su&hellip;\n","protected":false},"author":2,"featured_media":649147,"comment_status":"","ping_status":"","sticky":false,"template":"","format":"standard","meta":{"footnotes":""},"categories":[173],"tags":[229,233,231,230,7879,232,234,146,147,25,1246,24,448,1932,119252,6363,2585,470,795,49306,23],"class_list":["post-649146","post","type-post","status-publish","format-standard","has-post-thumbnail","category-arte-y-diseno","tag-arte","tag-arte-y-diseno","tag-arts","tag-arts-and-design","tag-coruna","tag-design","tag-diseno","tag-entertainment","tag-entretenimiento","tag-es","tag-escultura","tag-espana","tag-historia","tag-maria","tag-maria-pita","tag-militar","tag-ministerio-de-defensa","tag-museo","tag-nueva","tag-pita","tag-spain"],"share_on_mastodon":{"url":"https:\/\/pubeurope.com\/@es\/116889009724243794","error":""},"_links":{"self":[{"href":"https:\/\/www.europesays.com\/es\/wp-json\/wp\/v2\/posts\/649146","targetHints":{"allow":["GET"]}}],"collection":[{"href":"https:\/\/www.europesays.com\/es\/wp-json\/wp\/v2\/posts"}],"about":[{"href":"https:\/\/www.europesays.com\/es\/wp-json\/wp\/v2\/types\/post"}],"author":[{"embeddable":true,"href":"https:\/\/www.europesays.com\/es\/wp-json\/wp\/v2\/users\/2"}],"replies":[{"embeddable":true,"href":"https:\/\/www.europesays.com\/es\/wp-json\/wp\/v2\/comments?post=649146"}],"version-history":[{"count":0,"href":"https:\/\/www.europesays.com\/es\/wp-json\/wp\/v2\/posts\/649146\/revisions"}],"wp:featuredmedia":[{"embeddable":true,"href":"https:\/\/www.europesays.com\/es\/wp-json\/wp\/v2\/media\/649147"}],"wp:attachment":[{"href":"https:\/\/www.europesays.com\/es\/wp-json\/wp\/v2\/media?parent=649146"}],"wp:term":[{"taxonomy":"category","embeddable":true,"href":"https:\/\/www.europesays.com\/es\/wp-json\/wp\/v2\/categories?post=649146"},{"taxonomy":"post_tag","embeddable":true,"href":"https:\/\/www.europesays.com\/es\/wp-json\/wp\/v2\/tags?post=649146"}],"curies":[{"name":"wp","href":"https:\/\/api.w.org\/{rel}","templated":true}]}}