{"id":649191,"date":"2026-07-09T08:43:10","date_gmt":"2026-07-09T08:43:10","guid":{"rendered":"https:\/\/www.europesays.com\/es\/649191\/"},"modified":"2026-07-09T08:43:10","modified_gmt":"2026-07-09T08:43:10","slug":"digi-spain-fija-en-56-euros-por-accion-el-precio-de-su-oferta-publica-inicial-radio-intereconomia","status":"publish","type":"post","link":"https:\/\/www.europesays.com\/es\/649191\/","title":{"rendered":"Digi Spain fija en 5,6 euros por acci\u00f3n el precio de su oferta p\u00fablica inicial &#8211; Radio Intereconom\u00eda"},"content":{"rendered":"<p class=\"wp-block-paragraph\"><a href=\"https:\/\/www.digimobil.es\/\" data-type=\"link\" data-id=\"https:\/\/www.digimobil.es\/\" target=\"_blank\" rel=\"noreferrer noopener nofollow\">Digi Spain Telecom<\/a>, filial espa\u00f1ola del grupo de <a href=\"https:\/\/intereconomia.com\/tag\/telecomunicaciones\/\" data-type=\"post_tag\" data-id=\"1537\" target=\"_blank\" rel=\"noreferrer noopener nofollow\">telecomunicaciones <\/a>europeo Digi, ha anunciado un precio de 5,6 euros por acci\u00f3n para su oferta p\u00fablica de venta (OPV), un importe que implica, tras la ampliaci\u00f3n de capital, una capitalizaci\u00f3n burs\u00e1til de unos 1.662 millones de euros.<\/p>\n<p class=\"wp-block-paragraph\">La oferta estar\u00e1 compuesta por aproximadamente 150 millones de euros en acciones nuevas (tramo primario) y unos 137 millones m\u00e1s en acciones ya existentes (tramo secundario), lo que supone un total de 287 millones, sin incluir la opci\u00f3n de sobreadjudicaci\u00f3n del 15 %, seg\u00fan ha se\u00f1alado este jueves en un comunicado.<\/p>\n<p class=\"wp-block-paragraph\">Digi Spain ha recibido un compromiso vinculante de Global Portfolio Investments para una inversi\u00f3n de 100 millones de euros en la oferta.<\/p>\n<p class=\"wp-block-paragraph\">La\u00a0operaci\u00f3n est\u00e1 pendiente de que la Comisi\u00f3n Nacional del Mercado de Valores (CNMV) apruebe del folleto correspondiente de la oferta y la admisi\u00f3n, que e incluir\u00e1 todos los detalles y el calendario previsto.<\/p>\n<p><strong>En qu\u00e9 consistir\u00e1 la oferta<\/strong><\/p>\n<p class=\"wp-block-paragraph\">Tal y como se anunci\u00f3 el pasado 29 de junio, la oferta consistir\u00e1 en un tramo primario de acciones de nueva emisi\u00f3n por un importe total de aproximadamente 150 millones de euros, de los que unos 134 millones de ingresos netos se destinar\u00e1n principalmente a financiar en parte las iniciativas de crecimiento de la sociedad.<\/p>\n<p class=\"wp-block-paragraph\">Entre ellas, se incluyen posibles inversiones estrat\u00e9gicas y de capital, como la ampliaci\u00f3n de la Smart Footprint con nuevos despliegues de redes de fibra hasta el hogar (FTTH) y el despliegue de su red m\u00f3vil, tanto mediante compartici\u00f3n de red (RAN sharing) como con red m\u00f3vil propia, manteniendo un nivel de endeudamiento prudente.<\/p>\n<p class=\"wp-block-paragraph\">Adem\u00e1s, la oferta incluir\u00e1 una venta de acciones ya existentes (tramo secundario) por aproximadamente 137 millones de euros por parte de Digi Romania, accionista \u00fanico de la sociedad.<\/p>\n<p class=\"wp-block-paragraph\">La oferta incluir\u00e1 asimismo una opci\u00f3n de sobreadjudicaci\u00f3n habitual del tramo secundario equivalente al 15 % del tama\u00f1o base de la operaci\u00f3n. Una vez completada la oferta, incluido el eventual ejercicio de dicha opci\u00f3n de sobreadjudicaci\u00f3n, Digi Romania mantendr\u00e1 una participaci\u00f3n de, al menos, aproximadamente el 80 % en la sociedad.<\/p>\n<p><strong>Digi Romania conceder\u00e1 esta opci\u00f3n de sobreadjudicaci\u00f3n a Barclays Bank Ireland<\/strong><\/p>\n<p class=\"wp-block-paragraph\">En este sentido, Digi Romania conceder\u00e1 esta opci\u00f3n de sobreadjudicaci\u00f3n a Barclays Bank Ireland, en su condici\u00f3n de entidad estabilizadora, en nombre de las entidades aseguradoras, para adquirir hasta 7.695.000 acciones adicionales dentro de los 30 d\u00edas naturales siguientes al inicio de la negociaci\u00f3n de las acciones en las bolsas espa\u00f1olas.<\/p>\n<p class=\"wp-block-paragraph\">Digi Spain, el accionista vendedor y determinados miembros de la alta direcci\u00f3n de la sociedad se comprometer\u00e1n a determinados acuerdos de permanencia (lock-up) con las entidades aseguradoras durante un periodo que va desde la fecha de firma del contrato de aseguramiento hasta 180 d\u00edas naturales desde la admisi\u00f3n -en el caso de la compa\u00f1\u00eda y Digi Romania- y 360 d\u00edas -para la alta direcci\u00f3n-.<\/p>\n<p class=\"wp-block-paragraph\">Barclays Bank Ireland, UBS Europe y Banco Santander act\u00faan como entidades coordinadoras globales; BNP PARIBAS y Citigroup como entidades colocadoras s\u00e9nior, y BBVA, CaixaBank e ING como entidades\u00a0co-colocadoras.<\/p>\n<p class=\"wp-block-paragraph\">El grupo de telecomunicaciones rumano est\u00e1 presente en el mercado espa\u00f1ol desde 2008, en el que ofrece servicios de telefon\u00eda e internet fijo y m\u00f3vil, as\u00ed como de televisi\u00f3n.\u00a0Adem\u00e1s de en Espa\u00f1a, Digi Communications est\u00e1 presente en Portugal, Italia, B\u00e9lgica y el Reino Unido.\u00a0<\/p>\n","protected":false},"excerpt":{"rendered":"Digi Spain Telecom, filial espa\u00f1ola del grupo de telecomunicaciones europeo Digi, ha anunciado un precio de 5,6 euros&hellip;\n","protected":false},"author":2,"featured_media":649192,"comment_status":"","ping_status":"","sticky":false,"template":"","format":"standard","meta":{"footnotes":""},"categories":[80],"tags":[112,82,7899,34205,95,94,25,24,23,6538],"class_list":["post-649191","post","type-post","status-publish","format-standard","has-post-thumbnail","category-economia","tag-acciones","tag-business","tag-cnmv","tag-digi","tag-economia","tag-economy","tag-es","tag-espana","tag-spain","tag-telecomunicaciones"],"share_on_mastodon":{"url":"https:\/\/pubeurope.com\/@es\/116889138598584449","error":""},"_links":{"self":[{"href":"https:\/\/www.europesays.com\/es\/wp-json\/wp\/v2\/posts\/649191","targetHints":{"allow":["GET"]}}],"collection":[{"href":"https:\/\/www.europesays.com\/es\/wp-json\/wp\/v2\/posts"}],"about":[{"href":"https:\/\/www.europesays.com\/es\/wp-json\/wp\/v2\/types\/post"}],"author":[{"embeddable":true,"href":"https:\/\/www.europesays.com\/es\/wp-json\/wp\/v2\/users\/2"}],"replies":[{"embeddable":true,"href":"https:\/\/www.europesays.com\/es\/wp-json\/wp\/v2\/comments?post=649191"}],"version-history":[{"count":0,"href":"https:\/\/www.europesays.com\/es\/wp-json\/wp\/v2\/posts\/649191\/revisions"}],"wp:featuredmedia":[{"embeddable":true,"href":"https:\/\/www.europesays.com\/es\/wp-json\/wp\/v2\/media\/649192"}],"wp:attachment":[{"href":"https:\/\/www.europesays.com\/es\/wp-json\/wp\/v2\/media?parent=649191"}],"wp:term":[{"taxonomy":"category","embeddable":true,"href":"https:\/\/www.europesays.com\/es\/wp-json\/wp\/v2\/categories?post=649191"},{"taxonomy":"post_tag","embeddable":true,"href":"https:\/\/www.europesays.com\/es\/wp-json\/wp\/v2\/tags?post=649191"}],"curies":[{"name":"wp","href":"https:\/\/api.w.org\/{rel}","templated":true}]}}