{"id":649245,"date":"2026-07-09T09:22:19","date_gmt":"2026-07-09T09:22:19","guid":{"rendered":"https:\/\/www.europesays.com\/es\/649245\/"},"modified":"2026-07-09T09:22:19","modified_gmt":"2026-07-09T09:22:19","slug":"pelayo-gayol-el-geo-asturiano-que-triunfo-en-amazon-prime-presenta-en-la-semana-negra-de-gijon-su-nueva-miniserie-en-las-montanas-de-la-coca-colombiana","status":"publish","type":"post","link":"https:\/\/www.europesays.com\/es\/649245\/","title":{"rendered":"Pelayo Gayol, el GEO asturiano que triunf\u00f3 en Amazon Prime, presenta en la Semana Negra de Gij\u00f3n su nueva miniserie en las monta\u00f1as de la coca colombiana"},"content":{"rendered":"<p class=\"ft-text ft-helper-closenews\">Hay historias que parecen escritas para la <strong>Semana Negra<\/strong> incluso antes de convertirse en un libro o en una serie, la de Pelayo Gayol es una de ellas. Durante casi treinta a\u00f1os ha vivido en el lugar donde terminan las investigaciones y empiezan las decisiones que duran apenas unos segundos.<strong> Inspector del Grupo Especial de Operaciones (GEO)<\/strong>, pas\u00f3 buena parte de su carrera enfrent\u00e1ndose a algunos de los escenarios m\u00e1s complejos de la Polic\u00eda Nacional. Primero fueron los a\u00f1os del terrorismo de ETA, despu\u00e9s llegaron las operaciones contra el crimen organizado y el narcotr\u00e1fico. Ahora, aquella experiencia ha tomado forma en<strong> \u00abPelayo. M\u00e1s all\u00e1 del l\u00edmite\u00bb<\/strong>.<\/p>\n<p class=\"ft-text\">Presentado por el periodista y escritor Carlos Qu\u00edlez, Gayol no acudi\u00f3 a Gij\u00f3n a relatar operaciones espectaculares ni a alimentar la imagen rom\u00e1ntica de las unidades especiales. Su intervenci\u00f3n fue m\u00e1s bien una reflexi\u00f3n sobre <strong>el miedo, la responsabilidad y un conflicto<\/strong> que, cuanto m\u00e1s se observa de cerca, menos admite respuestas sencillas. Por ello, el viaje que propone la serie tampoco empieza con un alijo interceptado en un puerto europeo ni con una redada policial. Empieza miles de kil\u00f3metros antes, <strong>en Colombia<\/strong>, <strong>entre monta\u00f1as cubiertas de cultivos de coca y pueblos donde el Estado apenas tiene presencia<\/strong>. All\u00ed fue Gayol para comprender qu\u00e9 hay detr\u00e1s de una mercanc\u00eda que termina recorriendo medio mundo.<\/p>\n<p class=\"ft-text\"><strong>\u00abLo que me viene a la cabeza es la niebla\u00bb<\/strong>, confes\u00f3 cuando Qu\u00edlez le pregunt\u00f3 qu\u00e9 recuerdo conservaba de aquella experiencia. La imagen resume bien la sensaci\u00f3n con la que regres\u00f3, cuanto m\u00e1s descend\u00eda al origen del narcotr\u00e1fico, m\u00e1s dif\u00edcil resultaba encontrar respuestas, cada explicaci\u00f3n llevaba a otra m\u00e1s compleja y <strong>cada responsable aparec\u00eda condicionado por una realidad mayor<\/strong>. Porque, seg\u00fan explic\u00f3, detr\u00e1s de la coca\u00edna no siempre aparecen hombres armados ni grandes organizaciones criminales. Muchas veces aparecen agricultores o campesinos que cultivan hoja de coca porque <strong>no tienen otra forma de alimentar a sus familias<\/strong>. Personas que plantar\u00edan cualquier otro cultivo si pudieran vivir de \u00e9l. <\/p>\n<p class=\"ft-text\">En muchas zonas de Colombia los campesinos que cultivan hoja de coca porque no tienen otra forma de alimentar a sus familias. Personas que<strong> \u00abplantar\u00edan cualquier otro cultivo si pudieran vivir de \u00e9l\u00bb<\/strong>, asegur\u00f3. El Estado nunca lleg\u00f3 a ocupar poblaciones que terminaron llenando los grupos armados, ellos ofrecen seguridad, controlan el territorio, imponen sus normas y convierten la coca\u00edna en la <strong>principal fuente de financiaci\u00f3n de toda la poblaci\u00f3n<\/strong>. Por eso rechaz\u00f3 cualquier visi\u00f3n simplista del problema. <strong>\u00abNo son mala gente\u00bb<\/strong>, afirm\u00f3 al referirse a quienes trabajan en esos cultivos.<\/p>\n<p class=\"ft-text\">La conversaci\u00f3n regres\u00f3 despu\u00e9s a Espa\u00f1a y al trabajo cotidiano de un GEO. Qu\u00edlez plante\u00f3 una pregunta inevitable, <strong>qu\u00e9 siente alguien que sale de casa sabiendo que quiz\u00e1 no vuelva<\/strong>. Gayol neg\u00f3 que esa idea forme parte de su rutina. <strong>\u00abNo puedes levantarte cada ma\u00f1ana pensando que vas a morir. Ser\u00eda imposible vivir as\u00ed\u00bb<\/strong>, dijo. Lo que existe \u00abes una confianza absoluta en el entrenamiento, en los protocolos y, sobre todo, en el equipo\u00bb, explic\u00f3. En ese momento apareci\u00f3 otra de las palabras que atraves\u00f3 toda la conversaci\u00f3n, el miedo. Lejos de presentarlo como un enemigo, Gayol lo describi\u00f3 como una herramienta imprescindible.<strong> \u00abEl miedo avisa, obliga a mantenerse alerta y recuerda la gravedad de cada situaci\u00f3n, el verdadero riesgo es dejar que te domine\u00bb<\/strong>, explic\u00f3. El miedo m\u00e1s profundo es \u00abfallar a los compa\u00f1eros\u00bb, continu\u00f3, porque el GEO, insisti\u00f3, \u00abnunca trabaja desde el individualismo\u00bb.<\/p>\n<p class=\"ft-text\">La charla volvi\u00f3 de nuevo a Colombia para abordar una cuesti\u00f3n especialmente delicada hoy en d\u00eda como es la<strong> corrupci\u00f3n<\/strong>. Gayol evit\u00f3 establecer comparaciones f\u00e1ciles con Espa\u00f1a y reconoci\u00f3 que en cualquier cuerpo policial existen casos aislados que  representan <strong>una parte m\u00ednima de la profesi\u00f3n<\/strong>. Sin embargo, explic\u00f3 que <strong>\u00abjuzgar con los mismos criterios la realidad colombiana resulta mucho m\u00e1s complicado\u00bb<\/strong>. Relato como conoci\u00f3 a miembros de unidades especiales que hab\u00edan perdido a padre, hermanos o asesinados por organizaciones criminales que trabajan bajo amenazas constantes.<\/p>\n<p class=\"ft-text\">En los minutos finales Carlos Qu\u00edlez abandon\u00f3 el papel de entrevistador para mostrar su visi\u00f3n personal del cuerpo, asegurando que, mientras existan servidores p\u00fablicos como Pelayo Gayol,<strong> \u00ablos ciudadanos podr\u00e1n sentirse un poco m\u00e1s tranquilos\u00bb<\/strong>. El inspector recibi\u00f3 el elogio con la misma humildad y discreci\u00f3n que marc\u00f3 toda la conversaci\u00f3n. Agradeci\u00f3 la invitaci\u00f3n de la Semana Negra y confes\u00f3 sentirse orgulloso de compartir espacio en<strong> \u00absu tierra\u00bb <\/strong>con escritores y lectores. Quiz\u00e1s porque, despu\u00e9s de escucharle durante m\u00e1s de una hora, <strong>resulta evidente que la historia que quer\u00eda contar nunca fue la suya.<\/strong><\/p>\n<p data-close=\"closedContent\" class=\"subscribeHideForDisplay\">Suscr\u00edbete para seguir leyendo<\/p>\n","protected":false},"excerpt":{"rendered":"Hay historias que parecen escritas para la Semana Negra incluso antes de convertirse en un libro o en&hellip;\n","protected":false},"author":2,"featured_media":649246,"comment_status":"","ping_status":"","sticky":false,"template":"","format":"standard","meta":{"footnotes":""},"categories":[171],"tags":[1803,146,147,25,24,76591,1157,591,7337,14834,119264,119263,23,13200,214],"class_list":["post-649245","post","type-post","status-publish","format-standard","has-post-thumbnail","category-tv","tag-colombia","tag-entertainment","tag-entretenimiento","tag-es","tag-espana","tag-gayol","tag-imagen","tag-lucha","tag-narcotrafico","tag-pelayo","tag-semana-negra","tag-semana-negra-de-gijon","tag-spain","tag-traslada","tag-tv"],"share_on_mastodon":{"url":"https:\/\/pubeurope.com\/@es\/116889291916463754","error":""},"_links":{"self":[{"href":"https:\/\/www.europesays.com\/es\/wp-json\/wp\/v2\/posts\/649245","targetHints":{"allow":["GET"]}}],"collection":[{"href":"https:\/\/www.europesays.com\/es\/wp-json\/wp\/v2\/posts"}],"about":[{"href":"https:\/\/www.europesays.com\/es\/wp-json\/wp\/v2\/types\/post"}],"author":[{"embeddable":true,"href":"https:\/\/www.europesays.com\/es\/wp-json\/wp\/v2\/users\/2"}],"replies":[{"embeddable":true,"href":"https:\/\/www.europesays.com\/es\/wp-json\/wp\/v2\/comments?post=649245"}],"version-history":[{"count":0,"href":"https:\/\/www.europesays.com\/es\/wp-json\/wp\/v2\/posts\/649245\/revisions"}],"wp:featuredmedia":[{"embeddable":true,"href":"https:\/\/www.europesays.com\/es\/wp-json\/wp\/v2\/media\/649246"}],"wp:attachment":[{"href":"https:\/\/www.europesays.com\/es\/wp-json\/wp\/v2\/media?parent=649245"}],"wp:term":[{"taxonomy":"category","embeddable":true,"href":"https:\/\/www.europesays.com\/es\/wp-json\/wp\/v2\/categories?post=649245"},{"taxonomy":"post_tag","embeddable":true,"href":"https:\/\/www.europesays.com\/es\/wp-json\/wp\/v2\/tags?post=649245"}],"curies":[{"name":"wp","href":"https:\/\/api.w.org\/{rel}","templated":true}]}}