{"id":649269,"date":"2026-07-09T09:37:10","date_gmt":"2026-07-09T09:37:10","guid":{"rendered":"https:\/\/www.europesays.com\/es\/649269\/"},"modified":"2026-07-09T09:37:10","modified_gmt":"2026-07-09T09:37:10","slug":"la-tenista-ucraniana-kostyuk-reacciona-a-la-decision-del-coi-de-levantar-el-veto-a-rusia-esta-muy-lejos-de-ser-juego-limpio","status":"publish","type":"post","link":"https:\/\/www.europesays.com\/es\/649269\/","title":{"rendered":"La tenista ucraniana Kostyuk reacciona a la decisi\u00f3n del COI de levantar el veto a Rusia: \u00abEst\u00e1 muy lejos de ser juego limpio\u00bb"},"content":{"rendered":"<p class=\"c-paragraph\">El <a href=\"https:\/\/www.20minutos.es\/tags\/deportes\/coi.html\" title=\"COI\" rel=\"nofollow noopener\" target=\"_blank\">Comit\u00e9 Ol\u00edmpico Internacional (COI)<\/a> acord\u00f3 este martes revocar de forma provisional la suspensi\u00f3n al Comit\u00e9 Ol\u00edmpico Ruso (COR) y recomendar a las federaciones internacionales que supriman las restricciones a los deportistas rusos derivadas de la guerra de Ucrania y del programa de dopaje, <b>permitiendo as\u00ed que sus deportistas puedan clasificarse\u00a0para los Juegos Ol\u00edmpicos de Los \u00c1ngeles<\/b> (Estados Unidos) de 2028.<\/p>\n<p class=\"c-paragraph\">Tras darse a conocer esta decisi\u00f3n,<b> la tenista ucraniana Marta Kostyuk se pronunci\u00f3 en rueda de prensa<\/b> despu\u00e9s de clasificarse para las semifinales de Wimbledon y lo hizo con una rotunda reflexi\u00f3n.<\/p>\n<p class=\"c-paragraph\">\u00abMe parece terrible y creo que<b> est\u00e1 muy lejos de ser juego limpio para todos los pa\u00edses involucrados, <\/b>no s\u00f3lo para Ucrania. Estoy totalmente en desacuerdo con esta decisi\u00f3n, pero creo que mucha gente se ha manifestado al respecto\u00bb, apunt\u00f3.<\/p>\n<p class=\"c-paragraph\">La jugadora no cree que \u00abnada vaya a cambiar\u00bb. \u00abS\u00f3lo quiero salir a la pista y, con suerte, <b>vencer a todas las rusas contra las que juegue en los Juegos Ol\u00edmpicos, <\/b>y eso es todo\u00bb, asever\u00f3 la n\u00famero 13 del ranking mundial.<\/p>\n<p class=\"c-paragraph\">Kostyk advirti\u00f3 que plantear\u00e1 \u00abalgo al respecto\u00bb a la Federaci\u00f3n Internacional de Tenis (ITF), que es la que debe dar el visto bueno final. \u00abDefinitivamente, no har\u00e9 esto antes de mi semifinal, pero <b>tal vez pueda hablar un poco m\u00e1s sobre esto en los Estados Unidos o donde sea,<\/b> cuando tenga tiempo para hablar con el equipo, con las chicas, con el Gobierno y ver qu\u00e9 vamos a hacer al respecto. Pero por ahora, no es algo en lo que est\u00e9 concentrada\u00bb, sentenci\u00f3.<\/p>\n","protected":false},"excerpt":{"rendered":"El Comit\u00e9 Ol\u00edmpico Internacional (COI) acord\u00f3 este martes revocar de forma provisional la suspensi\u00f3n al Comit\u00e9 Ol\u00edmpico Ruso&hellip;\n","protected":false},"author":2,"featured_media":649270,"comment_status":"","ping_status":"","sticky":false,"template":"","format":"standard","meta":{"footnotes":""},"categories":[274],"tags":[2347,168,25,24,54387,6461,23,167,327,6811,326,32249],"class_list":["post-649269","post","type-post","status-publish","format-standard","has-post-thumbnail","category-tenis","tag-decision","tag-deportes","tag-es","tag-espana","tag-kostyuk","tag-reacciona","tag-spain","tag-sports","tag-tenis","tag-tenista","tag-tennis","tag-ucraniana"],"share_on_mastodon":{"url":"https:\/\/pubeurope.com\/@es\/116889351029441234","error":""},"_links":{"self":[{"href":"https:\/\/www.europesays.com\/es\/wp-json\/wp\/v2\/posts\/649269","targetHints":{"allow":["GET"]}}],"collection":[{"href":"https:\/\/www.europesays.com\/es\/wp-json\/wp\/v2\/posts"}],"about":[{"href":"https:\/\/www.europesays.com\/es\/wp-json\/wp\/v2\/types\/post"}],"author":[{"embeddable":true,"href":"https:\/\/www.europesays.com\/es\/wp-json\/wp\/v2\/users\/2"}],"replies":[{"embeddable":true,"href":"https:\/\/www.europesays.com\/es\/wp-json\/wp\/v2\/comments?post=649269"}],"version-history":[{"count":0,"href":"https:\/\/www.europesays.com\/es\/wp-json\/wp\/v2\/posts\/649269\/revisions"}],"wp:featuredmedia":[{"embeddable":true,"href":"https:\/\/www.europesays.com\/es\/wp-json\/wp\/v2\/media\/649270"}],"wp:attachment":[{"href":"https:\/\/www.europesays.com\/es\/wp-json\/wp\/v2\/media?parent=649269"}],"wp:term":[{"taxonomy":"category","embeddable":true,"href":"https:\/\/www.europesays.com\/es\/wp-json\/wp\/v2\/categories?post=649269"},{"taxonomy":"post_tag","embeddable":true,"href":"https:\/\/www.europesays.com\/es\/wp-json\/wp\/v2\/tags?post=649269"}],"curies":[{"name":"wp","href":"https:\/\/api.w.org\/{rel}","templated":true}]}}