{"id":649294,"date":"2026-07-09T09:52:14","date_gmt":"2026-07-09T09:52:14","guid":{"rendered":"https:\/\/www.europesays.com\/es\/649294\/"},"modified":"2026-07-09T09:52:14","modified_gmt":"2026-07-09T09:52:14","slug":"la-bonoloto-reparte-casi-40-000-euros-en-un-pueblo-de-castilla-y-leon","status":"publish","type":"post","link":"https:\/\/www.europesays.com\/es\/649294\/","title":{"rendered":"La Bonoloto reparte casi 40.000 euros en un pueblo de Castilla y Le\u00f3n"},"content":{"rendered":"<p class=\"v-d-p\" style=\"\">Un boleto sellado en <strong>Ponferrada<\/strong> ha resultado agraciado con el premio de segunda categor\u00eda del <strong>sorteo de la Bonoloto celebrado este mi\u00e9rcoles, 8 de julio, dotado con 38.583,18 euros<\/strong>. El resguardo fue validado en la <strong>administraci\u00f3n de loter\u00edas n\u00famero 6, ubicada en el Centro Comercial El Rosal, en la Avenida de la Constituci\u00f3n<\/strong>, y se encuentra entre los cuatro acertantes de cinco n\u00fameros m\u00e1s el complementario.<\/p>\n<p class=\"v-d-p\" style=\"\"><strong>La combinaci\u00f3n ganadora estuvo formada por los n\u00fameros 26, 7, 30, 40, 21 y 6, con el 9 como complementario y el 7 como reintegro<\/strong>.<\/p>\n<p class=\"v-d-p\" style=\"\">Al no haberse registrado acertantes de primera categor\u00eda, el pr\u00f3ximo sorteo contar\u00e1 con un bote acumulado de un mill\u00f3n de euros.<\/p>\n","protected":false},"excerpt":{"rendered":"Un boleto sellado en Ponferrada ha resultado agraciado con el premio de segunda categor\u00eda del sorteo de la&hellip;\n","protected":false},"author":2,"featured_media":649295,"comment_status":"","ping_status":"","sticky":false,"template":"","format":"standard","meta":{"footnotes":""},"categories":[80],"tags":[98458,580,82,4107,95,94,25,24,1557,4108,4899,13399,23],"class_list":["post-649294","post","type-post","status-publish","format-standard","has-post-thumbnail","category-economia","tag-98458","tag-bonoloto","tag-business","tag-castilla","tag-economia","tag-economy","tag-es","tag-espana","tag-euros","tag-leon","tag-pueblo","tag-reparte","tag-spain"],"share_on_mastodon":{"url":"https:\/\/pubeurope.com\/@es\/116889409776113512","error":""},"_links":{"self":[{"href":"https:\/\/www.europesays.com\/es\/wp-json\/wp\/v2\/posts\/649294","targetHints":{"allow":["GET"]}}],"collection":[{"href":"https:\/\/www.europesays.com\/es\/wp-json\/wp\/v2\/posts"}],"about":[{"href":"https:\/\/www.europesays.com\/es\/wp-json\/wp\/v2\/types\/post"}],"author":[{"embeddable":true,"href":"https:\/\/www.europesays.com\/es\/wp-json\/wp\/v2\/users\/2"}],"replies":[{"embeddable":true,"href":"https:\/\/www.europesays.com\/es\/wp-json\/wp\/v2\/comments?post=649294"}],"version-history":[{"count":0,"href":"https:\/\/www.europesays.com\/es\/wp-json\/wp\/v2\/posts\/649294\/revisions"}],"wp:featuredmedia":[{"embeddable":true,"href":"https:\/\/www.europesays.com\/es\/wp-json\/wp\/v2\/media\/649295"}],"wp:attachment":[{"href":"https:\/\/www.europesays.com\/es\/wp-json\/wp\/v2\/media?parent=649294"}],"wp:term":[{"taxonomy":"category","embeddable":true,"href":"https:\/\/www.europesays.com\/es\/wp-json\/wp\/v2\/categories?post=649294"},{"taxonomy":"post_tag","embeddable":true,"href":"https:\/\/www.europesays.com\/es\/wp-json\/wp\/v2\/tags?post=649294"}],"curies":[{"name":"wp","href":"https:\/\/api.w.org\/{rel}","templated":true}]}}