{"id":649299,"date":"2026-07-09T09:55:34","date_gmt":"2026-07-09T09:55:34","guid":{"rendered":"https:\/\/www.europesays.com\/es\/649299\/"},"modified":"2026-07-09T09:55:34","modified_gmt":"2026-07-09T09:55:34","slug":"tres-aviones-por-separado-en-menos-de-dos-horas-para-llevar-a-sanchez-robles-y-albares-a-la-cumbre-de-la-otan","status":"publish","type":"post","link":"https:\/\/www.europesays.com\/es\/649299\/","title":{"rendered":"Tres aviones por separado en menos de dos horas para llevar a S\u00e1nchez, Robles y Albares a la cumbre de la OTAN"},"content":{"rendered":"<p style=\"\">Tres aviones del Ej\u00e9rcito del Aire y del Espacio con configuraci\u00f3n para el transporte de personalidades VIP aterrizaron este martes al mediod\u00eda en el aeropuerto turco de Etimesgust, en la ciudad de Ankara. En ellos, seg\u00fan ha podido saber ABC, <strong>viajaban los tres representantes del <\/strong> &#8230; <strong>Gobierno<\/strong> de Espa\u00f1a que han participado en la cumbre de la OTAN: Pedro S\u00e1nchez, Jos\u00e9 Manuel Albares y Margarita Robles. Fuentes de Moncloa lo tachan de \u00abprocedimiento habitual\u00bb.<\/p>\n<p class=\"v-d-p\" style=\"\">La presencia de tres aeronaves oficiales para <strong>hacer un mismo viaje<\/strong> sorprende, ya que lo normal, excepto en los casos en los que viajen el Rey y la Princesa Leonor, que no pueden compartir el mismo aparato por cuestiones de seguridad, todas las autoridades que se desplazan a un mismo lugar comparten el m\u00e9todo de transporte. Incluso cuando las agendas no son completamente id\u00e9nticas, Defensa intenta que se utilice un mismo avi\u00f3n para optimizar recursos.<\/p>\n<p class=\"v-d-p\" style=\"\">En esta ocasi\u00f3n, sin embargo, el Gobierno ha actuado de forma completamente distinta. Dos Falcon, los aviones m\u00e1s peque\u00f1os de los que dispone el Ala 45 del Ej\u00e9rcito del Aire, y un Airbus A310, el m\u00e1s grande para el transporte de autoridades, <strong>partieron de la misma base de Torrej\u00f3n de Ardoz entre las 11.09 de la ma\u00f1ana y las 12.48<\/strong>. Los tres aterrizaron en el aeropuerto de Ankara, donde se ha celebrado la cumbre, con 1 hora y 45 minutos de diferencia.<\/p>\n<ul class=\"v-cmp-rld__u\">\n<li class=\"v-cmp-rld__l\">\n<p><a class=\"v-a-lnk\" href=\"http:\/\/www.abc.es\/espana\/sanchez-llega-debilitado-cumbre-otan-20260707200941-nt.html#vtm_modulosEngag=noticiasrelacionadas-cmp-uno:espana:noticia:1\" data-voc-vtm-id=\"in-text-traffic\" rel=\"nofollow noopener\" target=\"_blank\"><br \/>\n<img decoding=\"async\" loading=\"lazy\" src=\"https:\/\/www.europesays.com\/es\/wp-content\/uploads\/2026\/07\/sanchez-avion (1)-kE2E-U03826367380Mne-366x256@diario_abc.JPG\" class=\"v-a-img\" width=\"258\" height=\"180\" alt=\"S\u00e1nchez llega debilitado a la cumbre de la OTAN\"\/><br \/>\n                                      <\/a><\/p>\n<\/li>\n<\/ul>\n<p class=\"v-d-p\" style=\"\">El primero en despegar de Madrid y aterrizar en Turqu\u00eda fue el ministro de Asuntos Exteriores, Jos\u00e9 Manuel Albares, en un vuelo que le supuso un tiempo de viaje de 3 horas y 36 minutos. Robles fue la segunda en volar y tuvo que estar dentro del avi\u00f3n 3 horas y 47 minutos. Ambos emplearon un avi\u00f3n para capacidad de una decena de personas. El \u00faltimo en realizar el viaje fue el presidente del Gobierno que, con <strong>un avi\u00f3n para 80 pasajeros<\/strong>, que tard\u00f3 3 horas y 43 minutos en recorrer los 3.105 kil\u00f3metros de distancia. Cabe recordar que los planes iniciales eran que, junto a \u00e9l, viajase su esposa, Bego\u00f1a G\u00f3mez. Debido a las medidas cautelares que le impuso el juez, G\u00f3mez no pudo viajar.<\/p>\n<p class=\"v-d-p\" style=\"\">El uso de las tres aeronaves para hacer una misma ruta, pudiendo haber empleado un \u00fanico avi\u00f3n para ello, <strong>supone un coste de aproximadamente 36.400 euros de ida y 36.400 m\u00e1s para la vuelta<\/strong>. Eso incluye el combustible, las tasas de aterrizaje y de recargo internacional, la tripulaci\u00f3n -miembros del Ej\u00e9rcito, que han tenido que hacer noche all\u00ed, ya que los aviones han pernoctado en Turqu\u00eda-, el catering y la navegaci\u00f3n a\u00e9rea. Otras dos cifras llamativas es la cantidad de litros de combustible requeridos, 25.852 litros por cada uno de los desplazamientos seg\u00fan la estimaci\u00f3n del portal FalconDespega y las 72,09 toneladas de CO2 emitidas a la atmosfera, lo mismo que seis coches circulando durante un a\u00f1o entero.<\/p>\n<p><img decoding=\"async\" loading=\"lazy\" src=\"https:\/\/www.europesays.com\/es\/wp-content\/uploads\/2026\/07\/captura2-U05686362251Xyc-680x476@diario_abc.jpg\" class=\"v-a-img\" width=\"680\" height=\"478\" alt=\"La ruta del avi\u00f3n de Robles\" data-voc-vtm-id=\"in-text-traffic\"\/><\/p>\n<p>La ruta del avi\u00f3n de Robles.<\/p>\n<p>(FalconDespega)<\/p>\n<p><img decoding=\"async\" loading=\"lazy\" src=\"https:\/\/www.europesays.com\/es\/wp-content\/uploads\/2026\/07\/captura3-U12850488138Ybz-680x476@diario_abc.jpg\" class=\"v-a-img\" width=\"680\" height=\"478\" alt=\"La ruta del avi\u00f3n de Albares\" data-voc-vtm-id=\"in-text-traffic\"\/><\/p>\n<p>La ruta del avi\u00f3n de Albares.<\/p>\n<p>(FalconDespega)<\/p>\n<p class=\"v-d-p\" style=\"\">El registro de llegadas del aeropuerto de Etimesgust, el que utilizaron todas las delegaciones para llegar a la cumbre, muestra como <strong>Espa\u00f1a fue el pa\u00eds con un mayor despliegue<\/strong> para el transporte de sus autoridades, solo por detr\u00e1s de los Estados Unidos, que habitualmente desplaza varios aviones para mover tambi\u00e9n el helic\u00f3ptero y los veh\u00edculos oficiales con los que se desplaza Donald Trump. La mayor\u00eda utilizaron un \u00fanico avi\u00f3n para sus delegaciones, con excepciones como Alemania, con dos ya que su ministro de Exteriores, Johann Wadephul, ven\u00eda directamente de un viaje oficial en Tel Aviv y el canciller viajaba desde Berl\u00edn.<\/p>\n<p><img decoding=\"async\" loading=\"lazy\" src=\"https:\/\/www.europesays.com\/es\/wp-content\/uploads\/2026\/07\/419fff60-632e-4011-9efe-992f7f49365b-U07248417181qhx-680x476@diario_abc.jpg\" class=\"v-a-img\" width=\"680\" height=\"478\" alt=\"El registro de llegadas con los aviones de Espa\u00f1a, Dinamarca y Alemania\" data-voc-vtm-id=\"in-text-traffic\"\/><\/p>\n<p>El registro de llegadas con los aviones de Espa\u00f1a, Dinamarca y Alemania.<\/p>\n<p>(ABC)<\/p>\n<p>\nAgenda pr\u00e1cticamente id\u00e9ntica\n<\/p>\n<p class=\"v-d-p\" style=\"\">Los tres miembros del Gobierno que viajaron a Ankara lo hicieron con una <strong>agenda pr\u00e1cticamente id\u00e9ntica<\/strong>. S\u00e1nchez, antes de volar, presidi\u00f3 el Consejo de Ministros en el que participaron Albares y Robles. Todos se marcharon una vez finalizada la reuni\u00f3n semanal del Ejecutivo, sin ning\u00fan otro compromiso entre medias que les imposibilitara viajar en un mismo avi\u00f3n. Ya en Turqu\u00eda Albares s\u00ed ten\u00eda el primer acto a las 16.00, Robles a las 17.00 y S\u00e1nchez a las 18.15. La agenda de ayer mi\u00e9rcoles, d\u00eda en el que finaliz\u00f3 la cumbre, fue la misma para todos, excepto para Robles, que ten\u00eda un almuerzo a las 14.00 que previsiblemente finaliz\u00f3 a la misma hora que S\u00e1nchez terminaba la rueda de prensa, pasadas las 16.00.<\/p>\n","protected":false},"excerpt":{"rendered":"Tres aviones del Ej\u00e9rcito del Aire y del Espacio con configuraci\u00f3n para el transporte de personalidades VIP aterrizaron&hellip;\n","protected":false},"author":2,"featured_media":649300,"comment_status":"","ping_status":"","sticky":false,"template":"","format":"standard","meta":{"footnotes":""},"categories":[5],"tags":[33999,4483,17,18,3563,25,24,13,14,582,11,19,20,11787,9,10,15,16,1613,18517,199,23,12,603,21,22],"class_list":["post-649299","post","type-post","status-publish","format-standard","has-post-thumbnail","category-titulares","tag-albares","tag-aviones","tag-breaking-news","tag-breakingnews","tag-cumbre","tag-es","tag-espana","tag-featured-news","tag-featurednews","tag-gobierno","tag-headlines","tag-latest-news","tag-latestnews","tag-manda","tag-news","tag-noticias","tag-noticias-destacadas","tag-noticiasdestacadas","tag-otan","tag-robles","tag-sanchez","tag-spain","tag-titulares","tag-tres","tag-ultimas-noticias","tag-ultimasnoticias"],"share_on_mastodon":{"url":"https:\/\/pubeurope.com\/@es\/116889422481877758","error":""},"_links":{"self":[{"href":"https:\/\/www.europesays.com\/es\/wp-json\/wp\/v2\/posts\/649299","targetHints":{"allow":["GET"]}}],"collection":[{"href":"https:\/\/www.europesays.com\/es\/wp-json\/wp\/v2\/posts"}],"about":[{"href":"https:\/\/www.europesays.com\/es\/wp-json\/wp\/v2\/types\/post"}],"author":[{"embeddable":true,"href":"https:\/\/www.europesays.com\/es\/wp-json\/wp\/v2\/users\/2"}],"replies":[{"embeddable":true,"href":"https:\/\/www.europesays.com\/es\/wp-json\/wp\/v2\/comments?post=649299"}],"version-history":[{"count":0,"href":"https:\/\/www.europesays.com\/es\/wp-json\/wp\/v2\/posts\/649299\/revisions"}],"wp:featuredmedia":[{"embeddable":true,"href":"https:\/\/www.europesays.com\/es\/wp-json\/wp\/v2\/media\/649300"}],"wp:attachment":[{"href":"https:\/\/www.europesays.com\/es\/wp-json\/wp\/v2\/media?parent=649299"}],"wp:term":[{"taxonomy":"category","embeddable":true,"href":"https:\/\/www.europesays.com\/es\/wp-json\/wp\/v2\/categories?post=649299"},{"taxonomy":"post_tag","embeddable":true,"href":"https:\/\/www.europesays.com\/es\/wp-json\/wp\/v2\/tags?post=649299"}],"curies":[{"name":"wp","href":"https:\/\/api.w.org\/{rel}","templated":true}]}}